{"id":104378,"date":"2023-11-01T20:21:40","date_gmt":"2023-11-01T20:21:40","guid":{"rendered":"https:\/\/enolife.com.ar\/es\/?p=104378"},"modified":"2023-11-03T16:29:17","modified_gmt":"2023-11-03T16:29:17","slug":"rio-negro-recupero-la-antigua-bodega-la-reginense-como-museo-donde-conviven-la-sidra-y-el-vino","status":"publish","type":"post","link":"https:\/\/enolife.com.ar\/es\/rio-negro-recupero-la-antigua-bodega-la-reginense-como-museo-donde-conviven-la-sidra-y-el-vino\/","title":{"rendered":"R\u00edo Negro recuper\u00f3 la antigua bodega La Reginense como museo donde conviven la sidra y el vino"},"content":{"rendered":"\n<h4 class=\"wp-block-heading\"><em><strong>El 25 de octubre se inaugur\u00f3 en la ciudad de Villa Regina, provincia de R\u00edo Negro, un nuevo atractivo para fortalecer los circuitos enotur\u00edsticos de la regi\u00f3n. El Museo de la Sidra y el Vino, que mantiene la fachada original de la bodega La Reginense, se ubica en los Caminos del Vino de R\u00edo Negro, en el que convergen 12 bodegas que se extienden desde la cordillera de los Andes hasta el Oce\u00e1no Atl\u00e1ntico, pasando por f\u00e9rtiles valles.<\/strong><\/em><\/h4>\n\n\n\n<div style=\"height:35px\" aria-hidden=\"true\" class=\"wp-block-spacer\"><\/div>\n\n\n<a href=\"https:\/\/www.linkedin.com\/company\/agrinet-sa\/?originalSubdomain=ar\" aria-label=\"1700X500\"><img loading=\"lazy\" decoding=\"async\" src=\"https:\/\/enolife.com.ar\/es\/wp-content\/uploads\/2021\/11\/1700X500.gif\" alt=\"\"  width=\"1700\" height=\"500\"   \/><\/a>\n\n\n<div style=\"height:45px\" aria-hidden=\"true\" class=\"wp-block-spacer\"><\/div>\n\n\n\n<p>En el <strong>Museo de la Sidra y el Vino de R\u00edo Negro<\/strong>, recientemente inaugurado, los visitantes se encontrar\u00e1n con un espacio renovado que, sin embargo, mantiene un tinte hist\u00f3rico, no s\u00f3lo a trav\u00e9s de los objetos expuestos sino tambi\u00e9n gracias a una parte de la infraestructura que recupera la fachada original de la <strong>Bodega La Reginense<\/strong>. All\u00ed, aparte de la exposici\u00f3n de objetos y herramientas propios de la vitivinicultura, se suman reliquias como botellas de m\u00e1s de un siglo y etiquetas antiguas de la tradicional <strong>Cooperativa La Reginense.<\/strong><\/p>\n\n\n\n<div style=\"height:30px\" aria-hidden=\"true\" class=\"wp-block-spacer\"><\/div>\n\n\n\n<figure class=\"wp-block-gallery has-nested-images columns-default is-cropped wp-block-gallery-1 is-layout-flex wp-block-gallery-is-layout-flex\">\n<figure class=\"wp-block-image size-full\"><a href=\"https:\/\/enolife.com.ar\/es\/wp-content\/uploads\/2023\/10\/museo12-1.jpg\" data-rel=\"penci-gallery-image-content\" ><img loading=\"lazy\" decoding=\"async\" width=\"620\" height=\"368\" data-id=\"104464\" src=\"https:\/\/enolife.com.ar\/es\/wp-content\/uploads\/2023\/10\/museo12-1.jpg\" alt=\"\" class=\"wp-image-104464\" srcset=\"https:\/\/enolife.com.ar\/es\/wp-content\/uploads\/2023\/10\/museo12-1.jpg 620w, https:\/\/enolife.com.ar\/es\/wp-content\/uploads\/2023\/10\/museo12-1-300x178.jpg 300w, https:\/\/enolife.com.ar\/es\/wp-content\/uploads\/2023\/10\/museo12-1-585x347.jpg 585w\" sizes=\"auto, (max-width: 620px) 100vw, 620px\" \/><\/a><figcaption class=\"wp-element-caption\"><em><strong>Antes<\/strong><\/em><\/figcaption><\/figure>\n\n\n\n<figure class=\"wp-block-image size-full\"><a href=\"https:\/\/enolife.com.ar\/es\/wp-content\/uploads\/2023\/10\/Museo-de-la-Sidra-y-el-Vino-.jpg\" data-rel=\"penci-gallery-image-content\" ><img loading=\"lazy\" decoding=\"async\" width=\"473\" height=\"280\" data-id=\"104465\" src=\"https:\/\/enolife.com.ar\/es\/wp-content\/uploads\/2023\/10\/Museo-de-la-Sidra-y-el-Vino-.jpg\" alt=\"\" class=\"wp-image-104465\" srcset=\"https:\/\/enolife.com.ar\/es\/wp-content\/uploads\/2023\/10\/Museo-de-la-Sidra-y-el-Vino-.jpg 473w, https:\/\/enolife.com.ar\/es\/wp-content\/uploads\/2023\/10\/Museo-de-la-Sidra-y-el-Vino--300x178.jpg 300w\" sizes=\"auto, (max-width: 473px) 100vw, 473px\" \/><\/a><figcaption class=\"wp-element-caption\"><em><strong>Ahora<\/strong><\/em><\/figcaption><\/figure>\n<\/figure>\n\n\n\n<div style=\"height:30px\" aria-hidden=\"true\" class=\"wp-block-spacer\"><\/div>\n\n\n\n<p>Las instalaciones est\u00e1n ornamentadas con fotos antiguas y objetos de arte que fueron hallados en el antiguo edificio de la ya desaparecida empresa, muchos de ellos recuperados por la comuna local y otros donados por los vecinos, con el objetivo de reflejar el paisaje de Villa Regina y la actividad vitivin\u00edcola. Tambi\u00e9n esta exhibida una colecci\u00f3n de im\u00e1genes, mapas y postales de la localidad y de su festividad m\u00e1s representativa: la Vendimia.<\/p>\n\n\n\n<p>Es este marco, el Museo tambi\u00e9n cuenta con una importante muestra de elementos utilizados por los trabajadores para la cosecha de la uva y otras frutas de ese valle, as\u00ed como distintos elementos agr\u00edcolas vinculados a la actividad chacarera en general.<\/p>\n\n\n\n<div style=\"height:30px\" aria-hidden=\"true\" class=\"wp-block-spacer\"><\/div>\n\n\n<div class=\"wp-block-image\">\n<figure class=\"aligncenter size-full is-resized\"><a href=\"https:\/\/enolife.com.ar\/es\/wp-content\/uploads\/2023\/10\/f768x1-148599_148726_6.jpg\" data-rel=\"penci-gallery-image-content\" ><img loading=\"lazy\" decoding=\"async\" src=\"https:\/\/enolife.com.ar\/es\/wp-content\/uploads\/2023\/10\/f768x1-148599_148726_6.jpg\" alt=\"\" class=\"wp-image-104457\" width=\"648\" height=\"399\" srcset=\"https:\/\/enolife.com.ar\/es\/wp-content\/uploads\/2023\/10\/f768x1-148599_148726_6.jpg 768w, https:\/\/enolife.com.ar\/es\/wp-content\/uploads\/2023\/10\/f768x1-148599_148726_6-300x185.jpg 300w, https:\/\/enolife.com.ar\/es\/wp-content\/uploads\/2023\/10\/f768x1-148599_148726_6-585x360.jpg 585w\" sizes=\"auto, (max-width: 648px) 100vw, 648px\" \/><\/a><figcaption class=\"wp-element-caption\"><em><strong> Elementos utilizados por los trabajadores para la cosecha de la uva y otros frutos<\/strong><\/em>.<\/figcaption><\/figure><\/div>\n\n\n<div style=\"height:30px\" aria-hidden=\"true\" class=\"wp-block-spacer\"><\/div>\n\n\n\n<p>Por otra parte, entre los principales atractivos de este lugar se encuentra un laboratorio que fue recreado a fin de reproducir la labor de los en\u00f3logos en d\u00e9cadas pasadas, mientras que tambi\u00e9n se hizo lo propio con una oficina administrativa donde se exhiben antiguos elementos que eran utilizados en la bodega, como calculadoras y m\u00e1quinas de escribir.<\/p>\n\n\n\n<p>El proyecto de construcci\u00f3n y reacondicionamiento de la edificaci\u00f3n existente fue posible gracias a la gesti\u00f3n de fondos pertinentes por parte del <strong>Ministerio de Turismo y Deportes de la Naci\u00f3n<\/strong>, mientras que el <strong>gobierno rionegrino<\/strong> realiz\u00f3 su propia contribuci\u00f3n mediante aportes de la <strong>Ley provincial de Infraestructura Tur\u00edstica.<\/strong><\/p>\n\n\n\n<p>Las tareas ejecutadas, a cargo de la empresa constructora SIA SRL, estuvieron destinadas a crear un espacio para difundir la historia, los m\u00e9todos productivos y el presente de la actividad bodeguera y de la producci\u00f3n de vinos, sidras y espumantes de la regi\u00f3n. Para ello se realizaron diferentes obras como la puesta en valor en la antigua zona de estacionamiento para la disposici\u00f3n de una sala de exposiciones y se dot\u00f3 de servicios al espacio, as\u00ed como tambi\u00e9n se realiz\u00f3 la parquizaci\u00f3n del \u00e1rea externa.<\/p>\n\n\n\n<div style=\"height:30px\" aria-hidden=\"true\" class=\"wp-block-spacer\"><\/div>\n\n\n<div class=\"wp-block-image\">\n<figure class=\"aligncenter size-full is-resized\"><a href=\"https:\/\/enolife.com.ar\/es\/wp-content\/uploads\/2023\/10\/md.jpg\" data-rel=\"penci-gallery-image-content\" ><img loading=\"lazy\" decoding=\"async\" src=\"https:\/\/enolife.com.ar\/es\/wp-content\/uploads\/2023\/10\/md.jpg\" alt=\"\" class=\"wp-image-104456\" width=\"652\" height=\"382\" srcset=\"https:\/\/enolife.com.ar\/es\/wp-content\/uploads\/2023\/10\/md.jpg 852w, https:\/\/enolife.com.ar\/es\/wp-content\/uploads\/2023\/10\/md-300x176.jpg 300w, https:\/\/enolife.com.ar\/es\/wp-content\/uploads\/2023\/10\/md-768x451.jpg 768w, https:\/\/enolife.com.ar\/es\/wp-content\/uploads\/2023\/10\/md-585x343.jpg 585w\" sizes=\"auto, (max-width: 652px) 100vw, 652px\" \/><\/a><figcaption class=\"wp-element-caption\"><em><strong>Antigua fachada de la Cooperativa La Reginense, hoy remodelada.<\/strong><\/em><\/figcaption><\/figure><\/div>\n\n\n<div style=\"height:30px\" aria-hidden=\"true\" class=\"wp-block-spacer\"><\/div>\n\n\n\n<p>De esta manera, la obra se suma a las m\u00e1s de 20 que ejecut\u00f3 el Gobierno de R\u00edo Negro en todo el territorio provincial con la finalidad de generar un impacto positivo en cada una de las regiones mediante la creaci\u00f3n de nuevos atractivos y entornos amigables, as\u00ed como tambi\u00e9n la mejora en la cantidad y calidad de servicios.<\/p>\n\n\n\n<div style=\"height:30px\" aria-hidden=\"true\" class=\"wp-block-spacer\"><\/div>\n\n\n\n<figure class=\"wp-block-embed aligncenter is-type-video is-provider-youtube wp-block-embed-youtube wp-embed-aspect-16-9 wp-has-aspect-ratio\"><div class=\"wp-block-embed__wrapper\">\n<iframe loading=\"lazy\" title=\"Museo de la Sidra y el Vino: un espacio sobre la historia vitivin\u00edcola\" width=\"1170\" height=\"658\" src=\"https:\/\/www.youtube.com\/embed\/1b8rDNwpv_0?start=1&#038;feature=oembed\" frameborder=\"0\" allow=\"accelerometer; autoplay; clipboard-write; encrypted-media; gyroscope; picture-in-picture; web-share\" allowfullscreen><\/iframe>\n<\/div><\/figure>\n\n\n\n<div style=\"height:30px\" aria-hidden=\"true\" class=\"wp-block-spacer\"><\/div>\n\n\n\n<p class=\"has-small-font-size\"><em><strong>Fuente: Gobierno de Rio Negro<\/strong><\/em><strong><em> <\/em><\/strong><\/p>\n\n\n\n<div style=\"height:30px\" aria-hidden=\"true\" class=\"wp-block-spacer\"><\/div>\n","protected":false},"excerpt":{"rendered":"<p>El 25 de octubre se inaugur\u00f3 en la ciudad de Villa Regina, provincia de R\u00edo&hellip;<\/p>\n","protected":false},"author":3,"featured_media":104459,"comment_status":"open","ping_status":"open","sticky":false,"template":"","format":"standard","meta":{"footnotes":""},"categories":[11],"tags":[],"class_list":["post-104378","post","type-post","status-publish","format-standard","has-post-thumbnail","hentry","category-enoturismo"],"_links":{"self":[{"href":"https:\/\/enolife.com.ar\/es\/wp-json\/wp\/v2\/posts\/104378","targetHints":{"allow":["GET"]}}],"collection":[{"href":"https:\/\/enolife.com.ar\/es\/wp-json\/wp\/v2\/posts"}],"about":[{"href":"https:\/\/enolife.com.ar\/es\/wp-json\/wp\/v2\/types\/post"}],"author":[{"embeddable":true,"href":"https:\/\/enolife.com.ar\/es\/wp-json\/wp\/v2\/users\/3"}],"replies":[{"embeddable":true,"href":"https:\/\/enolife.com.ar\/es\/wp-json\/wp\/v2\/comments?post=104378"}],"version-history":[{"count":0,"href":"https:\/\/enolife.com.ar\/es\/wp-json\/wp\/v2\/posts\/104378\/revisions"}],"wp:featuredmedia":[{"embeddable":true,"href":"https:\/\/enolife.com.ar\/es\/wp-json\/wp\/v2\/media\/104459"}],"wp:attachment":[{"href":"https:\/\/enolife.com.ar\/es\/wp-json\/wp\/v2\/media?parent=104378"}],"wp:term":[{"taxonomy":"category","embeddable":true,"href":"https:\/\/enolife.com.ar\/es\/wp-json\/wp\/v2\/categories?post=104378"},{"taxonomy":"post_tag","embeddable":true,"href":"https:\/\/enolife.com.ar\/es\/wp-json\/wp\/v2\/tags?post=104378"}],"curies":[{"name":"wp","href":"https:\/\/api.w.org\/{rel}","templated":true}]}}