{"id":104199,"date":"2023-10-29T00:25:58","date_gmt":"2023-10-29T00:25:58","guid":{"rendered":"https:\/\/enolife.com.ar\/es\/?p=104199"},"modified":"2023-11-01T21:02:44","modified_gmt":"2023-11-01T21:02:44","slug":"como-gestionar-el-agua-ante-la-crisis-hidrica-en-un-congreso-internacional-en-mendoza-el-23-y-24-11","status":"publish","type":"post","link":"https:\/\/enolife.com.ar\/es\/como-gestionar-el-agua-ante-la-crisis-hidrica-en-un-congreso-internacional-en-mendoza-el-23-y-24-11\/","title":{"rendered":"C\u00f3mo gestionar el agua ante la crisis h\u00eddrica, en un Congreso internacional en Mendoza el 23 y 24\/11"},"content":{"rendered":"\n<h4 class=\"wp-block-heading\"><em><strong>La 4ta edici\u00f3n del Congreso Internacional Agua para el Futuro, este a\u00f1o enfocado en \u201cHerramientas para la gesti\u00f3n futura del agua\u00bb, est\u00e1 organizada por el Gobierno de Mendoza y el Departamento General de Irrigaci\u00f3n, en colaboraci\u00f3n con la Universidad Nacional de Cuyo y la Municipalidad de la Ciudad. Tendr\u00e1 lugar los pr\u00f3ximos d\u00edas 23 y 24\/11 en la Nave Cultural-Universitaria de la Capital provincial. Las conferencias y debates, protagonizados por expertos nacionales y internacionales, brindar\u00e1n herramientas para la planificaci\u00f3n hidrol\u00f3gica, la investigaci\u00f3n y desarrolIo, la gesti\u00f3n urbana del agua potable y el saneamiento, la infraestructura y la adaptaci\u00f3n al cambio clim\u00e1tico. Tambi\u00e9n se tratar\u00e1n temas como la contabilidad ambiental y el valor econ\u00f3mico del agua, la hidroinform\u00e1tica y la&nbsp;educaci\u00f3n. Las inscripciones son gratuitas y se pueden realizar en <a href=\"http:\/\/congresoaguaparaelfuturo.com\/\">http:\/\/congresoaguaparaelfuturo.com<\/a>. <\/strong><\/em><\/h4>\n\n\n\n<div style=\"height:35px\" aria-hidden=\"true\" class=\"wp-block-spacer\"><\/div>\n\n\n\n\n\n<div style=\"height:45px\" aria-hidden=\"true\" class=\"wp-block-spacer\"><\/div>\n\n\n\n<p>Con el objetivo de abordar la crisis h\u00eddrica de casi 10 a\u00f1os en la provincia de <strong>Mendoza<\/strong> y la existencia de un equilibrio muy fr\u00e1gil entre el agua disponible y la demanda cada vez m\u00e1s creciente, para las distintas actividades socio econ\u00f3micas y el consumo humano, es que el 23 y 24 de noviembre pr\u00f3ximos, expertos locales, nacionales e internacionales junto al p\u00fablico asistente, expondr\u00e1n e intercambiar\u00e1n experiencias y encontrar\u00e1n respuestas en torno a los retos que plantea el cambio clim\u00e1tico en la gesti\u00f3n del agua, durante el <strong>IV Congreso Internacional Agua para el Futuro<\/strong>, cuyo eje central ser\u00e1n las <strong>\u201cHerramientas para la gesti\u00f3n futura del agua\u201d.<\/strong><\/p>\n\n\n\n<div style=\"height:30px\" aria-hidden=\"true\" class=\"wp-block-spacer\"><\/div>\n\n\n<div class=\"wp-block-image\">\n<figure class=\"aligncenter size-full is-resized\"><a href=\"https:\/\/enolife.com.ar\/es\/wp-content\/uploads\/2023\/10\/F9eKDzsWQAAcpbu.jpg\" data-rel=\"penci-gallery-image-content\" ><img loading=\"lazy\" decoding=\"async\" src=\"https:\/\/enolife.com.ar\/es\/wp-content\/uploads\/2023\/10\/F9eKDzsWQAAcpbu.jpg\" alt=\"\" class=\"wp-image-104288\" width=\"601\" height=\"338\" srcset=\"https:\/\/enolife.com.ar\/es\/wp-content\/uploads\/2023\/10\/F9eKDzsWQAAcpbu.jpg 888w, https:\/\/enolife.com.ar\/es\/wp-content\/uploads\/2023\/10\/F9eKDzsWQAAcpbu-300x169.jpg 300w, https:\/\/enolife.com.ar\/es\/wp-content\/uploads\/2023\/10\/F9eKDzsWQAAcpbu-768x432.jpg 768w, https:\/\/enolife.com.ar\/es\/wp-content\/uploads\/2023\/10\/F9eKDzsWQAAcpbu-585x329.jpg 585w\" sizes=\"auto, (max-width: 601px) 100vw, 601px\" \/><\/a><\/figure><\/div>\n\n\n<div style=\"height:30px\" aria-hidden=\"true\" class=\"wp-block-spacer\"><\/div>\n\n\n\n<p>El encuentro es organizado por el Gobierno de Mendoza y el Departamento General de Irrigaci\u00f3n, en conjunto con la Universidad Nacional de Cuyo y la Municipalidad de Mendoza y tendr\u00e1 sede en las Naves Cultural y Universitaria, de la Capital provincial.<\/p>\n\n\n\n<p class=\"has-background\" style=\"background-color:#a5f2ea73\"><strong>Las inscripciones para participar se encuentran abiertas en&nbsp;<a href=\"http:\/\/congresoaguaparaelfuturo.com\/\">http:\/\/congresoaguaparaelfuturo.com<\/a>. <\/strong><\/p>\n\n\n\n<div style=\"height:20px\" aria-hidden=\"true\" class=\"wp-block-spacer\"><\/div>\n\n\n\n<p><em>\u201cM\u00e1s all\u00e1 de que este a\u00f1o tendremos mayor disponibilidad de agua en Mendoza, porque ha nevado mucho <\/em>-expres\u00f3 el superintendente general de Irrigaci\u00f3n, <strong>Sergio Marinelli<\/strong>, en el lanzamiento del Congreso ante la prensa-<em>, a futuro est\u00e1 m\u00e1s que demostrado que la nueva normalidad previa a la pandemia, de escasez y sequ\u00eda, va a continuar. Vamos a tener a\u00f1os muy buenos y a\u00f1os muy malos, pero en promedio, ser\u00e1 menor la cantidad de agua disponible. Este Congreso apunta a las herramientas que nos hacen falta para enfrentar esta situaci\u00f3n y que nos preparen en m\u00faltiples aspectos, adecuando la normativas, el conocimiento e incorporando tecnolog\u00eda para disminuir la incertidumbre, tanto para los organismos de la gesti\u00f3n del agua a nivel mayorista y minorista como municipales y provinciales<\/em>\u00ab.<\/p>\n\n\n\n<div style=\"height:30px\" aria-hidden=\"true\" class=\"wp-block-spacer\"><\/div>\n\n\n<div class=\"wp-block-image\">\n<figure class=\"aligncenter size-full is-resized\"><a href=\"https:\/\/enolife.com.ar\/es\/wp-content\/uploads\/2023\/10\/F9eKCfPXIAAMfEp.jpg\" data-rel=\"penci-gallery-image-content\" ><img loading=\"lazy\" decoding=\"async\" src=\"https:\/\/enolife.com.ar\/es\/wp-content\/uploads\/2023\/10\/F9eKCfPXIAAMfEp.jpg\" alt=\"\" class=\"wp-image-104290\" width=\"551\" height=\"373\" srcset=\"https:\/\/enolife.com.ar\/es\/wp-content\/uploads\/2023\/10\/F9eKCfPXIAAMfEp.jpg 739w, https:\/\/enolife.com.ar\/es\/wp-content\/uploads\/2023\/10\/F9eKCfPXIAAMfEp-300x203.jpg 300w, https:\/\/enolife.com.ar\/es\/wp-content\/uploads\/2023\/10\/F9eKCfPXIAAMfEp-585x396.jpg 585w\" sizes=\"auto, (max-width: 551px) 100vw, 551px\" \/><\/a><figcaption class=\"wp-element-caption\"><em><strong>Sergio Marinelli, titular de Irrigaci\u00f3n.<\/strong><\/em><\/figcaption><\/figure><\/div>\n\n\n<div style=\"height:30px\" aria-hidden=\"true\" class=\"wp-block-spacer\"><\/div>\n\n\n\n<p><em>\u201cLa demanda cada vez va a crecer m\u00e1s y el agua menos <\/em>-advirti\u00f3 el funcionario-; a<em> trav\u00e9s de la participaci\u00f3n de expertos, profesionales y personas interesadas en la problem\u00e1tica, podremos discutir en este Congreso a trav\u00e9s de distintos paneles, lo m\u00e1s importante a partir de determinadas herramientas como la planificaci\u00f3n y todo lo que podamos usar que nos facilite tener resultados que sean cre\u00edbles, asequibles y comprendidos por todos, para que la poblaci\u00f3n participe y nos permita una nueva gobernanza a partir de una nueva forma de ver una realidad que es distinta\u201d<\/em>.<\/p>\n\n\n\n<p>Y agreg\u00f3 Marinelli: <em>\u201cHay m\u00faltiples acciones en el mundo con realidades muy distintas, pero con problemas similares. Por ejemplo, Pa\u00edses Bajos, es lo opuesto a nosotros. Cuando uno puede ver im\u00e1genes satelitales o im\u00e1genes de un vuelo de ese pa\u00eds, se ve abundancia de agua de una forma escandalosa comparado con un territorio como el nuestro. Sin embargo, tambi\u00e9n afecta el cambio clim\u00e1tico, porque a veces la cantidad de agua no est\u00e1 disponible en el momento oportuno. En el caso de Uruguay, se qued\u00f3 sin agua teniendo el r\u00edo al lado. El caso de Ciudad del Cabo, el caso de San Pablo en Brasil. Han habido muchas experiencias cercanas en el tiempo y cercanas territorialmente, que hablan de que lugares que est\u00e1n al lado del mar, al lado de grandes fuentes de agua, tienen problemas. Entonces, la planificaci\u00f3n es fundamental en cualquier lugar, independientemente de las fuentes de agua que disponga\u201d.<\/em><\/p>\n\n\n<div class=\"wp-block-image\">\n<figure class=\"alignleft size-full\"><a href=\"https:\/\/enolife.com.ar\/es\/wp-content\/uploads\/2023\/10\/Imagen1-9.jpg\" data-rel=\"penci-gallery-image-content\" ><img loading=\"lazy\" decoding=\"async\" width=\"276\" height=\"193\" src=\"https:\/\/enolife.com.ar\/es\/wp-content\/uploads\/2023\/10\/Imagen1-9.jpg\" alt=\"\" class=\"wp-image-104291\"\/><\/a><figcaption class=\"wp-element-caption\"><em><strong>Marit\u00e9 Badui<\/strong><\/em><\/figcaption><\/figure><\/div>\n\n\n<p>Por su parte, la jefa de Gabinete de Irrigaci\u00f3n, Marit\u00e9 Badui, expres\u00f3: <em>\u201cTambi\u00e9n habr\u00ed\u00e1 espacio en otros paneles para abordar innovaci\u00f3n, desarrollo e investigaci\u00f3n, que un organismo t\u00e9cnico como el DGI necesita<\/em>\u201d. Tambi\u00e9n acompa\u00f1aron el acto de lanzamiento Gildas Zangrandi, secretaria de Gesti\u00f3n Econ\u00f3mico-Financiera de Irrigaci\u00f3n, y Marcela Andino, asesora de Superintendencia, quien explic\u00f3 otros del programa.<\/p>\n\n\n\n<p>Esta nueva edici\u00f3n del Congreso del Agua contar\u00e1 con diversas actividades complementarias como la presentaci\u00f3n de proyectos y premiaci\u00f3n del&nbsp;<strong>Concurso Provincial IDEAGUA 2023<\/strong>&nbsp;(del programa de Educaci\u00f3n y Gobernanza de Irrigaci\u00f3n), una nueva edici\u00f3n de la<strong>&nbsp;Feria de Emprendedoras CreAGUA y la Muestra del Concurso anual de Fotograf\u00eda Agua y Mujer&nbsp;<\/strong>(ambas actividades forman parte del Programa Agua y Mujer del organismos del agua). Se agrega la&nbsp;<strong>Expo Negocio<\/strong>s (con el objetivo de promover y difundir marcas l\u00edderes del sector del agua) y actividades culturales que se desarrollar\u00e1n junto con la Municipalidad de la Ciudad de Mendoza, como el&nbsp;<strong>Bus del Regad\u00edo y la Bicitour del Agua.&nbsp;<\/strong>Tambi\u00e9n habr\u00e1 espacio para el cierre del Concurso universitario&nbsp;<strong>Emprende U.<\/strong><\/p>\n\n\n\n<p><em>\u201cDebatiremos sobre importantes temas y daremos un gran espacio a las tem\u00e1ticas educaci\u00f3n y ambiente, mostrando todo lo que venimos haciendo en esta materia. Y recurriremos a expertos para que cuenten que se est\u00e1 haciendo en otras partes del mundo respecto a estos temas, como Chile, Paises Bajos y algunos pa\u00edses de Sudam\u00e9rica, adem\u00e1s de las experiencias de otras provincias importantes en Argentina\u201d<\/em>, concluy\u00f3 el superintendente Marinelli.<\/p>\n\n\n\n<div style=\"height:35px\" aria-hidden=\"true\" class=\"wp-block-spacer\"><\/div>\n\n\n\n<p class=\"has-medium-font-size\"><strong>Sobre el Congreso<\/strong><\/p>\n\n\n\n<p>La falta de agua que transcurre en Mendoza requiere de una revisi\u00f3n y modernizaci\u00f3n profunda de los sistemas de manejo y conservaci\u00f3n del agua, una adaptaci\u00f3n del r\u00e9gimen jur\u00eddico y regulatorio a las nuevas condiciones, un fortalecimiento sustancial de la capacidad de las instituciones sectoriales y del sistema de planeaci\u00f3n y gesti\u00f3n del agua, que garantice la sostenibilidad econ\u00f3mica, financiera, social, cultural y ambiental del sistema h\u00eddrico.<\/p>\n\n\n\n<p>Por ello es que este encuentro se posiciona como un espacio propicio para que expertos y p\u00fablico asistente puedan abordar las diversas herramientas que la gesti\u00f3n futura del agua demandar\u00e1 en sus m\u00faltiples dimensiones, como la planificaci\u00f3n hidrol\u00f3gica, la valoraci\u00f3n del recurso h\u00eddrico, la oportunidad en la toma de decisiones a la partir de la hidroinform\u00e1tica, la adecuaci\u00f3n normativa de manera sistematizada y ordenada enmarcadas en un \u00e1mbito de transparencia y participaci\u00f3n.<\/p>\n\n\n\n<div style=\"height:35px\" aria-hidden=\"true\" class=\"wp-block-spacer\"><\/div>\n\n\n\n<figure class=\"wp-block-embed is-type-video is-provider-youtube wp-block-embed-youtube wp-embed-aspect-16-9 wp-has-aspect-ratio\"><div class=\"wp-block-embed__wrapper\">\n<iframe loading=\"lazy\" title=\"Spot de TV Agua para el Futuro\" width=\"1170\" height=\"658\" src=\"https:\/\/www.youtube.com\/embed\/hoJ5ZA4akYo?start=2&#038;feature=oembed\" frameborder=\"0\" allow=\"accelerometer; autoplay; clipboard-write; encrypted-media; gyroscope; picture-in-picture; web-share\" allowfullscreen><\/iframe>\n<\/div><\/figure>\n\n\n\n<div style=\"height:35px\" aria-hidden=\"true\" class=\"wp-block-spacer\"><\/div>\n\n\n\n<p class=\"has-background\" style=\"background-color:#abb7c259\">El <strong>IV Congreso del Agua<\/strong>, declarado de inter\u00e9s por la C\u00e1mara de Diputados de Mendoza, cuenta con el aval institucional de Aysam, Consejo H\u00eddrico Federal, Ente Provincial del Agua y de Saneamiento, Ente Provincial Regulador El\u00e9ctrico, Instituto Igualdad y Equidad para el Desarrollo Sostenible- Universidad de Mendoza, Instituto de agua y ambiente \u2013 Universidad de Mendoza, Instituto Nacional del Agua, Instituto Nacional de Tecnolog\u00eda Agropecuaria, Universidad de Mendoza, Universidad del Aconcagua, Universidad Champagnat, Universidad de Congreso Facultad de Ciencias Agrarias de la UNCuyo, Facultad de Ingenier\u00eda UNCuyo, Facultad de Ciencias Econ\u00f3micas UNCuyo, Laboratorio de Gesti\u00f3n del Agua, Facultad de Ciencias Econ\u00f3micas UNCuyo, Red Integral para la Gesti\u00f3n del Agua, Fondo de Agua del r\u00edo Mendoza y Observatorio del Agua.<\/p>\n\n\n\n<div style=\"height:35px\" aria-hidden=\"true\" class=\"wp-block-spacer\"><\/div>\n\n\n\n<div style=\"height:35px\" aria-hidden=\"true\" class=\"wp-block-spacer\"><\/div>\n\n\n\n<p class=\"has-medium-font-size\"><strong>Paneles y tem\u00e1ticas a desarrollar<\/strong><\/p>\n\n\n\n<p><strong>Herramientas de planificaci\u00f3n hidrol\u00f3gica<\/strong>:&nbsp;Instrumentos operativos basados en el uso de modelos matem\u00e1ticos, determinaci\u00f3n de objetivos, formulaci\u00f3n de estrategias que permitan alcanzar dichos objetivos y el desarrollo de planes de acci\u00f3n a trav\u00e9s de medidas estructurales y no estructurales para la implementaci\u00f3n de dichas estrategias. En el presente m\u00f3dulo se abordar\u00e1n diversas experiencias locales e internacionales en materia de metodolog\u00eda, alcances legales, adem\u00e1s de \u00e9xitos y fracasos de la planificaci\u00f3n de los recursos h\u00eddricos en el contexto de los efectos del cambio clim\u00e1tico.<\/p>\n\n\n\n<p><strong>Herramientas de I+D+i:<\/strong>&nbsp;Aqu\u00ed se abordar\u00e1n herramientas pensadas desde el \u00e1mbito p\u00fablico para una mejor gesti\u00f3n del recurso h\u00eddrico a nivel program\u00e1tico y su correspondencia normativa, instrumentos que permiten una mejor distribuci\u00f3n del agua a partir de obtener mejor informaci\u00f3n y contabilizar su uso para su aplicaci\u00f3n m\u00e1s oportuna como eficiente. Al mismo tiempo se abordar\u00e1n herramientas desde el \u00e1mbito privado tendientes a mejorar la conducta en cuanto a la aplicaci\u00f3n eficiente del recurso h\u00eddrico, entre otras.<\/p>\n\n\n\n<p><strong>Herramientas para la gesti\u00f3n urbana del agua potable y el saneamiento:<\/strong>&nbsp;El complejo nexo multidimensional que existe entre el agua y las ciudades y sus v\u00ednculos con el desarrollo sostenible, plantea numerosos desaf\u00edos a la gesti\u00f3n urbana. Los mecanismos de control del uso del suelo son cr\u00edticos para la protecci\u00f3n de las cuencas y para que el ciclo del agua y el medio ambiente urbano sean percibidos como un sistema hol\u00edstico y sostenible. Resulta crucial lograr sinergias sostenidas, coordinando y alineando las acciones de las partes interesadas y permitir a las ciudades obtener los beneficios de la integraci\u00f3n mediante la planificaci\u00f3n, el dise\u00f1o y la gesti\u00f3n de todo el sistema urbano, promoviendo el uso de tecnolog\u00edas de agua innovadoras para responder a las demandas futuras de agua urbana.<\/p>\n\n\n\n<p><strong>Infraestructura: Herramienta clave para la gesti\u00f3n del agua:<\/strong>&nbsp;Se abordar\u00e1 el tema de la infraestructura h\u00eddrica en el marco de los desaf\u00edos que le impone el cambio clim\u00e1tico desde su funci\u00f3n, como desde sus mecanismos de fondeo y financiamiento, incluyendo instrumentos innovadores que permiten dar se\u00f1ales al mercado para destinar recursos a la infraestructura p\u00fablica h\u00eddrica.<\/p>\n\n\n\n<p><strong>Contabilidad ambiental y valor econ\u00f3mico del agua<\/strong>:&nbsp;Comprender los activos ambientales debe ser una estrategia que tendr\u00e1 incidencia en medidas de preservaci\u00f3n y gesti\u00f3n del recurso h\u00eddrico como en la valoraci\u00f3n dada por la evidencia de su aporte en t\u00e9rminos econ\u00f3micos al desarrollo de las regiones, donde debe tener correlato con su precio, fundamental para el sostenimiento de la infraestructura h\u00eddrica y de sus mecanismos de fondeo y financiamiento. El panel apunta a reflexionar sobre el valor del agua, dado que se advierte una infravaloraci\u00f3n que tiene que asociar precio con valor.<\/p>\n\n\n\n<p><strong>Herramientas para la adaptaci\u00f3n al cambio clim\u00e1tico<\/strong>:&nbsp;Resulta necesario concebir la gesti\u00f3n del agua desde su perspectiva ambiental, es decir, asegurar el abastecimiento del agua para los diferentes usos considerando la tasa de renovaci\u00f3n: cantidad, calidad y r\u00e9gimen, adem\u00e1s del control de todas las actividades del territorio con especial atenci\u00f3n a la capacidad de asimilaci\u00f3n o autodepuraci\u00f3n del sistema h\u00eddrico y el riesgo. <\/p>\n\n\n\n<p><strong>La hidroinform\u00e1tica como herramienta para la gesti\u00f3n del agua:<\/strong>&nbsp;La hidroinform\u00e1tica ofrece una nueva perspectiva que permite a las autoridades h\u00eddricas y a los usuarios abordar problemas antiguos de nuevas maneras y con un conjunto de herramientas m\u00e1s amplio que facilitan convertir los datos en informaci\u00f3n pr\u00e1ctica, ayudando as\u00ed a resolver los retos m\u00e1s dif\u00edciles del agua. El an\u00e1lisis de datos en tiempo real y los modelos basados en la f\u00edsica para desarrollar la pr\u00f3xima generaci\u00f3n de sistemas h\u00eddricos sostenibles, eficientes y aut\u00f3nomos, como los sistemas de informaci\u00f3n disponibles y colaborativos ser\u00e1n algunos de los temas que se abordar\u00e1n en este panel.<\/p>\n\n\n\n<p><strong>La educaci\u00f3n como herramienta de gobernanza<\/strong>: El panel se concibe como un espacio de encuentro y reflexi\u00f3n donde se compartan experiencias e iniciativas para la gesti\u00f3n de los riesgos vinculados con el agua. El objetivo es lograr el cambio cultural necesario para la conservaci\u00f3n y protecci\u00f3n de los recursos h\u00eddricos. Organizaciones p\u00fablicas, organismos internacionales, instituciones educativas y miembros de la comunidad contar\u00e1n sus experiencias sobre la importancia de trabajar en conjunto y de manera articulada en la educaci\u00f3n como herramienta de gobernanza para la gesti\u00f3n futura del agua.<\/p>\n\n\n\n<div style=\"height:30px\" aria-hidden=\"true\" class=\"wp-block-spacer\"><\/div>\n\n\n<a href=\"https:\/\/www.irrigacion.gov.ar\/web\/\" aria-label=\"irrigaci\u00f3n-1700X500\"><img loading=\"lazy\" decoding=\"async\" src=\"https:\/\/enolife.com.ar\/es\/wp-content\/uploads\/2021\/02\/irrigacion-1700X500.gif\" alt=\"\"  width=\"1700\" height=\"500\"   \/><\/a>\n\n\n<div style=\"height:30px\" aria-hidden=\"true\" class=\"wp-block-spacer\"><\/div>\n","protected":false},"excerpt":{"rendered":"<p>La 4ta edici\u00f3n del Congreso Internacional Agua para el Futuro, este a\u00f1o enfocado en \u201cHerramientas&hellip;<\/p>\n","protected":false},"author":3,"featured_media":104305,"comment_status":"open","ping_status":"open","sticky":false,"template":"","format":"standard","meta":{"footnotes":""},"categories":[14],"tags":[],"class_list":["post-104199","post","type-post","status-publish","format-standard","has-post-thumbnail","hentry","category-news"],"_links":{"self":[{"href":"https:\/\/enolife.com.ar\/es\/wp-json\/wp\/v2\/posts\/104199","targetHints":{"allow":["GET"]}}],"collection":[{"href":"https:\/\/enolife.com.ar\/es\/wp-json\/wp\/v2\/posts"}],"about":[{"href":"https:\/\/enolife.com.ar\/es\/wp-json\/wp\/v2\/types\/post"}],"author":[{"embeddable":true,"href":"https:\/\/enolife.com.ar\/es\/wp-json\/wp\/v2\/users\/3"}],"replies":[{"embeddable":true,"href":"https:\/\/enolife.com.ar\/es\/wp-json\/wp\/v2\/comments?post=104199"}],"version-history":[{"count":0,"href":"https:\/\/enolife.com.ar\/es\/wp-json\/wp\/v2\/posts\/104199\/revisions"}],"wp:featuredmedia":[{"embeddable":true,"href":"https:\/\/enolife.com.ar\/es\/wp-json\/wp\/v2\/media\/104305"}],"wp:attachment":[{"href":"https:\/\/enolife.com.ar\/es\/wp-json\/wp\/v2\/media?parent=104199"}],"wp:term":[{"taxonomy":"category","embeddable":true,"href":"https:\/\/enolife.com.ar\/es\/wp-json\/wp\/v2\/categories?post=104199"},{"taxonomy":"post_tag","embeddable":true,"href":"https:\/\/enolife.com.ar\/es\/wp-json\/wp\/v2\/tags?post=104199"}],"curies":[{"name":"wp","href":"https:\/\/api.w.org\/{rel}","templated":true}]}}