{"id":104161,"date":"2023-10-28T00:08:52","date_gmt":"2023-10-28T00:08:52","guid":{"rendered":"https:\/\/enolife.com.ar\/es\/?p=104161"},"modified":"2023-10-31T01:35:03","modified_gmt":"2023-10-31T01:35:03","slug":"la-oiv-busca-un-jefe-de-relaciones-exteriores-y-recibe-postulaciones-hasta-el-31-12-23","status":"publish","type":"post","link":"https:\/\/enolife.com.ar\/es\/la-oiv-busca-un-jefe-de-relaciones-exteriores-y-recibe-postulaciones-hasta-el-31-12-23\/","title":{"rendered":"La OIV busca un jefe de Relaciones Exteriores y recibe postulaciones hasta el 31\/12\/23"},"content":{"rendered":"\n<h4 class=\"wp-block-heading\"><em><strong>La Organizaci\u00f3n Internacional de la Vid y el Vino (OIV) ha publicado una convocatoria para seleccionar un jefe\/a de Relaciones Exteriores, que formar\u00e1 parte del equipo de alta direcci\u00f3n de la entidad, y como tal, deber\u00e1 desarrollar y ejecutar, junto con el director general de la entidad, los planes y actividades de relaciones internacionales de la organizaci\u00f3n en el contexto de su plan estrat\u00e9gico. Sus tareas ser\u00e1n construir y mantener relaciones pol\u00edticas e institucionales con miembros, pa\u00edses no miembros, otras organizaciones intergubernamentales, subentidades nacionales y representantes del sector privado; gestionar el personal y las actividades del equipo de comunicaciones y eventos. La persona seleccionada deber\u00e1 residir en Dijon, Francia. Hay tiempo hasta el 31\/12 para postularse.<\/strong><\/em><\/h4>\n\n\n\n<div style=\"height:35px\" aria-hidden=\"true\" class=\"wp-block-spacer\"><\/div>\n\n\n<a href=\"https:\/\/www.dellatoffola.com.ar\/es\/home\" aria-label=\"Banner Filtro Omnia_1700x500\"><img loading=\"lazy\" decoding=\"async\" src=\"https:\/\/enolife.com.ar\/es\/wp-content\/uploads\/2023\/10\/Banner-Filtro-Omnia_1700x500.png\" alt=\"\"  srcset=\"https:\/\/enolife.com.ar\/es\/wp-content\/uploads\/2023\/10\/Banner-Filtro-Omnia_1700x500.png 1699w, https:\/\/enolife.com.ar\/es\/wp-content\/uploads\/2023\/10\/Banner-Filtro-Omnia_1700x500-300x88.png 300w, https:\/\/enolife.com.ar\/es\/wp-content\/uploads\/2023\/10\/Banner-Filtro-Omnia_1700x500-1024x301.png 1024w, https:\/\/enolife.com.ar\/es\/wp-content\/uploads\/2023\/10\/Banner-Filtro-Omnia_1700x500-768x226.png 768w, https:\/\/enolife.com.ar\/es\/wp-content\/uploads\/2023\/10\/Banner-Filtro-Omnia_1700x500-1536x452.png 1536w, https:\/\/enolife.com.ar\/es\/wp-content\/uploads\/2023\/10\/Banner-Filtro-Omnia_1700x500-1170x344.png 1170w, https:\/\/enolife.com.ar\/es\/wp-content\/uploads\/2023\/10\/Banner-Filtro-Omnia_1700x500-585x172.png 585w\" sizes=\"auto, (max-width: 1699px) 100vw, 1699px\" width=\"1699\" height=\"500\"   \/><\/a>\n\n\n<div style=\"height:45px\" aria-hidden=\"true\" class=\"wp-block-spacer\"><\/div>\n\n\n\n<p>La Organizaci\u00f3n Internacional de la Vid y el Vino (OIV) proporciona a los pa\u00edses productores y consumidores de uva y vino informaci\u00f3n para desarrollar normativas, minimizar los obst\u00e1culos al comercio, promover la producci\u00f3n sostenible y proteger a los consumidores.<\/p>\n\n\n\n<p>Sus principales objetivos son indicar a sus pa\u00edses miembros&nbsp;las medidas que permitan tener en cuenta las preocupaciones de los productores, de los consumidores y de los otros actores del sector vitivin\u00edcola; asistir a las otras organizaciones internacionales, especialmente a aquellas que ejercen actividades normativas; contribuir a la&nbsp;armonizaci\u00f3n internacional de las pr\u00e1cticas y normas existentes, a fin de mejorar las condiciones de elaboraci\u00f3n y comercializaci\u00f3n de los productos vitivin\u00edcolas, tomando en cuenta los intereses de los consumidores. Estos objetivos son llevados a cabo por cuatro comisiones: viticultura y uvas de mesa; enolog\u00eda y m\u00e9todos de an\u00e1lisis; econom\u00eda y derecho; salud y seguridad.<\/p>\n\n\n\n<p>Actualmente, esta entidad est\u00e1 en la<strong> b\u00fasqueda de un l\u00edder de Relaciones Exteriores <\/strong>que formar\u00e1 parte del equipo de alta direcci\u00f3n, para <strong>comenzar a trabajar a partir del 1\/2\/24 en Dijon, Francia.<\/strong><\/p>\n\n\n\n<div style=\"height:35px\" aria-hidden=\"true\" class=\"wp-block-spacer\"><\/div>\n\n\n\n<p class=\"has-medium-font-size\"><strong>Objetivos<\/strong><\/p>\n\n\n\n<ul class=\"wp-block-list\">\n<li>Desarrollar y ejecutar, junto con el director general, los planes y actividades de comunicaci\u00f3n de la organizaci\u00f3n en el contexto del Plan Estrat\u00e9gico de la OIV, incluyendo: comunicaciones externas e internas; eventos; mensajes organizacionales y de medios; gesti\u00f3n de problemas y crisis; comunicaciones con las partes interesadas e identificaci\u00f3n de riesgos; proyectos especiales.<\/li>\n\n\n\n<li>Gestionar el personal y las actividades del equipo de comunicaciones y eventos.<\/li>\n\n\n\n<li>Contribuir eficazmente como miembro del equipo de alta direcci\u00f3n al liderazgo, la planificaci\u00f3n y los valores de la organizaci\u00f3n.<\/li>\n<\/ul>\n\n\n\n<div style=\"height:35px\" aria-hidden=\"true\" class=\"wp-block-spacer\"><\/div>\n\n\n\n<p class=\"has-medium-font-size\"><strong>\u00c1reas de resultados clave<\/strong><\/p>\n\n\n\n<p class=\"has-background\" style=\"background-color:#abb7c252\"><strong>Estrategia, liderazgo y gesti\u00f3n de personas<\/strong><\/p>\n\n\n\n<ul class=\"wp-block-list\">\n<li>En colaboraci\u00f3n con el director general, desarrollar y entregar estrategias y presupuestos anuales y a largo plazo para generar compromiso con miembros, no miembros y organizaciones clave para construir el perfil y la influencia de la OIV.<\/li>\n\n\n\n<li>En colaboraci\u00f3n con la DG, desarrollar y entregar estrategias y presupuestos anuales y a largo plazo para comunicaciones y eventos organizacionales para construir el perfil de la OIV entre audiencias clave.<\/li>\n\n\n\n<li>En colaboraci\u00f3n con la direcci\u00f3n general y el equipo de comunicaciones y eventos, para preparar documentos y publicaciones estrat\u00e9gicos y organizativos, p. Reporte anual.<\/li>\n\n\n\n<li>Brindar apoyo al director general en todas las \u00e1reas dentro de las responsabilidades del puesto, incluida la preparaci\u00f3n y coordinaci\u00f3n de: agendas, visitas, documentos informativos, discursos, presentaciones, declaraciones a los medios, entrevistas, etc.<\/li>\n\n\n\n<li>Contribuir al liderazgo, planificaci\u00f3n estrat\u00e9gica y gesti\u00f3n del flujo de trabajo de la organizaci\u00f3n como parte del equipo de alta direcci\u00f3n.<\/li>\n\n\n\n<li>Garantizar que los costos operativos se mantengan dentro del presupuesto y que cualquier posible exceso se informe al director general lo antes posible.<\/li>\n<\/ul>\n\n\n\n<div style=\"height:20px\" aria-hidden=\"true\" class=\"wp-block-spacer\"><\/div>\n\n\n\n<p class=\"has-background\" style=\"background-color:#abb7c252\"><strong>Relaciones externas<\/strong><\/p>\n\n\n\n<ul class=\"wp-block-list\">\n<li>Construir y mantener relaciones y redes profesionales y productivas con delegados y representantes de los miembros, con el fin de coordinar entre los miembros y generar comprensi\u00f3n y apoyo a las actividades de la OIV.<\/li>\n\n\n\n<li>Construir y mantener relaciones y redes profesionales y productivas con representantes de no miembros, OIG relevantes, ONG y otras organizaciones y personas de inter\u00e9s para la misi\u00f3n de la OIV con el fin de aumentar la reputaci\u00f3n y la influencia de la OIV e identificar oportunidades de participaci\u00f3n dentro del marco. del plan estrat\u00e9gico de la OIV.<\/li>\n\n\n\n<li>Buscar oportunidades adecuadas para que la OIV presente sus trabajos y participe en conferencias, cumbres y reuniones internacionales para avanzar en los objetivos y el plan estrat\u00e9gico de la OIV.<\/li>\n\n\n\n<li>Buscar oportunidades adecuadas para que el director general, el presidente y el equipo directivo superior se re\u00fanan con ministros y funcionarios de alto nivel para avanzar en los objetivos y el plan estrat\u00e9gico de la OIV.<\/li>\n\n\n\n<li>Apoyar al director general, al presidente, al c\u00f3nyuge del director general y a otro personal superior de la OIV seg\u00fan sea necesario en la organizaci\u00f3n y coordinaci\u00f3n de reuniones oficiales, visitas, recorridos, entrevistas y presentaciones.<\/li>\n\n\n\n<li>Identificar e implementar oportunidades brindadas por el Centenario 2024 para avanzar en los objetivos y el plan estrat\u00e9gico de la OIV.<\/li>\n\n\n\n<li>Contribuir al desarrollo y gesti\u00f3n de otros proyectos especiales seg\u00fan sea necesario.<\/li>\n<\/ul>\n\n\n\n<div style=\"height:20px\" aria-hidden=\"true\" class=\"wp-block-spacer\"><\/div>\n\n\n\n<p class=\"has-background\" style=\"background-color:#abb7c252\"><strong>Comunicaciones y eventos<\/strong><\/p>\n\n\n\n<ul class=\"wp-block-list\">\n<li>Desarrollar e implementar estrategias de comunicaci\u00f3n entre los miembros y las partes interesadas para mantener la conciencia y el apoyo a la OIV y sus objetivos estrat\u00e9gicos entre los miembros y otras partes interesadas.<\/li>\n\n\n\n<li>Desarrollar e implementar estrategias de medios para promover la OIV y sus objetivos estrat\u00e9gicos entre sus audiencias objetivo.<\/li>\n\n\n\n<li>Identificar e implementar oportunidades medi\u00e1ticas para los portavoces de la OIV.<\/li>\n\n\n\n<li>Desarrollar y producir comunicados de prensa, conferencias de prensa, eventos de medios, reuniones informativas para los medios, sitios web y contenido de redes sociales seg\u00fan sea necesario.<\/li>\n\n\n\n<li>Identificar y gestionar cuestiones de asuntos p\u00fablicos y desarrollar planes y estrategias de gesti\u00f3n proactiva para responder a cuestiones y crisis.<\/li>\n\n\n\n<li>Identificar e implementar oportunidades brindadas por el Centenario 2024 para avanzar en los objetivos y el plan estrat\u00e9gico de la OIV.<\/li>\n\n\n\n<li>Proporcionar liderazgo y gesti\u00f3n diaria a los subordinados directos dentro del equipo de comunicaciones y eventos, capacit\u00e1ndolos para cumplir con sus responsabilidades y\/o KPI, incluida la retroalimentaci\u00f3n peri\u00f3dica sobre el desempe\u00f1o, el monitoreo de KPI, la revisi\u00f3n formal y la presentaci\u00f3n de informes al director general seg\u00fan sea necesario.<\/li>\n\n\n\n<li>Contribuir al desarrollo y gesti\u00f3n de otros proyectos especiales seg\u00fan sea necesario.<\/li>\n<\/ul>\n\n\n\n<div style=\"height:20px\" aria-hidden=\"true\" class=\"wp-block-spacer\"><\/div>\n\n\n\n<p class=\"has-background\" style=\"background-color:#abb7c252\"><strong>Calificaciones<\/strong><\/p>\n\n\n\n<ul class=\"wp-block-list\">\n<li>Se trata de un puesto de alta direcci\u00f3n en la OIV. La naturaleza del puesto implicar\u00e1 \u00abtrabajo fuera de horario\u00bb de vez en cuando y viajes al extranjero.<\/li>\n\n\n\n<li>Una cualificaci\u00f3n terciaria relevante, p. pol\u00edtica, derecho, relaciones internacionales, comunicaciones, marketing o negocios.<\/li>\n\n\n\n<li>Experiencia sustancial (m\u00e1s de 8 a\u00f1os) en diplomacia, asuntos p\u00fablicos, comunicaciones u otro campo relevante, preferiblemente a nivel internacional.<\/li>\n\n\n\n<li>Preferentemente nivel alto de ingl\u00e9s, franc\u00e9s y al menos otro de los idiomas oficiales de la OIV.<\/li>\n\n\n\n<li>Excelentes habilidades de comunicaci\u00f3n y networking.<\/li>\n\n\n\n<li>Excelentes habilidades anal\u00edticas y s\u00f3lido juicio profesional.<\/li>\n\n\n\n<li>Excelentes habilidades de gesti\u00f3n y liderazgo de personal.<\/li>\n\n\n\n<li>Impecable integridad personal y compromiso con los est\u00e1ndares profesionales.<\/li>\n\n\n\n<li>Capacidad para trabajar bien como parte de un equipo.<\/li>\n\n\n\n<li>Capacidad para trabajar bajo presi\u00f3n.<\/li>\n\n\n\n<li>Competencia en la gesti\u00f3n de presupuestos.<\/li>\n\n\n\n<li>Conocimientos inform\u00e1ticos y de TI bien desarrollados.<\/li>\n\n\n\n<li>Es preferible pero no imprescindible tener conocimientos del sector vitivin\u00edcola internacional.<\/li>\n<\/ul>\n\n\n\n<div style=\"height:20px\" aria-hidden=\"true\" class=\"wp-block-spacer\"><\/div>\n\n\n\n<p class=\"has-background\" style=\"background-color:#abb7c27a\"><strong>Para postularse, <\/strong>c<strong>ompletar el formulario <a href=\"https:\/\/www.oiv.int\/sites\/default\/files\/2023-10\/JOB-OFFER-OIV-HeadExtRel%202023EN.pdf\" title=\"\">AQU\u00cd<\/a> y enviarlo -junto con una carta de motivaci\u00f3n al director general de la OIV- a: <a href=\"mailto:job@oiv.int\">job@oiv.int<\/a> &#8211; Fecha l\u00edmite: 31 de diciembre de 2023<\/strong><\/p>\n\n\n\n<div style=\"height:30px\" aria-hidden=\"true\" class=\"wp-block-spacer\"><\/div>\n","protected":false},"excerpt":{"rendered":"<p>La Organizaci\u00f3n Internacional de la Vid y el Vino (OIV) ha publicado una convocatoria para&hellip;<\/p>\n","protected":false},"author":3,"featured_media":104182,"comment_status":"open","ping_status":"open","sticky":false,"template":"","format":"standard","meta":{"footnotes":""},"categories":[14],"tags":[],"class_list":["post-104161","post","type-post","status-publish","format-standard","has-post-thumbnail","hentry","category-news"],"_links":{"self":[{"href":"https:\/\/enolife.com.ar\/es\/wp-json\/wp\/v2\/posts\/104161","targetHints":{"allow":["GET"]}}],"collection":[{"href":"https:\/\/enolife.com.ar\/es\/wp-json\/wp\/v2\/posts"}],"about":[{"href":"https:\/\/enolife.com.ar\/es\/wp-json\/wp\/v2\/types\/post"}],"author":[{"embeddable":true,"href":"https:\/\/enolife.com.ar\/es\/wp-json\/wp\/v2\/users\/3"}],"replies":[{"embeddable":true,"href":"https:\/\/enolife.com.ar\/es\/wp-json\/wp\/v2\/comments?post=104161"}],"version-history":[{"count":0,"href":"https:\/\/enolife.com.ar\/es\/wp-json\/wp\/v2\/posts\/104161\/revisions"}],"wp:featuredmedia":[{"embeddable":true,"href":"https:\/\/enolife.com.ar\/es\/wp-json\/wp\/v2\/media\/104182"}],"wp:attachment":[{"href":"https:\/\/enolife.com.ar\/es\/wp-json\/wp\/v2\/media?parent=104161"}],"wp:term":[{"taxonomy":"category","embeddable":true,"href":"https:\/\/enolife.com.ar\/es\/wp-json\/wp\/v2\/categories?post=104161"},{"taxonomy":"post_tag","embeddable":true,"href":"https:\/\/enolife.com.ar\/es\/wp-json\/wp\/v2\/tags?post=104161"}],"curies":[{"name":"wp","href":"https:\/\/api.w.org\/{rel}","templated":true}]}}