{"id":103969,"date":"2023-10-24T22:05:48","date_gmt":"2023-10-24T22:05:48","guid":{"rendered":"https:\/\/enolife.com.ar\/es\/?p=103969"},"modified":"2023-10-25T14:15:53","modified_gmt":"2023-10-25T14:15:53","slug":"bodegas-y-vinedos-la-anorada-invita-a-participar-sin-cargo-del-congreso-de-agronegocios-2023","status":"publish","type":"post","link":"https:\/\/enolife.com.ar\/es\/bodegas-y-vinedos-la-anorada-invita-a-participar-sin-cargo-del-congreso-de-agronegocios-2023\/","title":{"rendered":"Bodegas y Vi\u00f1edos La A\u00f1orada invita a participar sin cargo del Congreso de Agronegocios 2023"},"content":{"rendered":"\n<h4 class=\"wp-block-heading\"><em><strong>El 26\/10 se realizar\u00e1 la 10ma edici\u00f3n del Congreso Agronegocios, que tratar\u00e1 sobre el agro argentino y  c\u00f3mo prepararse para el cambio, ante <em>el futuro gobierno<\/em>. El formato es virtual y, si bien la actividad tiene un costo de $20.000, a trav\u00e9s de la empresa mendocina Bodega y Vi\u00f1edos La A\u00f1orada -auspiciante del congreso- se podr\u00e1 participar gratuitamente, previa inscripci\u00f3n. Los temas ser\u00e1n  desarrollados por 20 profesionales ante una audiencia calculada en 5.000 personalidades y profesionales con poder de decisi\u00f3n en los negocios e industrias agrarias. <\/strong><\/em><\/h4>\n\n\n\n<div style=\"height:35px\" aria-hidden=\"true\" class=\"wp-block-spacer\"><\/div>\n\n\n\n\n\n<div style=\"height:45px\" aria-hidden=\"true\" class=\"wp-block-spacer\"><\/div>\n\n\n\n<p>Ubicada en el coraz\u00f3n de la provincia de Mendoza, en el departamento de Maip\u00fa, Bodegas y Vi\u00f1edos La A\u00f1orada es un proyecto familiar creado por el en\u00f3logo William Ropero, encargado de transmitir su conocimiento y pasi\u00f3n por el vino a sus tres hijos -Diego, Javier y Lis- que hoy dirigen el proyecto. <\/p>\n\n\n\n<p>La bodega, que se basa en tres pilares fundamentales -tradici\u00f3n, innovaci\u00f3n y compromiso social- elabora vinos a partir de vi\u00f1edos propios y buscan expresar en cada elaboraci\u00f3n el terroir mendocino, sus caracter\u00edsticas climatol\u00f3gicas y del suelo y la excelente calidad de la materia prima. <\/p>\n\n\n\n<p>Esta empresa mendocina, como auspiciante del X Congreso de Agronegocios 2023, invita sin cargo a quienes est\u00e9n interesados en participar de esta actividad virtual, eligiendo el<strong> c\u00f3digo promocional \u00abLAA\u00d1ORADA\u00bb<\/strong> en el siguiente link: <a href=\"https:\/\/docs.google.com\/forms\/d\/e\/1FAIpQLSdwtW2ihG3wqWJXzSvxC6E-ZqbvPea9aPin-usLe9Dy9fMrmw\/viewform?fbzx=2821638017055110189\" title=\"\"><strong>Inscripciones<\/strong><\/a>.<\/p>\n\n\n\n<p><strong>Fecha<\/strong>: jueves 26\/10 de 8.30 a 12.30 hs<\/p>\n\n\n\n<div style=\"height:35px\" aria-hidden=\"true\" class=\"wp-block-spacer\"><\/div>\n\n\n\n<p class=\"has-background has-medium-font-size\" style=\"background-color:#a0fb0c87\"><strong>Paneles y disertantes<\/strong><\/p>\n\n\n<div class=\"wp-block-image\">\n<figure class=\"aligncenter size-large is-resized\"><a href=\"https:\/\/enolife.com.ar\/es\/wp-content\/uploads\/2023\/10\/image-26.png\" data-rel=\"penci-gallery-image-content\" ><img loading=\"lazy\" decoding=\"async\" src=\"https:\/\/enolife.com.ar\/es\/wp-content\/uploads\/2023\/10\/image-26-538x1024.png\" alt=\"\" class=\"wp-image-103980\" width=\"511\" height=\"973\" srcset=\"https:\/\/enolife.com.ar\/es\/wp-content\/uploads\/2023\/10\/image-26-538x1024.png 538w, https:\/\/enolife.com.ar\/es\/wp-content\/uploads\/2023\/10\/image-26-158x300.png 158w, https:\/\/enolife.com.ar\/es\/wp-content\/uploads\/2023\/10\/image-26-768x1461.png 768w, https:\/\/enolife.com.ar\/es\/wp-content\/uploads\/2023\/10\/image-26-807x1536.png 807w, https:\/\/enolife.com.ar\/es\/wp-content\/uploads\/2023\/10\/image-26-1076x2048.png 1076w, https:\/\/enolife.com.ar\/es\/wp-content\/uploads\/2023\/10\/image-26-1170x2226.png 1170w, https:\/\/enolife.com.ar\/es\/wp-content\/uploads\/2023\/10\/image-26-585x1113.png 585w, https:\/\/enolife.com.ar\/es\/wp-content\/uploads\/2023\/10\/image-26.png 1420w\" sizes=\"auto, (max-width: 511px) 100vw, 511px\" \/><\/a><\/figure><\/div>\n\n\n<div style=\"height:30px\" aria-hidden=\"true\" class=\"wp-block-spacer\"><\/div>\n\n\n\n<p><\/p>\n","protected":false},"excerpt":{"rendered":"<p>El 26\/10 se realizar\u00e1 la 10ma edici\u00f3n del Congreso Agronegocios, que tratar\u00e1 sobre el agro&hellip;<\/p>\n","protected":false},"author":3,"featured_media":103989,"comment_status":"open","ping_status":"open","sticky":false,"template":"","format":"standard","meta":{"footnotes":""},"categories":[47],"tags":[],"class_list":["post-103969","post","type-post","status-publish","format-standard","has-post-thumbnail","hentry","category-agenda"],"_links":{"self":[{"href":"https:\/\/enolife.com.ar\/es\/wp-json\/wp\/v2\/posts\/103969","targetHints":{"allow":["GET"]}}],"collection":[{"href":"https:\/\/enolife.com.ar\/es\/wp-json\/wp\/v2\/posts"}],"about":[{"href":"https:\/\/enolife.com.ar\/es\/wp-json\/wp\/v2\/types\/post"}],"author":[{"embeddable":true,"href":"https:\/\/enolife.com.ar\/es\/wp-json\/wp\/v2\/users\/3"}],"replies":[{"embeddable":true,"href":"https:\/\/enolife.com.ar\/es\/wp-json\/wp\/v2\/comments?post=103969"}],"version-history":[{"count":0,"href":"https:\/\/enolife.com.ar\/es\/wp-json\/wp\/v2\/posts\/103969\/revisions"}],"wp:featuredmedia":[{"embeddable":true,"href":"https:\/\/enolife.com.ar\/es\/wp-json\/wp\/v2\/media\/103989"}],"wp:attachment":[{"href":"https:\/\/enolife.com.ar\/es\/wp-json\/wp\/v2\/media?parent=103969"}],"wp:term":[{"taxonomy":"category","embeddable":true,"href":"https:\/\/enolife.com.ar\/es\/wp-json\/wp\/v2\/categories?post=103969"},{"taxonomy":"post_tag","embeddable":true,"href":"https:\/\/enolife.com.ar\/es\/wp-json\/wp\/v2\/tags?post=103969"}],"curies":[{"name":"wp","href":"https:\/\/api.w.org\/{rel}","templated":true}]}}