{"id":103809,"date":"2023-10-24T00:06:35","date_gmt":"2023-10-24T00:06:35","guid":{"rendered":"https:\/\/enolife.com.ar\/es\/?p=103809"},"modified":"2023-10-26T02:23:38","modified_gmt":"2023-10-26T02:23:38","slug":"el-26-10-un-foro-con-aval-de-la-oiv-analizara-el-futuro-del-vino-argentino-post-elecciones","status":"publish","type":"post","link":"https:\/\/enolife.com.ar\/es\/el-26-10-un-foro-con-aval-de-la-oiv-analizara-el-futuro-del-vino-argentino-post-elecciones\/","title":{"rendered":"El 26\/10, un foro con aval de la OIV analizar\u00e1 el futuro del vino argentino post elecciones"},"content":{"rendered":"\n<h4 class=\"wp-block-heading\"><em><strong>El Fondo Vitivin\u00edcola Mendoza y la Corporaci\u00f3n Vitivin\u00edcola Argentina (Coviar) invitan al Foro \u00abEl futuro del vino argentino, entre la incertidumbre y las oportunidades\u00bb, el jueves 26\/10&nbsp;en Bodega Los Toneles. El encuentro, patrocinado por la Organizaci\u00f3n Internacional de la Vid y el Vino (OIV), tiene como objetivo brindar informaci\u00f3n estrat\u00e9gica sobre la situaci\u00f3n competitiva del vino argentino, las tendencias de consumo, el humor social y los desaf\u00edos que enfrenta el pa\u00eds, la regi\u00f3n y el mundo en una particular coyuntura econ\u00f3mica, social y pol\u00edtica. Los an\u00e1lisis ser\u00e1n presentados por 4 reconocidos especialistas de nivel internacional.<\/strong><\/em><\/h4>\n\n\n\n<div style=\"height:35px\" aria-hidden=\"true\" class=\"wp-block-spacer\"><\/div>\n\n\n\n\n\n<div style=\"height:45px\" aria-hidden=\"true\" class=\"wp-block-spacer\"><\/div>\n\n\n\n<p>El Foro <strong>\u00abEl futuro del vino argentino, entre la incertidumbre y las oportunidades\u00bb<\/strong>, que se realizar\u00e1 en la provincia de Mendoza el d\u00eda 26 de octubre, ser\u00e1 un encuentro de relevancia para conocer la evoluci\u00f3n del mercado del vino, sus principales desaf\u00edos, las oportunidades a explorar y el contexto local e internacional en el que se desarrolla el negocio.<\/p>\n\n\n\n<p>En tiempos de crisis, el an\u00e1lisis y la informaci\u00f3n inteligente pueden hacer la gran diferencia. Por eso, el principal objetivo de este foro es&nbsp;poner a disposici\u00f3n de todo el sector vitivin\u00edcola informaci\u00f3n estrat\u00e9gica para entender la situaci\u00f3n competitiva del vino argentino,&nbsp;las tendencias de consumo,&nbsp;el humor social,&nbsp;el pa\u00eds&nbsp;y el mundo que viene. Con este horizonte, las&nbsp;conferencias&nbsp;delinear\u00e1n el panorama local y global para el negocio y sumar\u00e1n datos de la coyuntura econ\u00f3mica, social y pol\u00edtica. Las mismas estar\u00e1n en manos de <strong>Carolina N\u00fa\u00f1ez<\/strong>, gerenta de Nuevos Negocios de la consultora Kantar Worldpanel; <strong>Giorgio Delgrosso<\/strong>, jefe de Estad\u00edsticas y transformaci\u00f3n digital de la OIV; <strong>Juan Gabriel Tokatlian<\/strong>, vicerrector de la Universidad&nbsp; Torcuato Di Tella y <strong>Guillermo Oliveto<\/strong>, director de la  Consultora W.<\/p>\n\n\n\n<p>La convocatoria est\u00e1 dirigida especialmente a bodegas y empresas del sector vitivin\u00edcola y contar\u00e1 con la presencia de empresarios y funcionarios provinciales y nacionales.<\/p>\n\n\n\n<p>Organizan el<strong> Fondo Vitivin\u00edcola<\/strong> y la <strong>Coviar<\/strong>, con el patrocinio de la <strong>OIV<\/strong>, el <strong>Instituto Nacional de Vitivinicultura (INV)<\/strong> y los gobiernos de Mendoza y San Juan y el auspicio de la empresa<strong> Chirca <\/strong>de <strong>insumos y servicios para procesos industriales y enol\u00f3gicos.<\/strong><\/p>\n\n\n\n<div style=\"height:30px\" aria-hidden=\"true\" class=\"wp-block-spacer\"><\/div>\n\n\n\n<ul class=\"wp-block-list\">\n<li><strong>Lugar<\/strong>: Bodega Los Toneles &#8211; Av.&nbsp;Acceso&nbsp;Este 1360, Lateral Norte, Guaymall\u00e9n, provincia de Mendoza.<\/li>\n\n\n\n<li><strong>Fecha y hora: <\/strong>Jueves 26\/10 desde las 8.30 hs<\/li>\n<\/ul>\n\n\n\n<p class=\"has-background\" style=\"background-color:#abb7c240\"><strong>Las entradas se pueden adquirir en&nbsp;<a href=\"https:\/\/elvinonosune.us15.list-manage.com\/track\/click?u=893404577f149ca331e36a99b&amp;id=1b9879f30c&amp;e=c8feb6be5f\" target=\"_blank\" rel=\"noreferrer noopener\">www.elfuturodelvinoargentino.ar<\/a>, su costo anticipado es de $5.000 y el d\u00eda del encuentro $6.000.&nbsp;<\/strong><\/p>\n\n\n\n<p class=\"has-white-background-color has-background\">Las bodegas y c\u00e1maras del sector pueden solicitar c\u00f3digo de descuento enviando un correo a&nbsp;<a href=\"mailto:comunicacion@fondovitivinicola.com.ar\"><strong>comunicacion@fondovitivinicola.com.ar<\/strong><\/a><\/p>\n\n\n\n<div style=\"height:35px\" aria-hidden=\"true\" class=\"wp-block-spacer\"><\/div>\n\n\n\n<p class=\"has-medium-font-size\"><strong>Programa<\/strong><\/p>\n\n\n\n<p>8.30 hs Acreditaciones y caf\u00e9 de bienvenida<br><br>9.00 hs:&nbsp;<strong>El mercado del vino en Argentina.<\/strong>&nbsp;Presentaci\u00f3n del estudio de Kantar Worldpanel sobre la evoluci\u00f3n del vino en los hogares argentinos y su situaci\u00f3n competitiva. Un an\u00e1lisis detallado que delinear\u00e1 el mapa de convivencia de las bebidas alcoh\u00f3licas en la canasta dom\u00e9stica. Presenta&nbsp;<strong>Carolina N\u00fa\u00f1ez<\/strong>, gerenta de Nuevos Negocios.<br><br>10.00 hs:&nbsp;<strong>La coyuntura mundial del sector vitivin\u00edcola.<\/strong>&nbsp;Una mirada sobre las principales tendencias de mercado global: desaf\u00edos y oportunidades en un contexto de incertidumbre macroecon\u00f3mica. Un panorama internacional presentado por <strong>Giorgio Delgrosso<\/strong>, <strong>jefe de Estad\u00edsticas y transformaci\u00f3n digital de la OIV<\/strong> y experto en econom\u00eda internacional, que propone repasar el impacto de las nuevas reglas en el comercio mundial que est\u00e1n redefiniendo el negocio vitivin\u00edcola, tales como el debate sobre la salud, las legislaciones denominadas de \u201ctolerancia cero\u201d, nuevas reglas de etiquetado, sustentabilidad, cambio clim\u00e1tico.&nbsp;<br><br>11.00 hs: Pausa<br><br>11.20 hs:&nbsp;<strong>La Argentina frente a los desaf\u00edos internacionales<\/strong>. El soci\u00f3logo y docente&nbsp;<strong>Juan Gabriel Tokatlian<\/strong>, vicerrector de la Universidad&nbsp; Torcuato Di Tella trazar\u00e1 un panorama para entender c\u00f3mo la reconfiguraci\u00f3n de las pol\u00edticas internacionales plantea desaf\u00edos para Argentina e impacta tambi\u00e9n en el negocio del vino. Con moderaci\u00f3n de&nbsp;la periodista <strong>Hinde Pomeraniec<\/strong>, especialista en pol\u00edtica internacional.<\/p>\n\n\n\n<p>12.15 hs:&nbsp;<strong>Consumo, contextos, tendencias y humor social.<\/strong>&nbsp;Qu\u00e9 escenarios econ\u00f3micos se abren en el corto y mediano plazo; qu\u00e9 problem\u00e1ticas modelan el complejo humor social en Argentina post elecciones y cu\u00e1les son las oportunidades para el vino argentino en este contexto. Presenta&nbsp;<strong>Guillermo Oliveto<\/strong>, Consultora W, analista y consultor de negocios.<\/p>\n\n\n\n<div style=\"height:30px\" aria-hidden=\"true\" class=\"wp-block-spacer\"><\/div>\n","protected":false},"excerpt":{"rendered":"<p>El Fondo Vitivin\u00edcola Mendoza y la Corporaci\u00f3n Vitivin\u00edcola Argentina (Coviar) invitan al Foro \u00abEl futuro&hellip;<\/p>\n","protected":false},"author":3,"featured_media":103858,"comment_status":"open","ping_status":"open","sticky":false,"template":"","format":"standard","meta":{"footnotes":""},"categories":[47],"tags":[],"class_list":["post-103809","post","type-post","status-publish","format-standard","has-post-thumbnail","hentry","category-agenda"],"_links":{"self":[{"href":"https:\/\/enolife.com.ar\/es\/wp-json\/wp\/v2\/posts\/103809","targetHints":{"allow":["GET"]}}],"collection":[{"href":"https:\/\/enolife.com.ar\/es\/wp-json\/wp\/v2\/posts"}],"about":[{"href":"https:\/\/enolife.com.ar\/es\/wp-json\/wp\/v2\/types\/post"}],"author":[{"embeddable":true,"href":"https:\/\/enolife.com.ar\/es\/wp-json\/wp\/v2\/users\/3"}],"replies":[{"embeddable":true,"href":"https:\/\/enolife.com.ar\/es\/wp-json\/wp\/v2\/comments?post=103809"}],"version-history":[{"count":0,"href":"https:\/\/enolife.com.ar\/es\/wp-json\/wp\/v2\/posts\/103809\/revisions"}],"wp:featuredmedia":[{"embeddable":true,"href":"https:\/\/enolife.com.ar\/es\/wp-json\/wp\/v2\/media\/103858"}],"wp:attachment":[{"href":"https:\/\/enolife.com.ar\/es\/wp-json\/wp\/v2\/media?parent=103809"}],"wp:term":[{"taxonomy":"category","embeddable":true,"href":"https:\/\/enolife.com.ar\/es\/wp-json\/wp\/v2\/categories?post=103809"},{"taxonomy":"post_tag","embeddable":true,"href":"https:\/\/enolife.com.ar\/es\/wp-json\/wp\/v2\/tags?post=103809"}],"curies":[{"name":"wp","href":"https:\/\/api.w.org\/{rel}","templated":true}]}}