{"id":103805,"date":"2023-10-23T23:53:14","date_gmt":"2023-10-23T23:53:14","guid":{"rendered":"https:\/\/enolife.com.ar\/es\/?p=103805"},"modified":"2023-10-24T19:06:01","modified_gmt":"2023-10-24T19:06:01","slug":"las-exportaciones-argentinas-se-liquidaran-con-un-valor-dolar-70-a-367-y-30-a-910-por-30-dias","status":"publish","type":"post","link":"https:\/\/enolife.com.ar\/es\/las-exportaciones-argentinas-se-liquidaran-con-un-valor-dolar-70-a-367-y-30-a-910-por-30-dias\/","title":{"rendered":"Las exportaciones argentinas se liquidar\u00e1n con un valor d\u00f3lar 70% a $367 y 30% a $910 por 30 d\u00edas"},"content":{"rendered":"\n<h4 class=\"wp-block-heading\"><em><strong>El ministro de Econom\u00eda y candidato a presidente de Argentina, Sergio Massa, anunci\u00f3 hoy 23\/10\/23 la\u00a0puesta en marcha de un d\u00f3lar diferencial para todo el complejo exportador, el que estar\u00e1 vigente durante los pr\u00f3ximos 30 d\u00edas, de acuerdo con un r\u00e9gimen que permitir\u00e1 liquidar el 30% al tipo de cambio financiero denominado contado con liquidaci\u00f3n (CCL)<\/strong><\/em><strong>.<\/strong><\/h4>\n\n\n\n<div style=\"height:35px\" aria-hidden=\"true\" class=\"wp-block-spacer\"><\/div>\n\n\n\n\n\n<div style=\"height:45px\" aria-hidden=\"true\" class=\"wp-block-spacer\"><\/div>\n\n\n\n<p>En el marco de un contacto mantenido este mediod\u00eda con la prensa internacional, Sergio Massa, candidato a presidente del pa\u00eds por Uni\u00f3n por la Patria (peronista) anunci\u00f3 que <em>\u00abpara fortalecer las reservas argentinas, vamos a ampliar el Programa de Fortalecimiento Exportador a todas las actividades\u00bb,<\/em> seg\u00fan consign\u00f3 un cable de la agencia noticiosa Bloomberg.<\/p>\n\n\n\n<p>Y precis\u00f3 Massa que <em>\u00abtodo el complejo exportador argentino (bienes intermedios, bienes terminados, productos primarios y servicios) va a tener por los pr\u00f3ximos 30 d\u00edas un r\u00e9gimen de liquidaci\u00f3n de 70% ingresado por lo que se denomina el mercado \u00fanico y libre de cambios (MULC) y 30% por lo que se denomina sistema de d\u00f3lares financieros o contado con liquidaci\u00f3n\u00bb.<\/em><\/p>\n\n\n\n<div style=\"height:12px\" aria-hidden=\"true\" class=\"wp-block-spacer\"><\/div>\n\n\n\n<h3 class=\"wp-block-heading has-vivid-red-color has-text-color\">Massa proyecta para 2024 un super\u00e1vit primario del 1%, un crecimiento del PBI y un incremento de m\u00e1s de US$31.000 millones en las ventas al exterior.<\/h3>\n\n\n\n<div style=\"height:16px\" aria-hidden=\"true\" class=\"wp-block-spacer\"><\/div>\n\n\n\n<p>Con el anuncio,&nbsp;Massa ampl\u00eda a todo el sector transable la posibilidad de liquidar a un tipo de cambio m\u00e1s alto un porcentaje de las divisas generadas por los env\u00edos externos.<\/p>\n\n\n\n<p>De esta manera,<strong>&nbsp;<\/strong>los exportadores terminan recibiendo una mayor cantidad de pesos que los que obtendr\u00edan si tuvieran que liquidar el 100% de sus exportaciones al tipo de cambio oficial minorista, que se ubica alrededor de los $367 por d\u00f3lar.<\/p>\n\n\n\n<p>El contado con liquidaci\u00f3n cotizaba ayer 23\/10 a la tarde a $910, tras experimentar una importante baja de m\u00e1s del 18% en comparaci\u00f3n con el cierre del viernes pasado, tras los resultados de la elecci\u00f3n general del domingo 22\/10, en la que Massa result\u00f3 el candidato m\u00e1s votado con casi el 36,68% de los sufragios, seguido por Javier Milei, con el 29,98%.<\/p>\n\n\n\n<p>Por otro lado, seg\u00fan consign\u00f3 Bloomberg L\u00ednea, el jefe del Palacio de Hacienda tambi\u00e9n comparti\u00f3 algunas perspectivas econ\u00f3micas de cara a 2024.<\/p>\n\n\n\n<div style=\"height:20px\" aria-hidden=\"true\" class=\"wp-block-spacer\"><\/div>\n\n\n\n<p class=\"has-small-font-size\"><em><strong>Fuente: Agencia T\u00e9lam<\/strong><\/em><\/p>\n\n\n\n<div style=\"height:25px\" aria-hidden=\"true\" class=\"wp-block-spacer\"><\/div>\n\n\n\n<p><a href=\"javascript:void(0);\"><\/a><\/p>\n","protected":false},"excerpt":{"rendered":"<p>El ministro de Econom\u00eda y candidato a presidente de Argentina, Sergio Massa, anunci\u00f3 hoy 23\/10\/23&hellip;<\/p>\n","protected":false},"author":3,"featured_media":103861,"comment_status":"open","ping_status":"open","sticky":false,"template":"","format":"standard","meta":{"footnotes":""},"categories":[9],"tags":[],"class_list":["post-103805","post","type-post","status-publish","format-standard","has-post-thumbnail","hentry","category-negocios"],"_links":{"self":[{"href":"https:\/\/enolife.com.ar\/es\/wp-json\/wp\/v2\/posts\/103805","targetHints":{"allow":["GET"]}}],"collection":[{"href":"https:\/\/enolife.com.ar\/es\/wp-json\/wp\/v2\/posts"}],"about":[{"href":"https:\/\/enolife.com.ar\/es\/wp-json\/wp\/v2\/types\/post"}],"author":[{"embeddable":true,"href":"https:\/\/enolife.com.ar\/es\/wp-json\/wp\/v2\/users\/3"}],"replies":[{"embeddable":true,"href":"https:\/\/enolife.com.ar\/es\/wp-json\/wp\/v2\/comments?post=103805"}],"version-history":[{"count":0,"href":"https:\/\/enolife.com.ar\/es\/wp-json\/wp\/v2\/posts\/103805\/revisions"}],"wp:featuredmedia":[{"embeddable":true,"href":"https:\/\/enolife.com.ar\/es\/wp-json\/wp\/v2\/media\/103861"}],"wp:attachment":[{"href":"https:\/\/enolife.com.ar\/es\/wp-json\/wp\/v2\/media?parent=103805"}],"wp:term":[{"taxonomy":"category","embeddable":true,"href":"https:\/\/enolife.com.ar\/es\/wp-json\/wp\/v2\/categories?post=103805"},{"taxonomy":"post_tag","embeddable":true,"href":"https:\/\/enolife.com.ar\/es\/wp-json\/wp\/v2\/tags?post=103805"}],"curies":[{"name":"wp","href":"https:\/\/api.w.org\/{rel}","templated":true}]}}