{"id":103663,"date":"2023-10-21T19:25:03","date_gmt":"2023-10-21T19:25:03","guid":{"rendered":"https:\/\/enolife.com.ar\/es\/?p=103663"},"modified":"2023-10-24T16:40:39","modified_gmt":"2023-10-24T16:40:39","slug":"viticultores-galos-atacan-camiones-espanoles-enojados-porque-espana-exporta-vino-barato-a-francia","status":"publish","type":"post","link":"https:\/\/enolife.com.ar\/es\/viticultores-galos-atacan-camiones-espanoles-enojados-porque-espana-exporta-vino-barato-a-francia\/","title":{"rendered":"Viticultores galos atacan camiones espa\u00f1oles enojados porque Espa\u00f1a exporta vino barato a Francia"},"content":{"rendered":"\n<h4 class=\"wp-block-heading\"><em><strong>Alrededor de 500 viticultores galos bloquearon en la ma\u00f1ana del 19 de octubre un paso fronterizo entre Francia y Espa\u00f1a en los Pirineos y saquearon la carga de varios camiones. Acusan al gobierno y empresas espa\u00f1olas de estar provocando el hundimiento de muchas explotaciones en el sur de Francia al entrar a su pa\u00eds con precios muchos m\u00e1s bajos que los suyos. Los agricultores espa\u00f1oles exigen sanciones severas a Francia por el boicot.<\/strong><\/em><\/h4>\n\n\n\n<div style=\"height:35px\" aria-hidden=\"true\" class=\"wp-block-spacer\"><\/div>\n\n\n\n\n\n<div style=\"height:45px\" aria-hidden=\"true\" class=\"wp-block-spacer\"><\/div>\n\n\n\n<p>Transportistas y productores vitivin\u00edcolas espa\u00f1oles se mostraron indignados por la agresividad de unos 500 viticultores franceses de los departamentos de <strong>Aude<\/strong> y de los <strong>Pirineos Orientales<\/strong>, que en el 19 de octubre bloquearon el paso fronterizo con <strong>Espa\u00f1a<\/strong> de <strong>Le Perthus<\/strong> para exigir el fin de las importaciones y&nbsp;saquearon varios camiones espa\u00f1oles.&nbsp;Los manifestantes, que quemaron neum\u00e1ticos en el peaje de la autopista en <strong>Le Boulou<\/strong> saqueraron, primero, un cami\u00f3n con&nbsp;tomates y luego, otro de vino y un tercero de espumantes.&nbsp;Volcaron el contenido de la carga en el asfalto sin que la polic\u00eda, que se mantuvo a distancia, interviniera en ning\u00fan momento.&nbsp;\u00bfA qu\u00e9 se debe este boicot?<\/p>\n\n\n\n<div style=\"height:30px\" aria-hidden=\"true\" class=\"wp-block-spacer\"><\/div>\n\n\n<div class=\"wp-block-image\">\n<figure class=\"aligncenter size-full is-resized\"><a href=\"https:\/\/enolife.com.ar\/es\/wp-content\/uploads\/2023\/10\/f.elconfidencial.com_original_33d_016_f97_33d016f9709cf0f897fabcf7c1a66d16.jpg\" data-rel=\"penci-gallery-image-content\" ><img loading=\"lazy\" decoding=\"async\" src=\"https:\/\/enolife.com.ar\/es\/wp-content\/uploads\/2023\/10\/f.elconfidencial.com_original_33d_016_f97_33d016f9709cf0f897fabcf7c1a66d16.jpg\" alt=\"\" class=\"wp-image-103759\" width=\"638\" height=\"413\" srcset=\"https:\/\/enolife.com.ar\/es\/wp-content\/uploads\/2023\/10\/f.elconfidencial.com_original_33d_016_f97_33d016f9709cf0f897fabcf7c1a66d16.jpg 772w, https:\/\/enolife.com.ar\/es\/wp-content\/uploads\/2023\/10\/f.elconfidencial.com_original_33d_016_f97_33d016f9709cf0f897fabcf7c1a66d16-300x194.jpg 300w, https:\/\/enolife.com.ar\/es\/wp-content\/uploads\/2023\/10\/f.elconfidencial.com_original_33d_016_f97_33d016f9709cf0f897fabcf7c1a66d16-768x497.jpg 768w, https:\/\/enolife.com.ar\/es\/wp-content\/uploads\/2023\/10\/f.elconfidencial.com_original_33d_016_f97_33d016f9709cf0f897fabcf7c1a66d16-585x379.jpg 585w\" sizes=\"auto, (max-width: 638px) 100vw, 638px\" \/><\/a><figcaption class=\"wp-element-caption\"><em><strong>Ataque a un cami\u00f3n espa\u00f1ol que transportaba vino espumoso (cava como le dicen en Espa\u00f1a)<\/strong><\/em><\/figcaption><\/figure><\/div>\n\n\n<div style=\"height:30px\" aria-hidden=\"true\" class=\"wp-block-spacer\"><\/div>\n\n\n\n<p>Una parte de los manifestantes hab\u00eda comenzado su acci\u00f3n en <strong>Narbona<\/strong>, donde el presidente del Sindicato de Viticultores de Aude, <strong>Fr\u00e9d\u00e9ric Rouanet<\/strong>, anunci\u00f3 que iban a&nbsp;<em>\u00abdetener las importaciones espa\u00f1olas\u00bb<\/em><strong>, <\/strong>a las que acusan de estar provocando el hundimiento de muchas explotaciones en el sur de Francia al entrar en el pa\u00eds con precios muchos m\u00e1s bajos que los suyos.&nbsp;Sus quejas se dirigen en particular contra el&nbsp;vino a granel que llega de Espa\u00f1a y que en la mayor parte de los casos se embotella en Francia&nbsp;para su comercializaci\u00f3n.<\/p>\n\n\n\n<div style=\"height:16px\" aria-hidden=\"true\" class=\"wp-block-spacer\"><\/div>\n\n\n\n<h3 class=\"wp-block-heading has-vivid-red-color has-text-color\">Francia es el principal comprador de vino a granel espa\u00f1ol, y al pa\u00eds galo se dirige el 32% del volumen total exportado por Espa\u00f1a y el 30% de la facturaci\u00f3n por esos env\u00edos,&nbsp;seg\u00fan los datos del Observatorio Espa\u00f1ol del Mercado del Vino (OEMV) sobre los doce meses entre julio de 2022 y 2023.<\/h3>\n\n\n\n<div style=\"height:11px\" aria-hidden=\"true\" class=\"wp-block-spacer\"><\/div>\n\n\n\n<p>En los<strong>&nbsp;<\/strong>siete primeros meses de este a\u00f1o, Francia le compr\u00f3 a Espa\u00f1a casi 218 millones de litros de vino a granel por valor de m\u00e1s de 93,6 millones de euros. Tanto en volumen como en facturaci\u00f3n, las cifras acumuladas en los primeros siete meses de 2023 son ligeramente inferiores a los 219 millones de litros de vino a granel por valor de 92,7 millones de euros que Espa\u00f1a vendi\u00f3 a Francia en el mismo per\u00edodo de 2022.<\/p>\n\n\n\n<p>En el c\u00f3mputo global de 2022, Francia acapar\u00f3 el 32,7% del volumen total de vino a granel exportado por Espa\u00f1a y el 29,7% de la facturaci\u00f3n. A nivel general, la exportaci\u00f3n de vino a granel represent\u00f3 en 2022 el 55% del volumen total de vino que comercializ\u00f3 Espa\u00f1a en el exterior, con unos despachos de&nbsp;1.148,4 millones de litros por valor de 527,8 millones de euros.<\/p>\n\n\n\n<div style=\"height:35px\" aria-hidden=\"true\" class=\"wp-block-spacer\"><\/div>\n\n\n\n<figure class=\"wp-block-embed is-type-video is-provider-youtube wp-block-embed-youtube wp-embed-aspect-16-9 wp-has-aspect-ratio\"><div class=\"wp-block-embed__wrapper\">\n<iframe loading=\"lazy\" title=\"FRANCIA: VINICULTORES asaltan CAMIONES para impedir la IMPORTACI\u00d3N de VINO ESPA\u00d1OL | RTVE\" width=\"1170\" height=\"658\" src=\"https:\/\/www.youtube.com\/embed\/W8R_wK_PUOk?feature=oembed\" frameborder=\"0\" allow=\"accelerometer; autoplay; clipboard-write; encrypted-media; gyroscope; picture-in-picture; web-share\" allowfullscreen><\/iframe>\n<\/div><\/figure>\n\n\n\n<div style=\"height:35px\" aria-hidden=\"true\" class=\"wp-block-spacer\"><\/div>\n\n\n\n<p>Las organizaciones agrarias&nbsp;Asaja, COAG y UPA exigieron que las autoridades adopten medidas contra el ataque en Francia a los productos espa\u00f1oles.&nbsp;Con respecto de las razones que motivaron las acciones de los viticultores franceses, el secretario general de&nbsp;<strong>COAG<\/strong>, Miguel Padilla, afirm\u00f3o:&nbsp;<em>\u00abLa crisis de rentabilidad&nbsp;que sufren los productores franceses&nbsp;tambi\u00e9n la estamos padeciendo los agricultores espa\u00f1oles. En el trasfondo hay una estrategia meramente comercial.&nbsp;Se busca apartar a los productores espa\u00f1oles del mercado comunitario cuando las verdaderas responsables son las grandes cadenas de distribuci\u00f3n, principalmente francesas\u00bb.<\/em><\/p>\n\n\n\n<p>Desde el Ministerio de Agricultura de Espa\u00f1a se limitaron a expresar su <em>\u00abcondena\u00bb<\/em> por los ataques y a reprobar estos actos <em>\u00abque atentan contra la libre circulaci\u00f3n de mercanc\u00edas en el seno de la Uni\u00f3n Europea y que perjudican los intereses de los afectados\u00bb<\/em>. Desde el Ministerio de Agricultura, Pesca y Alimentaci\u00f3n confirmaro que <em>\u00abest\u00e1n en contacto con las autoridades francesas a fin de que se restablezca la normalidad y no se reproduzcan estos incidentes\u00bb<\/em> y aseguraron que, en principio, son <em>\u00abacciones aisladas\u00bb.<\/em><\/p>\n\n\n\n<div style=\"height:24px\" aria-hidden=\"true\" class=\"wp-block-spacer\"><\/div>\n\n\n\n<p class=\"has-background\" style=\"background-color:#9b51e038\"><strong>Espa\u00f1a<\/strong> es uno de los l\u00edderes en producci\u00f3n y exportaci\u00f3n de vino a nivel mundial. Su sector vitivin\u00edcola representa un pilar fundamental para la econom\u00eda del pa\u00eds, especialmente en las \u00e1reas rurales donde es un generador importante de empleo y riqueza. Seg\u00fan argumentaron los sindicatos de transportistas y varias agrupaciones de viticultores espa\u00f1oles, <em>\u00ablos ataques a camioneros que transportaban vino espa\u00f1ol no son s\u00f3lo un ataque a las empresas vitivin\u00edcolas de ese pa\u00eds, sino tambi\u00e9n una amenaza para la estabilidad econ\u00f3mica y social en general\u00bb.<\/em><\/p>\n\n\n\n<div style=\"height:17px\" aria-hidden=\"true\" class=\"wp-block-spacer\"><\/div>\n\n\n\n<p>La Federaci\u00f3n Nacional de Asociaciones de Trasporte de Espa\u00f1a (Fenadismer) se ha puesto a disposici\u00f3n de los transportistas afectados por los actos vand\u00e1licos para<strong>&nbsp;<\/strong>reclamar los da\u00f1os econ\u00f3micos sufridos tanto a las mercanc\u00edas transportadas como a los propios veh\u00edculos contra el Estado franc\u00e9s&nbsp;al no haber actuado con la diligencia necesaria para impedir estas acciones y garantizar el derecho fundamental de la libre circulaci\u00f3n de mercanc\u00edas consagrado por la legislaci\u00f3n europea.<\/p>\n\n\n\n<p>En este sentido, ya la<strong>&nbsp;Justicia europea conden\u00f3 al Estado franc\u00e9s por estas agresiones,<\/strong> como responsable subsidiario de los da\u00f1os ocasionados por las actuaciones agresivas de sus ciudadanos, En concreto, una sentencia del Tribunal Europeo de Justicia de la Uni\u00f3n Europea, dictada en diciembre de 1997, conden\u00f3 a Francia por los ataques de los agricultores franceses a camiones espa\u00f1oles, al no haber garantizado la seguridad de los transportistas y haber actuado con pasividad ante los ataques, en concreto al no haber procurado ni adoptado las medidas necesarias para que las acciones violentas de sus ciudadanos no impidan ni obstaculicen la libre circulaci\u00f3n de los veh\u00edculos y mercanc\u00edas por el territorio europeo.<\/p>\n\n\n\n<div style=\"height:13px\" aria-hidden=\"true\" class=\"wp-block-spacer\"><\/div>\n\n\n\n<p class=\"has-small-font-size\"><em><strong>Fuentes: La Raz\u00f3n de Espa\u00f1a y Vinetur<\/strong><\/em><strong><em> <\/em><\/strong><\/p>\n\n\n\n<div style=\"height:15px\" aria-hidden=\"true\" class=\"wp-block-spacer\"><\/div>\n","protected":false},"excerpt":{"rendered":"<p>Alrededor de 500 viticultores galos bloquearon en la ma\u00f1ana del 19 de octubre un paso&hellip;<\/p>\n","protected":false},"author":3,"featured_media":103757,"comment_status":"open","ping_status":"open","sticky":false,"template":"","format":"standard","meta":{"footnotes":""},"categories":[14],"tags":[],"class_list":["post-103663","post","type-post","status-publish","format-standard","has-post-thumbnail","hentry","category-news"],"_links":{"self":[{"href":"https:\/\/enolife.com.ar\/es\/wp-json\/wp\/v2\/posts\/103663","targetHints":{"allow":["GET"]}}],"collection":[{"href":"https:\/\/enolife.com.ar\/es\/wp-json\/wp\/v2\/posts"}],"about":[{"href":"https:\/\/enolife.com.ar\/es\/wp-json\/wp\/v2\/types\/post"}],"author":[{"embeddable":true,"href":"https:\/\/enolife.com.ar\/es\/wp-json\/wp\/v2\/users\/3"}],"replies":[{"embeddable":true,"href":"https:\/\/enolife.com.ar\/es\/wp-json\/wp\/v2\/comments?post=103663"}],"version-history":[{"count":0,"href":"https:\/\/enolife.com.ar\/es\/wp-json\/wp\/v2\/posts\/103663\/revisions"}],"wp:featuredmedia":[{"embeddable":true,"href":"https:\/\/enolife.com.ar\/es\/wp-json\/wp\/v2\/media\/103757"}],"wp:attachment":[{"href":"https:\/\/enolife.com.ar\/es\/wp-json\/wp\/v2\/media?parent=103663"}],"wp:term":[{"taxonomy":"category","embeddable":true,"href":"https:\/\/enolife.com.ar\/es\/wp-json\/wp\/v2\/categories?post=103663"},{"taxonomy":"post_tag","embeddable":true,"href":"https:\/\/enolife.com.ar\/es\/wp-json\/wp\/v2\/tags?post=103663"}],"curies":[{"name":"wp","href":"https:\/\/api.w.org\/{rel}","templated":true}]}}