{"id":103310,"date":"2023-10-13T02:01:01","date_gmt":"2023-10-13T02:01:01","guid":{"rendered":"https:\/\/enolife.com.ar\/es\/?p=103310"},"modified":"2023-10-21T19:25:34","modified_gmt":"2023-10-21T19:25:34","slug":"con-premios-de-8-000-000-mendoza-lanza-poda-1er-concurso-de-cortometrajes-sobre-el-vino","status":"publish","type":"post","link":"https:\/\/enolife.com.ar\/es\/con-premios-de-8-000-000-mendoza-lanza-poda-1er-concurso-de-cortometrajes-sobre-el-vino\/","title":{"rendered":"Con premios de $8.000.000, Mendoza lanza \u00abPoda\u00bb, 1er concurso de cortometrajes sobre el vino"},"content":{"rendered":"\n<h4 class=\"wp-block-heading\"><em><strong>El Gobierno de Mendoza, el sitio web estatal Mendoza Film Commission y el Fondo Vitivin\u00edcola Mendoza anunciaron la convocatoria al primer concurso de cortos audiovisuales que tengan al vino y a la vid, sus paisajes, su gente y su cultura como protagonistas. Se elegir\u00e1n dos guiones -ficci\u00f3n y no ficci\u00f3n- que recibir\u00e1n un premio de $4.000.000 cada uno para su filmaci\u00f3n, y los ganadores participar\u00e1n con esa pel\u00edcula del Festival de Cine MOST 2024, en Espa\u00f1a. Las inscripciones estar\u00e1n abiertas desde el 23 de octubre al 6 de noviembre.<\/strong><\/em><\/h4>\n\n\n\n<div style=\"height:35px\" aria-hidden=\"true\" class=\"wp-block-spacer\"><\/div>\n\n\n\n\n\n<div style=\"height:45px\" aria-hidden=\"true\" class=\"wp-block-spacer\"><\/div>\n\n\n\n<p>El <strong>Gobierno de Mendoza<\/strong> y el <strong>Fondo Vitivin\u00edcola Mendoza<\/strong> llamaron a un concurso en el que podr\u00e1n participar todas las personas (f\u00edsicas o jur\u00eddicas, aclara la convocatoria) inscriptas en el <strong>Registro Audiovisual de la Provincia<\/strong>, presentando proyectos f\u00edlmicos <em>\u00abque se enmarquen en alguna finalidad de promoci\u00f3n y desarrollo de la industria vitivin\u00edcola en el territorio de la Provincia de Mendoza, mediante el impulso de la actividad audiovisual\u00bb<\/em>, seg\u00fan precisa el llamado oficial.<\/p>\n\n\n<div class=\"wp-block-image\">\n<figure class=\"alignleft is-resized\"><img loading=\"lazy\" decoding=\"async\" src=\"https:\/\/www.mendoza.gov.ar\/wp-content\/uploads\/sites\/23\/2023\/10\/FLYER-PODA-700x1244.jpeg\" alt=\"\" class=\"wp-image-9070\" width=\"350\" height=\"622\"\/><\/figure><\/div>\n\n\n<p>Podr\u00e1n participar del concurso quienes presenten proyectos de ficci\u00f3n y no ficci\u00f3n. El jurado otorgar\u00e1 dos premios de $4.000.000 cada uno a los mejores proyectos de producci\u00f3n de cortometrajes de \u00abno ficci\u00f3n\u00bb y \u00abficci\u00f3n\u00bb, incluyendo en este \u00faltimo rubro la posibilidad de que el corto sea de animaci\u00f3n.<\/p>\n\n\n\n<p class=\"has-background\" style=\"background-color:#abb7c259\"><strong>Las bases se publicar\u00e1n el 23 de octubre en el sitio de la&nbsp;<a href=\"https:\/\/elvinonosune.us15.list-manage.com\/track\/click?u=893404577f149ca331e36a99b&amp;id=46f063b1f4&amp;e=c8feb6be5f\" target=\"_blank\" rel=\"noreferrer noopener\">Mendoza Film Commission<\/a><\/strong> <strong>y habr\u00e1 tiempo para la inscripci\u00f3n hasta el 6\/11.<\/strong><\/p>\n\n\n\n<p><em>\u201cEn el mundo del vino la <strong>poda<\/strong> determina la forma de la planta, su follaje y su productividad. Es un corte que permite prever la cantidad y calidad de la pr\u00f3xima cosecha. En el audiovisual, el corte da ritmo y estructura a una realizaci\u00f3n, es la expresi\u00f3n m\u00e1s pura del lenguaje cinematogr\u00e1fico. Ambas acepciones dejan entrever una historia a ser contada y que sucede en Mendoza. Ambos cortes son actos creativos que potencian el resultado final\u201d<\/em>. As\u00ed explican los organizadores el sentido del nombre <strong>\u00abPoda\u00bb<\/strong>, el as\u00ed llamado primer concurso de cortometrajes cuyo tema y protagonista ser\u00e1 el vino y la cultura vitivin\u00edcola.<\/p>\n\n\n\n<p>Poda busca estimular la realizaci\u00f3n audiovisual en la provincia al tiempo que pretende generar trabajos que promuevan la actividad y la cultura ligadas a la vid y el vino.<\/p>\n\n\n\n<p><em>\u201cAunar las industrias que tiene Mendoza detr\u00e1s de proyectos que las potencien es clave para que la actividad econ\u00f3mica provincial crezca. En este caso, tanto la vitivinicultura como el cine son rubros que se complementan y sobre los que desarrollamos desde el Gobierno de Mendoza pol\u00edticas p\u00fablicas para impulsarlos\u201d<\/em>, precis\u00f3 al respecto <strong>Enrique Vaqui\u00e9, <\/strong>ministro de Econom\u00eda y Energ\u00eda de la provincia.<\/p>\n\n\n\n<p>El jurado estar\u00e1 integrado por <strong>Lara Decuzzi<\/strong>, productora rionegrina de amplia experiencia en la industria cultural, jurado en numerosos y prestigiosos concursos audiovisuales y tutora de proyectos cinematogr\u00e1ficos del Incaa; <strong>Sabrina Farji<\/strong>, directora, guionista, productora, jurado en numerosos festivales y cert\u00e1menes, tutora de proyectos para la Televisi\u00f3n Digital y capacitadora en el \u00e1rea de guion, direcci\u00f3n y producci\u00f3n; y <strong>Woody Gonz\u00e1lez<\/strong>, productor ejecutivo y realizador audiovisual de amplia experiencia en la direcci\u00f3n y realizaci\u00f3n de producciones culturales como Encuentro en el Estudio, Alterador por Pi, con Adri\u00e1n Paenza, y La vida es arte; adem\u00e1s, ha realizado y dirigido numerosos ciclos documentales para televisi\u00f3n.<\/p>\n\n\n\n<div style=\"height:35px\" aria-hidden=\"true\" class=\"wp-block-spacer\"><\/div>\n\n\n\n<p class=\"has-medium-font-size\"><strong>Los ganadores participar\u00e1n del Festival MOST en Espa\u00f1a<\/strong><\/p>\n\n\n\n<p>Quienes resulten elegidos podr\u00e1n exhibir su trabajo en la edici\u00f3n 2024 del <strong>MOST Festival de Cine y Cava<\/strong> que se realiza en <strong>Vilafranca del Pened\u00e9s, Catalu\u00f1a, Espa\u00f1a.<\/strong> Participar\u00e1n en la secci\u00f3n <strong>Collita (Cosecha, en catal\u00e1n)<\/strong> que recoge lo mejor del cortometraje internacional referido a la cultura vitivin\u00edcola.<\/p>\n\n\n\n<p><strong>Los proyectos deben tener un m\u00ednimo de 5 (cinco) y un m\u00e1ximo de 30 (treinta) minutos de duraci\u00f3n<\/strong>. El concurso aspira a que los cortos puedan exhibirse en \u00e1mbitos de promoci\u00f3n de la vitivinicultura y del vino, adem\u00e1s de los \u00e1mbitos audiovisuales. <\/p>\n\n\n\n<p>Sus guiones deber\u00e1n tener al vino, la vitivinicultura cuenta de esta cultura ligada a la vid, al vino, sus espacios -bodegas, vi\u00f1edos, museos, vinotecas, entre otros-, sus ocasiones de consumo, su patrimonio y las personas y sus historias que forman parte de esta cultura.&nbsp;Se valorar\u00e1 la mirada innovadora, que busque la singularidad en sus enfoques y recursos y que muestre a la actividad vitivin\u00edcola y al vino en contextos positivos.&nbsp;<\/p>\n\n\n\n<p class=\"has-background\" style=\"background-color:#abb7c26e\"><strong>M\u00e1s info, bases y documentaci\u00f3n requerida:&nbsp;<a href=\"https:\/\/www.mendoza.gov.ar\/economia\/concurso-poda\/\">https:\/\/www.mendoza.gov.ar\/economia\/concurso-poda\/<\/a> &#8211;<a href=\"https:\/\/www.mendoza.gov.ar\/wp-content\/uploads\/sites\/23\/2023\/10\/Guia-sobre-la-documentacion-a-adjuntar.pdf\">Gu\u00eda de documentaci\u00f3n a adjuntar<\/a><\/strong><\/p>\n\n\n\n<div style=\"height:22px\" aria-hidden=\"true\" class=\"wp-block-spacer\"><\/div>\n\n\n\n<p><\/p>\n","protected":false},"excerpt":{"rendered":"<p>El Gobierno de Mendoza, el sitio web estatal Mendoza Film Commission y el Fondo Vitivin\u00edcola&hellip;<\/p>\n","protected":false},"author":3,"featured_media":103408,"comment_status":"open","ping_status":"open","sticky":false,"template":"","format":"standard","meta":{"footnotes":""},"categories":[47],"tags":[],"class_list":["post-103310","post","type-post","status-publish","format-standard","has-post-thumbnail","hentry","category-agenda"],"_links":{"self":[{"href":"https:\/\/enolife.com.ar\/es\/wp-json\/wp\/v2\/posts\/103310","targetHints":{"allow":["GET"]}}],"collection":[{"href":"https:\/\/enolife.com.ar\/es\/wp-json\/wp\/v2\/posts"}],"about":[{"href":"https:\/\/enolife.com.ar\/es\/wp-json\/wp\/v2\/types\/post"}],"author":[{"embeddable":true,"href":"https:\/\/enolife.com.ar\/es\/wp-json\/wp\/v2\/users\/3"}],"replies":[{"embeddable":true,"href":"https:\/\/enolife.com.ar\/es\/wp-json\/wp\/v2\/comments?post=103310"}],"version-history":[{"count":0,"href":"https:\/\/enolife.com.ar\/es\/wp-json\/wp\/v2\/posts\/103310\/revisions"}],"wp:featuredmedia":[{"embeddable":true,"href":"https:\/\/enolife.com.ar\/es\/wp-json\/wp\/v2\/media\/103408"}],"wp:attachment":[{"href":"https:\/\/enolife.com.ar\/es\/wp-json\/wp\/v2\/media?parent=103310"}],"wp:term":[{"taxonomy":"category","embeddable":true,"href":"https:\/\/enolife.com.ar\/es\/wp-json\/wp\/v2\/categories?post=103310"},{"taxonomy":"post_tag","embeddable":true,"href":"https:\/\/enolife.com.ar\/es\/wp-json\/wp\/v2\/tags?post=103310"}],"curies":[{"name":"wp","href":"https:\/\/api.w.org\/{rel}","templated":true}]}}