{"id":103293,"date":"2023-10-13T17:27:47","date_gmt":"2023-10-13T17:27:47","guid":{"rendered":"https:\/\/enolife.com.ar\/es\/?p=103293"},"modified":"2023-10-15T13:12:07","modified_gmt":"2023-10-15T13:12:07","slug":"la-cata-evinor-marco-record-atrajo-a-expertos-del-mundo-y-trae-a-mendoza-los-torrontes-premiados","status":"publish","type":"post","link":"https:\/\/enolife.com.ar\/es\/la-cata-evinor-marco-record-atrajo-a-expertos-del-mundo-y-trae-a-mendoza-los-torrontes-premiados\/","title":{"rendered":"La cata Evinor marc\u00f3 r\u00e9cord, atrajo a expertos del mundo y trae a Mendoza los torront\u00e9s premiados"},"content":{"rendered":"\n<h4 class=\"wp-block-heading\"><em><strong>La edici\u00f3n n\u00famero 17 de la Evaluaci\u00f3n de Vinos del Norte Argentino (Evinor), a la par de varios encuentros internacionales asociados, reuni\u00f3 entre los d\u00edas 6 y 8 de octubre pasado en Chilecito, La Rioja, a unas 3.000 personas entre expertos llegados de todo el mundo, funcionarios de gobierno, productores empresarios, periodistas y p\u00fablico en general. La megadegustaci\u00f3n que cerr\u00f3 el encuentro permiti\u00f3 que 1.150 personas, en un mismo sitio, probaran los 11 vinos calificados con el mayor puntaje por 50 jurados del pa\u00eds, Brasil, Italia y Espa\u00f1a. <\/strong><\/em><\/h4>\n\n\n\n<hr class=\"wp-block-separator has-alpha-channel-opacity\"\/>\n\n\n\n<h4 class=\"wp-block-heading\"><em><strong>El ya cl\u00e1sico evento organizado por la C\u00e1mara Riojana de Productores Agropecuarios (Carpa), el Centro de Desarrollo Vit\u00edcola (CDV) La Rioja de la Corporaci\u00f3n Vitivin\u00edcola Argentina (Coviar) y el Instituto Nacional de Tecnolog\u00eda Agropecuaria (INTA), con el apoyo del Consejo Federal de Inversiones (CFI) y el acompa\u00f1amiento del Gobierno de La Rioja, se ha convertido as\u00ed en una de las catas m\u00e1s grandes del mundo, con repercusi\u00f3n internacional. Hoy 13\/10, en otra de las actividades por la Semana del Torront\u00e9s, y para que los mendocinos conozcan esos vinos, los 3 mejores torront\u00e9s riojanos premiados en Evinor se podr\u00e1n degustar a las 20 hs. en el Concejo Deliberante de la Municipalidad de San Mart\u00edn, Mendoza. <\/strong><\/em>  <\/h4>\n\n\n\n<div style=\"height:35px\" aria-hidden=\"true\" class=\"wp-block-spacer\"><\/div>\n\n\n<a href=\"http:\/\/www.quiminsa.com.ar\/\" aria-label=\"banner quiminsa b 1700&#215;500\"><img loading=\"lazy\" decoding=\"async\" src=\"https:\/\/enolife.com.ar\/es\/wp-content\/uploads\/2022\/04\/banner-quiminsa-b-1700x500-1.jpg\" alt=\"\"  srcset=\"https:\/\/enolife.com.ar\/es\/wp-content\/uploads\/2022\/04\/banner-quiminsa-b-1700x500-1.jpg 1700w, https:\/\/enolife.com.ar\/es\/wp-content\/uploads\/2022\/04\/banner-quiminsa-b-1700x500-1-300x88.jpg 300w, https:\/\/enolife.com.ar\/es\/wp-content\/uploads\/2022\/04\/banner-quiminsa-b-1700x500-1-1024x301.jpg 1024w, https:\/\/enolife.com.ar\/es\/wp-content\/uploads\/2022\/04\/banner-quiminsa-b-1700x500-1-768x226.jpg 768w, https:\/\/enolife.com.ar\/es\/wp-content\/uploads\/2022\/04\/banner-quiminsa-b-1700x500-1-1536x452.jpg 1536w, https:\/\/enolife.com.ar\/es\/wp-content\/uploads\/2022\/04\/banner-quiminsa-b-1700x500-1-1170x344.jpg 1170w, https:\/\/enolife.com.ar\/es\/wp-content\/uploads\/2022\/04\/banner-quiminsa-b-1700x500-1-585x172.jpg 585w\" sizes=\"auto, (max-width: 1700px) 100vw, 1700px\" width=\"1700\" height=\"500\"   \/><\/a>\n\n\n<div style=\"height:45px\" aria-hidden=\"true\" class=\"wp-block-spacer\"><\/div>\n\n\n\n<p>Entre el 6 y el 8 de octubre se desarroll\u00f3 en la pujante ciudad de <strong>Chilecito, La Rioja,<\/strong> la edici\u00f3n n\u00famero 17 de la <strong>Evaluaci\u00f3n de Vinos del Norte (Evinor)<\/strong>, la <strong>mayor cata de Argentina<\/strong> y una de las m\u00e1s concurridas del mundo, que este a\u00f1o congreg\u00f3 a m\u00e1s de <strong>3.000 personas<\/strong> entre las m\u00faltiples actividades que convirtieron a la norte\u00f1a provincia argentina en centro de atenci\u00f3n de la vitivinicultura nacional. Como broche de oro a los <strong>3 d\u00edas de catas, congresos y festejos<\/strong>, tuvo lugar una cena en el a\u00e9rodromo de la ciudad en la que <strong>1.150 pudieron probar los 11 vinos mejor puntuados por 50 jurados de todo el mundo, <\/strong>en una verdadera fiesta multitudinaria en la que Enolife -especialmente invitado- fue el \u00fanico medio vitivin\u00edcola de Mendoza presente. El encuentro marc\u00f3 un r\u00e9cord de convocatoria en cuanto a cantidad de muestras y asistencia de p\u00fablico, lo que permite acrecentar su prestigio y reconocimiento a nivel internacional.<\/p>\n\n\n\n<div style=\"height:20px\" aria-hidden=\"true\" class=\"wp-block-spacer\"><\/div>\n\n\n\n<p class=\"has-medium-font-size\"><strong>Evinor, marco ideal para el encuentro mundial de cooperativas<\/strong><\/p>\n\n\n\n<p>En paralelo a la realizaci\u00f3n de <strong>Evinor<\/strong> y los festejos asociados por la <strong>Semana del Torront\u00e9s,<\/strong> tuvo lugar en <strong>Chilecito<\/strong> en <strong>Foro Mundial de Cooperativas Vitivin\u00edcolas<\/strong>, en el que dirigentes cooperativos de <strong>Argentina, Espa\u00f1a, Italia, Brasil, Chile y Estados Unidos<\/strong> analizaron los temas y desaf\u00edos que enfrentan las cooperativas de productores del vino, columnas vertebrales de esta industria en los principales pa\u00edses productores, como por ejemplo Italia, donde la <strong>Cooperativa Caviro<\/strong> nuclea a decenas de miles de viticultores, concentra la mayor cantidad de bodegas y elabora la mayor cantidad de botellas, tanto para el mercado interno como para la exportaci\u00f3n. En Argentina, cabe se\u00f1alarlo, el nucleamiento de productores en cooperativas tambi\u00e9n tiene larga tradici\u00f3n y fuerte impacto, como es el caso de las cooperativas <strong>La Riojana<\/strong> en La Rioja y <strong>Fecovita<\/strong>, con sede en Mendoza, que entre ambas agrupan a casi 100 asociaciones de productores que involucran a 6.000 vi\u00f1ateros y sus familias.<\/p>\n\n\n\n<p>Precisamente, el titular de la Cooperativa La Riojana, <strong>Alfredo Capece<\/strong>, quien tambi\u00e9n ha sido el \u00faltimo a\u00f1o presidente del Foro Mundial de Cooperativas, lider\u00f3 en ese car\u00e1cter el Foro Mundial de Cooperativas, que tuvo su reuni\u00f3n principal el viernes 7 en el hotel <strong>Mac Royal Suites<\/strong> de Chilecito. Tras esa cumbre de cooperativistas, La Riojana ofreci\u00f3 un almuerzo para todos los participantes en la <strong>Finca Ciudadela<\/strong>, de Cooperativa La Riojana. Tambi\u00e9n el mismo d\u00eda los asistentes locales e internacionales concurrieron a conocer el <strong>Colegio Nacional Agrot\u00e9cnico Ingeniero Julio C\u00e9sar Mart\u00ednez<\/strong>, donde se preparan los futuros t\u00e9nicos y profesionales del agro y la vitivinicultura chilecite\u00f1os. <\/p>\n\n\n\n<div style=\"height:30px\" aria-hidden=\"true\" class=\"wp-block-spacer\"><\/div>\n\n\n<div class=\"wp-block-image\">\n<figure class=\"aligncenter size-full is-resized\"><a href=\"https:\/\/enolife.com.ar\/es\/wp-content\/uploads\/2023\/10\/IMG_20231006_134525712.jpg\" data-rel=\"penci-gallery-image-content\" ><img loading=\"lazy\" decoding=\"async\" src=\"https:\/\/enolife.com.ar\/es\/wp-content\/uploads\/2023\/10\/IMG_20231006_134525712.jpg\" alt=\"\" class=\"wp-image-103513\" width=\"686\" height=\"343\" srcset=\"https:\/\/enolife.com.ar\/es\/wp-content\/uploads\/2023\/10\/IMG_20231006_134525712.jpg 1000w, https:\/\/enolife.com.ar\/es\/wp-content\/uploads\/2023\/10\/IMG_20231006_134525712-300x150.jpg 300w, https:\/\/enolife.com.ar\/es\/wp-content\/uploads\/2023\/10\/IMG_20231006_134525712-768x384.jpg 768w, https:\/\/enolife.com.ar\/es\/wp-content\/uploads\/2023\/10\/IMG_20231006_134525712-585x293.jpg 585w\" sizes=\"auto, (max-width: 686px) 100vw, 686px\" \/><\/a><figcaption class=\"wp-element-caption\"><em><strong>Colegio Nacional Agrot\u00e9cnico Ingeniero Julio C\u00e9sar Mart\u00ednez.<\/strong><\/em><\/figcaption><\/figure><\/div>\n\n<div class=\"wp-block-image\">\n<figure class=\"aligncenter size-full is-resized\"><a href=\"https:\/\/enolife.com.ar\/es\/wp-content\/uploads\/2023\/10\/Imagen1-5.jpg\" data-rel=\"penci-gallery-image-content\" ><img loading=\"lazy\" decoding=\"async\" src=\"https:\/\/enolife.com.ar\/es\/wp-content\/uploads\/2023\/10\/Imagen1-5.jpg\" alt=\"\" class=\"wp-image-103510\" width=\"694\" height=\"358\" srcset=\"https:\/\/enolife.com.ar\/es\/wp-content\/uploads\/2023\/10\/Imagen1-5.jpg 969w, https:\/\/enolife.com.ar\/es\/wp-content\/uploads\/2023\/10\/Imagen1-5-300x155.jpg 300w, https:\/\/enolife.com.ar\/es\/wp-content\/uploads\/2023\/10\/Imagen1-5-768x396.jpg 768w, https:\/\/enolife.com.ar\/es\/wp-content\/uploads\/2023\/10\/Imagen1-5-585x302.jpg 585w\" sizes=\"auto, (max-width: 694px) 100vw, 694px\" \/><\/a><figcaption class=\"wp-element-caption\"><em><strong>Almuerzo en Finca Ciudadela de Cooperativa La Riojana con jurados y participantes del Foro  Mundial de Cooperativas Vitivin\u00edcolas<\/strong><\/em><\/figcaption><\/figure><\/div>\n\n\n<div style=\"height:26px\" aria-hidden=\"true\" class=\"wp-block-spacer\"><\/div>\n\n\n\n<p class=\"has-medium-font-size\"><strong>Los mejores vinos del norte argentino, a escena  <\/strong><\/p>\n\n\n\n<p>El s\u00e1bado 7 a la noche, en el Aer\u00f3dromo de Chilecito, La Rioja, se llev\u00f3 a cabo la gala de premiaci\u00f3n de la Evinor 2023, que este a\u00f1o cont\u00f3 con&nbsp;<strong>m\u00e1s de 100 muestras de vinos<\/strong>&nbsp;de <strong>La Rioja, Catamarca, Salta, Tucum\u00e1n, Jujuy y C\u00f3rdoba<\/strong>, de las que se consagraron&nbsp;<strong>11 vinos con el mayor puntaje<\/strong>. De la selecci\u00f3n particip\u00f3 un selecto jurado nacional e internacional y veedores de la <strong>Organizaci\u00f3n Internacional de la Vid y el Vino (OIV),<\/strong> que le dieron est\u00e1ndar internacional al concurso.<\/p>\n\n\n\n<div style=\"height:30px\" aria-hidden=\"true\" class=\"wp-block-spacer\"><\/div>\n\n\n<div class=\"wp-block-image\">\n<figure class=\"aligncenter size-large is-resized\"><a href=\"https:\/\/enolife.com.ar\/es\/wp-content\/uploads\/2023\/10\/386456934_663805572520533_3621703707988490951_n-scaled.jpg\" data-rel=\"penci-gallery-image-content\" ><img loading=\"lazy\" decoding=\"async\" src=\"https:\/\/enolife.com.ar\/es\/wp-content\/uploads\/2023\/10\/386456934_663805572520533_3621703707988490951_n-1024x341.jpg\" alt=\"\" class=\"wp-image-103362\" width=\"712\" height=\"236\" srcset=\"https:\/\/enolife.com.ar\/es\/wp-content\/uploads\/2023\/10\/386456934_663805572520533_3621703707988490951_n-1024x341.jpg 1024w, https:\/\/enolife.com.ar\/es\/wp-content\/uploads\/2023\/10\/386456934_663805572520533_3621703707988490951_n-300x100.jpg 300w, https:\/\/enolife.com.ar\/es\/wp-content\/uploads\/2023\/10\/386456934_663805572520533_3621703707988490951_n-768x256.jpg 768w, https:\/\/enolife.com.ar\/es\/wp-content\/uploads\/2023\/10\/386456934_663805572520533_3621703707988490951_n-1536x512.jpg 1536w, https:\/\/enolife.com.ar\/es\/wp-content\/uploads\/2023\/10\/386456934_663805572520533_3621703707988490951_n-2048x683.jpg 2048w, https:\/\/enolife.com.ar\/es\/wp-content\/uploads\/2023\/10\/386456934_663805572520533_3621703707988490951_n-1170x390.jpg 1170w, https:\/\/enolife.com.ar\/es\/wp-content\/uploads\/2023\/10\/386456934_663805572520533_3621703707988490951_n-585x195.jpg 585w\" sizes=\"auto, (max-width: 712px) 100vw, 712px\" \/><\/a><figcaption class=\"wp-element-caption\"><em><strong>El jurado de Evinor.<\/strong><\/em><\/figcaption><\/figure><\/div>\n\n\n<div style=\"height:30px\" aria-hidden=\"true\" class=\"wp-block-spacer\"><\/div>\n\n\n\n<p>Adem\u00e1s, en el marco de la Evinor 2023, se llev\u00f3 a cabo la&nbsp;<strong>IV edici\u00f3n del Concurso Nacional de Torront\u00e9s Riojano<\/strong>&nbsp;en donde, sobre un universo de 60 muestras de distintas regiones vitivin\u00edcolas del pa\u00eds, se eligieron y premiaron a los mejores exponentes este a\u00f1o de la cepa aut\u00f3ctona de la Argentina. Para la elecci\u00f3n de los mejores Torront\u00e9s Riojanos de Argentina en 2023 particip\u00f3 un jurado de 50 profesionales de prestigio nacional e internacional.&nbsp;<\/p>\n\n\n\n<div style=\"height:30px\" aria-hidden=\"true\" class=\"wp-block-spacer\"><\/div>\n\n\n<div class=\"wp-block-image\">\n<figure class=\"aligncenter size-large is-resized\"><a href=\"https:\/\/enolife.com.ar\/es\/wp-content\/uploads\/2023\/10\/IMG_20231006_123303408.jpg\" data-rel=\"penci-gallery-image-content\" ><img loading=\"lazy\" decoding=\"async\" src=\"https:\/\/enolife.com.ar\/es\/wp-content\/uploads\/2023\/10\/IMG_20231006_123303408-1024x599.jpg\" alt=\"\" class=\"wp-image-103364\" width=\"711\" height=\"415\" srcset=\"https:\/\/enolife.com.ar\/es\/wp-content\/uploads\/2023\/10\/IMG_20231006_123303408-1024x599.jpg 1024w, https:\/\/enolife.com.ar\/es\/wp-content\/uploads\/2023\/10\/IMG_20231006_123303408-300x175.jpg 300w, https:\/\/enolife.com.ar\/es\/wp-content\/uploads\/2023\/10\/IMG_20231006_123303408-768x449.jpg 768w, https:\/\/enolife.com.ar\/es\/wp-content\/uploads\/2023\/10\/IMG_20231006_123303408-585x342.jpg 585w, https:\/\/enolife.com.ar\/es\/wp-content\/uploads\/2023\/10\/IMG_20231006_123303408.jpg 1047w\" sizes=\"auto, (max-width: 711px) 100vw, 711px\" \/><\/a><figcaption class=\"wp-element-caption\"><em><strong>El jurado de la IV edici\u00f3n del Concurso Nacional de Torront\u00e9s Riojano.<\/strong><\/em><\/figcaption><\/figure><\/div>\n\n\n<div style=\"height:30px\" aria-hidden=\"true\" class=\"wp-block-spacer\"><\/div>\n\n\n\n<p>Chilecito, cuna de la variedad blanca insignia de Argentina, el Torront\u00e9s Riojano, tiene ya como patrimonio cultural, incluso tur\u00edstico y productivo, a este concurso que la organizaci\u00f3n de Evinor lleva adelante desde el a\u00f1o 2016, a\u00f1o por medio, con el apoyo y el patrocinio de la OIV, lo que lo convierte en un certamen de un nivel internacional.<\/p>\n\n\n\n<div style=\"height:17px\" aria-hidden=\"true\" class=\"wp-block-spacer\"><\/div>\n\n\n\n<h3 class=\"wp-block-heading has-vivid-red-color has-text-color\">Evinor es organizado por la C\u00e1mara Riojana de Productores Agropecuarios (Carpa) y el Centro de Desarrollo Vit\u00edcola (CDV) de La Rioja, con el apoyo del Consejo Federal de Inversiones (CFI) y el acompa\u00f1amiento del Gobierno de La Rioja.<\/h3>\n\n\n\n<div style=\"height:16px\" aria-hidden=\"true\" class=\"wp-block-spacer\"><\/div>\n\n\n\n<p><em>\u201cEstamos muy felices de haber podido organizar y realizar con \u00e9xito un evento tan importante y de la magnitud de la Evinor este a\u00f1o, y as\u00ed cumplir con los objetivos que nos trazamos all\u00e1 por el a\u00f1o 2007, cuando empezamos, que era posicionar a la vitivinicultura y los vinos del Norte y de La Rioja\u201d,<\/em>&nbsp;destac\u00f3&nbsp;<strong>Mario Gonz\u00e1lez<\/strong>, presidente de&nbsp;<strong>Carpa<\/strong>&nbsp;y titular de la&nbsp;<strong>Corporaci\u00f3n Vitivin\u00edcola Argentina (Coviar).<\/strong><\/p>\n\n\n\n<div style=\"height:30px\" aria-hidden=\"true\" class=\"wp-block-spacer\"><\/div>\n\n\n<div class=\"wp-block-image\">\n<figure class=\"aligncenter size-full is-resized\"><a href=\"https:\/\/enolife.com.ar\/es\/wp-content\/uploads\/2023\/10\/image-1.png\" data-rel=\"penci-gallery-image-content\" ><img loading=\"lazy\" decoding=\"async\" src=\"https:\/\/enolife.com.ar\/es\/wp-content\/uploads\/2023\/10\/image-1.png\" alt=\"\" class=\"wp-image-103366\" width=\"614\" height=\"405\" srcset=\"https:\/\/enolife.com.ar\/es\/wp-content\/uploads\/2023\/10\/image-1.png 768w, https:\/\/enolife.com.ar\/es\/wp-content\/uploads\/2023\/10\/image-1-300x198.png 300w, https:\/\/enolife.com.ar\/es\/wp-content\/uploads\/2023\/10\/image-1-585x386.png 585w\" sizes=\"auto, (max-width: 614px) 100vw, 614px\" \/><\/a><figcaption class=\"wp-element-caption\"><em><strong>Mario Gonz\u00e1lez, presidente de Carpa y Coviar (centro), acompa\u00f1ado por el gobernador de La Rioja, Ricardo Quintela (izquierda) y el intendente de Chilecito, Rodrigo Brizuela y Doria.<\/strong><\/em><\/figcaption><\/figure><\/div>\n\n\n<div style=\"height:30px\" aria-hidden=\"true\" class=\"wp-block-spacer\"><\/div>\n\n\n\n<p>La Corporaci\u00f3n Vitivin\u00edcola Argentina (Coviar) es un organismo p\u00fablico-privado que gestiona y articula las acciones necesarias para cumplir con los objetivos del Plan Estrat\u00e9gico Argentina Vitivin\u00edcola 2030 (PEVI), asumiendo el desaf\u00edo de transformar el sector vitivin\u00edcola y potenciar su desarrollo. Lo integran 12 c\u00e1maras empresarias y productivas del sector, el INTA e INV en representaci\u00f3n del Gobierno Nacional y los gobiernos de las provincias vitivin\u00edcolas.<\/p>\n\n\n\n<div style=\"height:30px\" aria-hidden=\"true\" class=\"wp-block-spacer\"><\/div>\n\n\n<div class=\"wp-block-image\">\n<figure class=\"aligncenter size-large is-resized\"><a href=\"https:\/\/enolife.com.ar\/es\/wp-content\/uploads\/2023\/10\/IMG_20231007_230428563.jpg\" data-rel=\"penci-gallery-image-content\" ><img loading=\"lazy\" decoding=\"async\" src=\"https:\/\/enolife.com.ar\/es\/wp-content\/uploads\/2023\/10\/IMG_20231007_230428563-1024x450.jpg\" alt=\"\" class=\"wp-image-103387\" width=\"621\" height=\"273\" srcset=\"https:\/\/enolife.com.ar\/es\/wp-content\/uploads\/2023\/10\/IMG_20231007_230428563-1024x450.jpg 1024w, https:\/\/enolife.com.ar\/es\/wp-content\/uploads\/2023\/10\/IMG_20231007_230428563-300x132.jpg 300w, https:\/\/enolife.com.ar\/es\/wp-content\/uploads\/2023\/10\/IMG_20231007_230428563-768x338.jpg 768w, https:\/\/enolife.com.ar\/es\/wp-content\/uploads\/2023\/10\/IMG_20231007_230428563-1170x515.jpg 1170w, https:\/\/enolife.com.ar\/es\/wp-content\/uploads\/2023\/10\/IMG_20231007_230428563-585x257.jpg 585w, https:\/\/enolife.com.ar\/es\/wp-content\/uploads\/2023\/10\/IMG_20231007_230428563.jpg 1323w\" sizes=\"auto, (max-width: 621px) 100vw, 621px\" \/><\/a><figcaption class=\"wp-element-caption\"><em><strong>Funcionarios del gobierno de La Rioja, directivos de Coviar, Carpa y el INV.<\/strong><\/em><\/figcaption><\/figure><\/div>\n\n\n<div style=\"height:20px\" aria-hidden=\"true\" class=\"wp-block-spacer\"><\/div>\n\n\n<div class=\"wp-block-image\">\n<figure class=\"aligncenter size-full is-resized\"><a href=\"https:\/\/enolife.com.ar\/es\/wp-content\/uploads\/2023\/10\/IMG_20231007_220625664.jpg\" data-rel=\"penci-gallery-image-content\" ><img loading=\"lazy\" decoding=\"async\" src=\"https:\/\/enolife.com.ar\/es\/wp-content\/uploads\/2023\/10\/IMG_20231007_220625664.jpg\" alt=\"\" class=\"wp-image-103388\" width=\"614\" height=\"365\" srcset=\"https:\/\/enolife.com.ar\/es\/wp-content\/uploads\/2023\/10\/IMG_20231007_220625664.jpg 1011w, https:\/\/enolife.com.ar\/es\/wp-content\/uploads\/2023\/10\/IMG_20231007_220625664-300x178.jpg 300w, https:\/\/enolife.com.ar\/es\/wp-content\/uploads\/2023\/10\/IMG_20231007_220625664-768x457.jpg 768w, https:\/\/enolife.com.ar\/es\/wp-content\/uploads\/2023\/10\/IMG_20231007_220625664-585x348.jpg 585w\" sizes=\"auto, (max-width: 614px) 100vw, 614px\" \/><\/a><figcaption class=\"wp-element-caption\"><em><strong>Una mesa mayoriamente mendocina en la cena de cierre de Evinor: Adri\u00e1n Bullones (Coviar), Claudio Galmarini (INTA), Carlos Fiochetta (Coviar), Nicol\u00e1s Vicchi (Acovi), Fabi\u00e1n Ruggeri (Acovi), Sergio Villanueva (Fondo Vitivin\u00edcola) y Federico Manrique (Coviar).<\/strong><\/em><\/figcaption><\/figure><\/div>\n\n\n<div style=\"height:30px\" aria-hidden=\"true\" class=\"wp-block-spacer\"><\/div>\n\n\n\n<p>A\u00f1o a a\u00f1o, la Evinor sigue creciendo en convocatoria y participantes. Y marca tambi\u00e9n la agenda pol\u00edtica y empresaria de las provincias del Norte argentino. En esta edici\u00f3n participaron <strong>Juan Manuel Fern\u00e1ndez Arocena<\/strong>, jefe de Gabinete de la Secretar\u00eda de Agricultura, Ganader\u00eda y Pesca; <strong>Jorge Neme<\/strong>, secretario de Planificaci\u00f3n del Desarrollo y la Competitividad Federal; <strong>Luis Contingiani<\/strong>, subsecretario de Alimentos, Bioeconom\u00eda y Desarrollo Regional de la Secretar\u00eda de Agricultura; <strong>Sergio Castro<\/strong>, director Nacional de Planificaci\u00f3n y Desarrollo en Ministerio de Turismo y Deportes de La Naci\u00f3n; <strong>Mariano Garmendia<\/strong>, presidente del INTA; <strong>Mart\u00edn Hinojosa<\/strong>, presidente del Instituto Nacional de Vitivinicultura (INV); el gobernador de La Rioja, <strong>Ricardo Quintela<\/strong>; <strong>Florencia L\u00f3pez<\/strong>, vicegobernadora; <strong>Rodrigo Brizuela y Doria<\/strong>, intendente de Chilecito; y <strong>Fernando Rejal<\/strong>, ministro de Producci\u00f3n y Ambiente de La Rioja, entre otros funcionales nacionales, provinciales, legislativos y miembros de empresas y c\u00e1maras.<\/p>\n\n\n\n<div style=\"height:35px\" aria-hidden=\"true\" class=\"wp-block-spacer\"><\/div>\n\n\n\n<figure class=\"wp-block-embed is-type-video is-provider-youtube wp-block-embed-youtube wp-embed-aspect-16-9 wp-has-aspect-ratio\"><div class=\"wp-block-embed__wrapper\">\n<iframe loading=\"lazy\" title=\"EVINOR 2023 - XVII Evaluaci\u00f3n de Vinos del Noroeste Argentino (Video oficial)\" width=\"1170\" height=\"658\" src=\"https:\/\/www.youtube.com\/embed\/aHFqnT8qbEI?feature=oembed\" frameborder=\"0\" allow=\"accelerometer; autoplay; clipboard-write; encrypted-media; gyroscope; picture-in-picture; web-share\" allowfullscreen><\/iframe>\n<\/div><figcaption class=\"wp-element-caption\"><em><strong>En este video, la cr\u00f3nica audiovisual de la gran noche de cierre de Evinor en Chilecito<\/strong><\/em><strong><em>.<\/em><\/strong><\/figcaption><\/figure>\n\n\n\n<div style=\"height:40px\" aria-hidden=\"true\" class=\"wp-block-spacer\"><\/div>\n\n\n<div class=\"wp-block-image\">\n<figure class=\"alignleft size-full is-resized\"><a href=\"https:\/\/enolife.com.ar\/es\/wp-content\/uploads\/2023\/10\/ea814a88-d1e1-4ab5-916b-2a901b0f715f.jpg\" data-rel=\"penci-gallery-image-content\" ><img loading=\"lazy\" decoding=\"async\" src=\"https:\/\/enolife.com.ar\/es\/wp-content\/uploads\/2023\/10\/ea814a88-d1e1-4ab5-916b-2a901b0f715f.jpg\" alt=\"\" class=\"wp-image-103508\" width=\"364\" height=\"292\" srcset=\"https:\/\/enolife.com.ar\/es\/wp-content\/uploads\/2023\/10\/ea814a88-d1e1-4ab5-916b-2a901b0f715f.jpg 623w, https:\/\/enolife.com.ar\/es\/wp-content\/uploads\/2023\/10\/ea814a88-d1e1-4ab5-916b-2a901b0f715f-300x241.jpg 300w, https:\/\/enolife.com.ar\/es\/wp-content\/uploads\/2023\/10\/ea814a88-d1e1-4ab5-916b-2a901b0f715f-585x470.jpg 585w\" sizes=\"auto, (max-width: 364px) 100vw, 364px\" \/><\/a><\/figure><\/div>\n\n\n<p class=\"has-background\" style=\"background-color:#c2c1ab\"><strong>Una oportunidad de probar en Mendoza los vinos premiados <\/strong><br><br>Este viernes <strong>13 de octubre, a partir de las 20 hs.,<\/strong> los mendocinos tendr\u00e1n la chance de conocer los vinos premiados en la Evinor de Chilecito. La entrada es libre pero los cupos son limitados.<br><br>Como otra de las actividades de la Semana del Torront\u00e9s en toda Argentina, la Direcci\u00f3n de Turismo de la Municipalidad de San Mart\u00edn, Mendoza, ha organizado esta cata que ser\u00e1 conducida por el en\u00f3logo <strong>Miguel Navarro<\/strong> y que tendr\u00e1 lugar en el Sal\u00f3n del Concejo Delibertante de la comuna.<\/p>\n\n\n\n<div style=\"height:40px\" aria-hidden=\"true\" class=\"wp-block-spacer\"><\/div>\n\n\n\n<p class=\"has-medium-font-size\"><strong>Puntajes Evinor 2023<\/strong><\/p>\n\n\n\n<p>La Evinor 2023 convoc\u00f3 muestras de La Rioja, Catamarca, Salta, Tucum\u00e1n, Jujuy y C\u00f3rdoba. Se entregaron medallas de bronce, plata y oros, destac\u00e1ndose los 11 mejores exponentes que fueron presentados y degustados en la gala de premiaci\u00f3n que se celebr\u00f3 el s\u00e1bado desde las 21 hs.<\/p>\n\n\n\n<div style=\"height:30px\" aria-hidden=\"true\" class=\"wp-block-spacer\"><\/div>\n\n\n<div class=\"wp-block-image\">\n<figure class=\"aligncenter size-full is-resized\"><a href=\"https:\/\/enolife.com.ar\/es\/wp-content\/uploads\/2023\/10\/Imagen5-1.jpg\" data-rel=\"penci-gallery-image-content\" ><img loading=\"lazy\" decoding=\"async\" src=\"https:\/\/enolife.com.ar\/es\/wp-content\/uploads\/2023\/10\/Imagen5-1.jpg\" alt=\"\" class=\"wp-image-103377\" width=\"672\" height=\"261\" srcset=\"https:\/\/enolife.com.ar\/es\/wp-content\/uploads\/2023\/10\/Imagen5-1.jpg 936w, https:\/\/enolife.com.ar\/es\/wp-content\/uploads\/2023\/10\/Imagen5-1-300x117.jpg 300w, https:\/\/enolife.com.ar\/es\/wp-content\/uploads\/2023\/10\/Imagen5-1-768x299.jpg 768w, https:\/\/enolife.com.ar\/es\/wp-content\/uploads\/2023\/10\/Imagen5-1-585x228.jpg 585w\" sizes=\"auto, (max-width: 672px) 100vw, 672px\" \/><\/a><\/figure><\/div>\n\n\n<div style=\"height:15px\" aria-hidden=\"true\" class=\"wp-block-spacer\"><\/div>\n\n\n<div class=\"wp-block-image\">\n<figure class=\"aligncenter size-full is-resized\"><a href=\"https:\/\/enolife.com.ar\/es\/wp-content\/uploads\/2023\/10\/Imagen6-3.jpg\" data-rel=\"penci-gallery-image-content\" ><img loading=\"lazy\" decoding=\"async\" src=\"https:\/\/enolife.com.ar\/es\/wp-content\/uploads\/2023\/10\/Imagen6-3.jpg\" alt=\"\" class=\"wp-image-103381\" width=\"654\" height=\"287\" srcset=\"https:\/\/enolife.com.ar\/es\/wp-content\/uploads\/2023\/10\/Imagen6-3.jpg 895w, https:\/\/enolife.com.ar\/es\/wp-content\/uploads\/2023\/10\/Imagen6-3-300x132.jpg 300w, https:\/\/enolife.com.ar\/es\/wp-content\/uploads\/2023\/10\/Imagen6-3-768x338.jpg 768w, https:\/\/enolife.com.ar\/es\/wp-content\/uploads\/2023\/10\/Imagen6-3-585x258.jpg 585w\" sizes=\"auto, (max-width: 654px) 100vw, 654px\" \/><\/a><\/figure><\/div>\n\n\n<div style=\"height:15px\" aria-hidden=\"true\" class=\"wp-block-spacer\"><\/div>\n\n\n<div class=\"wp-block-image\">\n<figure class=\"aligncenter size-full is-resized\"><a href=\"https:\/\/enolife.com.ar\/es\/wp-content\/uploads\/2023\/10\/Imagen7-2.jpg\" data-rel=\"penci-gallery-image-content\" ><img loading=\"lazy\" decoding=\"async\" src=\"https:\/\/enolife.com.ar\/es\/wp-content\/uploads\/2023\/10\/Imagen7-2.jpg\" alt=\"\" class=\"wp-image-103379\" width=\"648\" height=\"273\" srcset=\"https:\/\/enolife.com.ar\/es\/wp-content\/uploads\/2023\/10\/Imagen7-2.jpg 938w, https:\/\/enolife.com.ar\/es\/wp-content\/uploads\/2023\/10\/Imagen7-2-300x127.jpg 300w, https:\/\/enolife.com.ar\/es\/wp-content\/uploads\/2023\/10\/Imagen7-2-768x324.jpg 768w, https:\/\/enolife.com.ar\/es\/wp-content\/uploads\/2023\/10\/Imagen7-2-585x247.jpg 585w\" sizes=\"auto, (max-width: 648px) 100vw, 648px\" \/><\/a><\/figure><\/div>\n\n\n<div style=\"height:15px\" aria-hidden=\"true\" class=\"wp-block-spacer\"><\/div>\n\n\n<div class=\"wp-block-image\">\n<figure class=\"aligncenter size-full is-resized\"><a href=\"https:\/\/enolife.com.ar\/es\/wp-content\/uploads\/2023\/10\/Imagen8-3.jpg\" data-rel=\"penci-gallery-image-content\" ><img loading=\"lazy\" decoding=\"async\" src=\"https:\/\/enolife.com.ar\/es\/wp-content\/uploads\/2023\/10\/Imagen8-3.jpg\" alt=\"\" class=\"wp-image-103380\" width=\"662\" height=\"254\" srcset=\"https:\/\/enolife.com.ar\/es\/wp-content\/uploads\/2023\/10\/Imagen8-3.jpg 934w, https:\/\/enolife.com.ar\/es\/wp-content\/uploads\/2023\/10\/Imagen8-3-300x116.jpg 300w, https:\/\/enolife.com.ar\/es\/wp-content\/uploads\/2023\/10\/Imagen8-3-768x296.jpg 768w, https:\/\/enolife.com.ar\/es\/wp-content\/uploads\/2023\/10\/Imagen8-3-585x225.jpg 585w\" sizes=\"auto, (max-width: 662px) 100vw, 662px\" \/><\/a><\/figure><\/div>\n\n\n<div style=\"height:35px\" aria-hidden=\"true\" class=\"wp-block-spacer\"><\/div>\n\n\n\n<p class=\"has-medium-font-size\"><strong>Ganadores del IV Concurso Nacional de Torront\u00e9s Riojano <\/strong><\/p>\n\n\n\n<p>En el marco de la XVII edici\u00f3n de Evinor se llev\u00f3 a cabo el&nbsp;<strong>IV Concurso Nacional de Torront\u00e9s Riojano &#8211;<\/strong>variedad emblema de nuestro pa\u00eds- con el patrocinio oficial de la <strong>Organizaci\u00f3n Internacional de la Vi\u00f1a y el Vino<\/strong> <strong>(OIV).<\/strong><\/p>\n\n\n\n<p>A trav\u00e9s de este concurso se apoya e incentiva a la&nbsp;producci\u00f3n, elaboraci\u00f3n y consumo&nbsp;de este varietal de calidad internacional y se convoca a todas las bodegas productoras a que participen del evento m\u00e1s importante de la regi\u00f3n.<\/p>\n\n\n\n<div style=\"height:25px\" aria-hidden=\"true\" class=\"wp-block-spacer\"><\/div>\n\n\n<div class=\"wp-block-image\">\n<figure class=\"aligncenter size-full is-resized\"><a href=\"https:\/\/enolife.com.ar\/es\/wp-content\/uploads\/2023\/10\/Imagen4-2.jpg\" data-rel=\"penci-gallery-image-content\" ><img loading=\"lazy\" decoding=\"async\" src=\"https:\/\/enolife.com.ar\/es\/wp-content\/uploads\/2023\/10\/Imagen4-2.jpg\" alt=\"\" class=\"wp-image-103368\" width=\"651\" height=\"240\" srcset=\"https:\/\/enolife.com.ar\/es\/wp-content\/uploads\/2023\/10\/Imagen4-2.jpg 934w, https:\/\/enolife.com.ar\/es\/wp-content\/uploads\/2023\/10\/Imagen4-2-300x110.jpg 300w, https:\/\/enolife.com.ar\/es\/wp-content\/uploads\/2023\/10\/Imagen4-2-768x283.jpg 768w, https:\/\/enolife.com.ar\/es\/wp-content\/uploads\/2023\/10\/Imagen4-2-585x215.jpg 585w\" sizes=\"auto, (max-width: 651px) 100vw, 651px\" \/><\/a><\/figure><\/div>\n\n\n<div style=\"height:15px\" aria-hidden=\"true\" class=\"wp-block-spacer\"><\/div>\n\n\n<div class=\"wp-block-image\">\n<figure class=\"aligncenter size-full is-resized\"><a href=\"https:\/\/enolife.com.ar\/es\/wp-content\/uploads\/2023\/10\/Imagen2-2.jpg\" data-rel=\"penci-gallery-image-content\" ><img loading=\"lazy\" decoding=\"async\" src=\"https:\/\/enolife.com.ar\/es\/wp-content\/uploads\/2023\/10\/Imagen2-2.jpg\" alt=\"\" class=\"wp-image-103369\" width=\"616\" height=\"255\" srcset=\"https:\/\/enolife.com.ar\/es\/wp-content\/uploads\/2023\/10\/Imagen2-2.jpg 937w, https:\/\/enolife.com.ar\/es\/wp-content\/uploads\/2023\/10\/Imagen2-2-300x125.jpg 300w, https:\/\/enolife.com.ar\/es\/wp-content\/uploads\/2023\/10\/Imagen2-2-585x243.jpg 585w\" sizes=\"auto, (max-width: 616px) 100vw, 616px\" \/><\/a><\/figure><\/div>\n\n\n<div style=\"height:15px\" aria-hidden=\"true\" class=\"wp-block-spacer\"><\/div>\n\n\n<div class=\"wp-block-image\">\n<figure class=\"aligncenter size-full is-resized\"><a href=\"https:\/\/enolife.com.ar\/es\/wp-content\/uploads\/2023\/10\/Imagen1-4.jpg\" data-rel=\"penci-gallery-image-content\" ><img loading=\"lazy\" decoding=\"async\" src=\"https:\/\/enolife.com.ar\/es\/wp-content\/uploads\/2023\/10\/Imagen1-4.jpg\" alt=\"\" class=\"wp-image-103371\" width=\"620\" height=\"278\" srcset=\"https:\/\/enolife.com.ar\/es\/wp-content\/uploads\/2023\/10\/Imagen1-4.jpg 936w, https:\/\/enolife.com.ar\/es\/wp-content\/uploads\/2023\/10\/Imagen1-4-300x135.jpg 300w, https:\/\/enolife.com.ar\/es\/wp-content\/uploads\/2023\/10\/Imagen1-4-768x345.jpg 768w, https:\/\/enolife.com.ar\/es\/wp-content\/uploads\/2023\/10\/Imagen1-4-585x263.jpg 585w\" sizes=\"auto, (max-width: 620px) 100vw, 620px\" \/><\/a><\/figure><\/div>\n\n\n<div style=\"height:30px\" aria-hidden=\"true\" class=\"wp-block-spacer\"><\/div>\n\n\n\n<div style=\"height:30px\" aria-hidden=\"true\" class=\"wp-block-spacer\"><\/div>\n","protected":false},"excerpt":{"rendered":"<p>La edici\u00f3n n\u00famero 17 de la Evaluaci\u00f3n de Vinos del Norte Argentino (Evinor), a la&hellip;<\/p>\n","protected":false},"author":3,"featured_media":103392,"comment_status":"open","ping_status":"open","sticky":false,"template":"","format":"standard","meta":{"footnotes":""},"categories":[14],"tags":[],"class_list":["post-103293","post","type-post","status-publish","format-standard","has-post-thumbnail","hentry","category-news"],"_links":{"self":[{"href":"https:\/\/enolife.com.ar\/es\/wp-json\/wp\/v2\/posts\/103293","targetHints":{"allow":["GET"]}}],"collection":[{"href":"https:\/\/enolife.com.ar\/es\/wp-json\/wp\/v2\/posts"}],"about":[{"href":"https:\/\/enolife.com.ar\/es\/wp-json\/wp\/v2\/types\/post"}],"author":[{"embeddable":true,"href":"https:\/\/enolife.com.ar\/es\/wp-json\/wp\/v2\/users\/3"}],"replies":[{"embeddable":true,"href":"https:\/\/enolife.com.ar\/es\/wp-json\/wp\/v2\/comments?post=103293"}],"version-history":[{"count":0,"href":"https:\/\/enolife.com.ar\/es\/wp-json\/wp\/v2\/posts\/103293\/revisions"}],"wp:featuredmedia":[{"embeddable":true,"href":"https:\/\/enolife.com.ar\/es\/wp-json\/wp\/v2\/media\/103392"}],"wp:attachment":[{"href":"https:\/\/enolife.com.ar\/es\/wp-json\/wp\/v2\/media?parent=103293"}],"wp:term":[{"taxonomy":"category","embeddable":true,"href":"https:\/\/enolife.com.ar\/es\/wp-json\/wp\/v2\/categories?post=103293"},{"taxonomy":"post_tag","embeddable":true,"href":"https:\/\/enolife.com.ar\/es\/wp-json\/wp\/v2\/tags?post=103293"}],"curies":[{"name":"wp","href":"https:\/\/api.w.org\/{rel}","templated":true}]}}