{"id":10307,"date":"2020-03-28T15:45:13","date_gmt":"2020-03-28T15:45:13","guid":{"rendered":"http:\/\/enolife.com.ar\/es\/?p=10307"},"modified":"2020-03-31T03:30:21","modified_gmt":"2020-03-31T03:30:21","slug":"en-17-semanas-de-cosecha-se-obtuvieron-1-395-millones-de-kg-entre-5-y-10-menos-de-lo-pronosticado","status":"publish","type":"post","link":"https:\/\/enolife.com.ar\/es\/en-17-semanas-de-cosecha-se-obtuvieron-1-395-millones-de-kg-entre-5-y-10-menos-de-lo-pronosticado\/","title":{"rendered":"En 17 semanas de cosecha se obtuvieron 1.395 millones de kg, entre 5 y 10% menos de lo pronosticado"},"content":{"rendered":"\n<h4 class=\"wp-block-heading\"><em><strong>El 27\/3, el Instituto Nacional de Vitivinicultura (INV) divulg\u00f3 el informe estad\u00edstico del avance de cosecha, con un total de kilos recolectados a esa fecha que constituye el 75% del total de uva que hay en los vi\u00f1edos del pa\u00eds. La proyecci\u00f3n de las cifras indica que en lugar de los 22,3 millones de quintales que se calculaban cosechar para el final de la campa\u00f1a -a fines de abril- se obtendr\u00e1n entre 20 y 21 millones de quintales.<\/strong><\/em><\/h4>\n\n\n\n<div style=\"height:20px\" aria-hidden=\"true\" class=\"wp-block-spacer\"><\/div>\n\n\n\n<p>La cosecha de uva avanza en todo el pa\u00eds, con las dificultades del caso por el coronavirus, tales como las medidas de seguridad sanitaria en fincas y bodegas y los problemas de transporte de los cosechadores. A\u00fan as\u00ed, en 17 semanas de labores, ya se lleva cosechado alrededor del 75% del total de la uva (seg\u00fan la estimaci\u00f3n oficial), equivalente a 1.395 millones de kilos (14 millones de quintales). Estos n\u00fameros nos permiten proyectar que para el final de la campa\u00f1a se habr\u00e1n cosechado alrededor de 1.900 millones de kilos (19 millones de quintales), bastante menos que los 2.300 millones de kilos (22,3 millones de quintales) calculados en el pron\u00f3stico que la entidad reguladora del vino divulg\u00f3 el 20 de febrero pasado.<\/p>\n\n\n\n<p>A continuaci\u00f3n, reproducimos los cuadros estad\u00edsticos ya publicados en la web del Instituto Nacional de Vitivinicultura, con los n\u00fameros finos que permitir\u00e1n a los interesados hacer sus propias proyecciones.<\/p>\n\n\n\n<div style=\"height:20px\" aria-hidden=\"true\" class=\"wp-block-spacer\"><\/div>\n\n\n\n<p class=\"has-background has-text-align-center has-medium-font-size has-very-light-gray-background-color\"><strong>Totales acumulados al 22 de marzo de 2020<\/strong><\/p>\n\n\n\n<div style=\"height:20px\" aria-hidden=\"true\" class=\"wp-block-spacer\"><\/div>\n\n\n\n<p class=\"has-text-align-center\"><strong>Todo el pa\u00eds<\/strong><\/p>\n\n\n\n<figure class=\"wp-block-image size-large\"><img loading=\"lazy\" decoding=\"async\" width=\"796\" height=\"496\" src=\"https:\/\/enolife.com.ar\/es\/wp-content\/uploads\/2020\/03\/Grafico-1-INV-1.jpg\" alt=\"\" class=\"wp-image-10319\" srcset=\"https:\/\/enolife.com.ar\/es\/wp-content\/uploads\/2020\/03\/Grafico-1-INV-1.jpg 796w, https:\/\/enolife.com.ar\/es\/wp-content\/uploads\/2020\/03\/Grafico-1-INV-1-300x187.jpg 300w, https:\/\/enolife.com.ar\/es\/wp-content\/uploads\/2020\/03\/Grafico-1-INV-1-768x479.jpg 768w, https:\/\/enolife.com.ar\/es\/wp-content\/uploads\/2020\/03\/Grafico-1-INV-1-585x365.jpg 585w\" sizes=\"auto, (max-width: 796px) 100vw, 796px\" \/><\/figure>\n\n\n\n<div style=\"height:25px\" aria-hidden=\"true\" class=\"wp-block-spacer\"><\/div>\n\n\n\n<p class=\"has-text-align-center\"><strong>Provincias de Mendoza y San Juan<\/strong><\/p>\n\n\n\n<figure class=\"wp-block-image size-large\"><img loading=\"lazy\" decoding=\"async\" width=\"811\" height=\"137\" src=\"https:\/\/enolife.com.ar\/es\/wp-content\/uploads\/2020\/03\/Grafico-2-INV-1.jpg\" alt=\"\" class=\"wp-image-10320\" srcset=\"https:\/\/enolife.com.ar\/es\/wp-content\/uploads\/2020\/03\/Grafico-2-INV-1.jpg 811w, https:\/\/enolife.com.ar\/es\/wp-content\/uploads\/2020\/03\/Grafico-2-INV-1-300x51.jpg 300w, https:\/\/enolife.com.ar\/es\/wp-content\/uploads\/2020\/03\/Grafico-2-INV-1-768x130.jpg 768w, https:\/\/enolife.com.ar\/es\/wp-content\/uploads\/2020\/03\/Grafico-2-INV-1-585x99.jpg 585w\" sizes=\"auto, (max-width: 811px) 100vw, 811px\" \/><\/figure>\n\n\n\n<div style=\"height:20px\" aria-hidden=\"true\" class=\"wp-block-spacer\"><\/div>\n\n\n\n<p class=\"has-background has-text-align-center has-medium-font-size has-very-light-gray-background-color\"><strong>Comparativo en kilogramos de uva 2010\/2020<\/strong><\/p>\n\n\n\n<p class=\"has-text-align-center\"><strong>Total pa\u00eds<\/strong><\/p>\n\n\n\n<div class=\"wp-block-image\"><figure class=\"aligncenter size-large is-resized\"><img loading=\"lazy\" decoding=\"async\" src=\"https:\/\/enolife.com.ar\/es\/wp-content\/uploads\/2020\/03\/Grafico-3-INV-1-1024x416.jpg\" alt=\"\" class=\"wp-image-10321\" width=\"771\" height=\"313\" srcset=\"https:\/\/enolife.com.ar\/es\/wp-content\/uploads\/2020\/03\/Grafico-3-INV-1-1024x416.jpg 1024w, https:\/\/enolife.com.ar\/es\/wp-content\/uploads\/2020\/03\/Grafico-3-INV-1-300x122.jpg 300w, https:\/\/enolife.com.ar\/es\/wp-content\/uploads\/2020\/03\/Grafico-3-INV-1-768x312.jpg 768w, https:\/\/enolife.com.ar\/es\/wp-content\/uploads\/2020\/03\/Grafico-3-INV-1-585x237.jpg 585w, https:\/\/enolife.com.ar\/es\/wp-content\/uploads\/2020\/03\/Grafico-3-INV-1.jpg 1138w\" sizes=\"auto, (max-width: 771px) 100vw, 771px\" \/><\/figure><\/div>\n\n\n\n<p class=\"has-text-align-center\"><strong>Mendoza y San Juan<\/strong><\/p>\n\n\n\n<div class=\"wp-block-image\"><figure class=\"aligncenter size-large is-resized\"><img loading=\"lazy\" decoding=\"async\" src=\"https:\/\/enolife.com.ar\/es\/wp-content\/uploads\/2020\/03\/Grafico-4-INV-1-1024x103.jpg\" alt=\"\" class=\"wp-image-10322\" width=\"840\" height=\"84\" srcset=\"https:\/\/enolife.com.ar\/es\/wp-content\/uploads\/2020\/03\/Grafico-4-INV-1-1024x103.jpg 1024w, https:\/\/enolife.com.ar\/es\/wp-content\/uploads\/2020\/03\/Grafico-4-INV-1-300x30.jpg 300w, https:\/\/enolife.com.ar\/es\/wp-content\/uploads\/2020\/03\/Grafico-4-INV-1-768x77.jpg 768w, https:\/\/enolife.com.ar\/es\/wp-content\/uploads\/2020\/03\/Grafico-4-INV-1-585x59.jpg 585w, https:\/\/enolife.com.ar\/es\/wp-content\/uploads\/2020\/03\/Grafico-4-INV-1.jpg 1143w\" sizes=\"auto, (max-width: 840px) 100vw, 840px\" \/><\/figure><\/div>\n\n\n\n<div style=\"height:20px\" aria-hidden=\"true\" class=\"wp-block-spacer\"><\/div>\n\n\n\n<p>Cabe destacar que en <strong>los \u00faltimos informes de avance de cosecha se incluyen las cifras de los kilos cosechados varietal por varietal en cada provincia del pa\u00eds<\/strong>. Esta desagregaci\u00f3n por variedades constituye un dato de suma utilidad para toda la industria, tanto para los productores como para la cadena de comercializaci\u00f3n, y su relevamiento y publicaci\u00f3n es una medida implementada por la nueva conducci\u00f3n del INV, con el tunuyanino Mart\u00edn Hinojosa como presidente y el sanjuanino Hugo Carmona Torres como vicepresidente. <\/p>\n\n\n\n<p class=\"has-background has-luminous-vivid-amber-background-color\"><strong>Los cuadros varietal por varietal y provincia por provincia se pueden ver en el link:<a href=\"https:\/\/www.argentina.gob.ar\/inv\/cosecha-2020\/informes-semanales\"> Informe de avance de cosecha &#8211; ver semana 17<\/a><\/strong><\/p>\n\n\n\n<p><\/p>\n\n\n\n<div style=\"height:100px\" aria-hidden=\"true\" class=\"wp-block-spacer\"><\/div>\n","protected":false},"excerpt":{"rendered":"<p>El 27\/3, el Instituto Nacional de Vitivinicultura (INV) divulg\u00f3 el informe estad\u00edstico del avance de&hellip;<\/p>\n","protected":false},"author":3,"featured_media":10325,"comment_status":"open","ping_status":"open","sticky":false,"template":"","format":"standard","meta":{"footnotes":""},"categories":[5],"tags":[],"class_list":["post-10307","post","type-post","status-publish","format-standard","has-post-thumbnail","hentry","category-fincas"],"_links":{"self":[{"href":"https:\/\/enolife.com.ar\/es\/wp-json\/wp\/v2\/posts\/10307","targetHints":{"allow":["GET"]}}],"collection":[{"href":"https:\/\/enolife.com.ar\/es\/wp-json\/wp\/v2\/posts"}],"about":[{"href":"https:\/\/enolife.com.ar\/es\/wp-json\/wp\/v2\/types\/post"}],"author":[{"embeddable":true,"href":"https:\/\/enolife.com.ar\/es\/wp-json\/wp\/v2\/users\/3"}],"replies":[{"embeddable":true,"href":"https:\/\/enolife.com.ar\/es\/wp-json\/wp\/v2\/comments?post=10307"}],"version-history":[{"count":0,"href":"https:\/\/enolife.com.ar\/es\/wp-json\/wp\/v2\/posts\/10307\/revisions"}],"wp:featuredmedia":[{"embeddable":true,"href":"https:\/\/enolife.com.ar\/es\/wp-json\/wp\/v2\/media\/10325"}],"wp:attachment":[{"href":"https:\/\/enolife.com.ar\/es\/wp-json\/wp\/v2\/media?parent=10307"}],"wp:term":[{"taxonomy":"category","embeddable":true,"href":"https:\/\/enolife.com.ar\/es\/wp-json\/wp\/v2\/categories?post=10307"},{"taxonomy":"post_tag","embeddable":true,"href":"https:\/\/enolife.com.ar\/es\/wp-json\/wp\/v2\/tags?post=10307"}],"curies":[{"name":"wp","href":"https:\/\/api.w.org\/{rel}","templated":true}]}}