{"id":103050,"date":"2023-10-12T14:23:20","date_gmt":"2023-10-12T14:23:20","guid":{"rendered":"https:\/\/enolife.com.ar\/es\/?p=103050"},"modified":"2023-10-16T02:23:07","modified_gmt":"2023-10-16T02:23:07","slug":"con-22-bodegas-1-500-ha-y-4-m-de-botellas-al-ano-la-ig-los-chacayes-crece-hacia-el-pais-y-el-mundo","status":"publish","type":"post","link":"https:\/\/enolife.com.ar\/es\/con-22-bodegas-1-500-ha-y-4-m-de-botellas-al-ano-la-ig-los-chacayes-crece-hacia-el-pais-y-el-mundo\/","title":{"rendered":"Con 22 bodegas, 1.500 ha y 4 M de botellas al a\u00f1o, la IG Los Chacayes crece hacia el pa\u00eds y el mundo"},"content":{"rendered":"\n<h4 class=\"wp-block-heading\"><em><strong>La zona de Tunuy\u00e1n al oeste del distrito Vista Flores, entre Campo de los Andes al sur y Los \u00c1rboles al norte, fue declarada como Identificaci\u00f3n Geogr\u00e1fica (IG) para la elaboraci\u00f3n de vinos en 2017 por el Instituto Nacional de Vitivinicultura (INV). En 2019, los productores del lugar se agruparon en la Asociaci\u00f3n Civil Los Chacayes para impulsar juntos su trabajo y potenciar la promoci\u00f3n de sus vinos en Argentina y el mundo. Desde la instalaci\u00f3n de los vi\u00f1edos y bodega de la familia francesa Lurton -los pioneros- en 1996 a la actualidad, mucha agua baj\u00f3 por el Arroyo Grande irrigando tierras antes incultas y que hoy dan vinos de alta calidad y atraen a enoturistas internacionales.<\/strong><\/em> <\/h4>\n\n\n\n<hr class=\"wp-block-separator has-alpha-channel-opacity\"\/>\n\n\n\n<h4 class=\"wp-block-heading\"><em><strong>En la \u00faltima actividad de irradiaci\u00f3n de ese potencial econ\u00f3mico, enogastron\u00f3mico y cultural, 16 de las 22 bodegas de la IG present\u00f3 sus vinos en una feria y cata en la ciudad de Buenos Aires, con notable repercusi\u00f3n en los consumidores y la prensa especializada. En esta nota, una s\u00edntesis de ese recorrido y de las caracter\u00edsticas de esa regi\u00f3n ubicada en el coraz\u00f3n del Valle de Uco. <\/strong><\/em><\/h4>\n\n\n\n<div style=\"height:31px\" aria-hidden=\"true\" class=\"wp-block-spacer\"><\/div>\n\n\n<a href=\"https:\/\/instagram.com\/labelsolutions?igshid=YmMyMTA2M2Y=\" aria-label=\"Banner Palero 1700&#215;500\"><img loading=\"lazy\" decoding=\"async\" src=\"https:\/\/enolife.com.ar\/es\/wp-content\/uploads\/2021\/09\/Banner-Palero-1700x500-1.gif\" alt=\"\"  width=\"1700\" height=\"500\"   \/><\/a>\n\n\n<div style=\"height:32px\" aria-hidden=\"true\" class=\"wp-block-spacer\"><\/div>\n\n\n\n<p>Reunidos como <strong>Asociaci\u00f3n Civil <\/strong>desde el a\u00f1o 2019, los productores de la prestigiosa <strong>Identificaci\u00f3n Geogr\u00e1fica (IG) Los Chacayes<\/strong>, vienen realizando actividades de difusi\u00f3n de las caracter\u00edsticas \u00fanicas y singulares del terroir que los congrega, ubicado en el coraz\u00f3n del <strong>Valle de Uco<\/strong> mendocino. Y como muestra de la consolidaci\u00f3n de su trabajo colectivo, el 10\/10\/23 presentaron por primera vez sus vinos de forma conjunta en la <strong>Ciudad de Buenos Aires<\/strong>, en una feria destinada a compradores, profesionales de la industria, sommeliers y prensa especializada.<\/p>\n\n\n\n<p>Esta iniciativa de los integrantes de una de las IG argentinas m\u00e1s reconocidas por la calidad de sus vinos logr\u00f3 mostrar en un \u00fanico espacio de degustaci\u00f3n comparativa las diferentes expresiones de este terroir emergente y la particular mirada de cada productor a la hora de interpretar ese terroir en los vinos elaborados.<\/p>\n\n\n\n<div style=\"height:20px\" aria-hidden=\"true\" class=\"wp-block-spacer\"><\/div>\n\n\n\n<p class=\"has-pale-pink-background-color has-background\"><strong>Las 22 bodegas de la IG:<\/strong> &nbsp;Ver Sacrum Wines, Bodega Piedra Negra, El Enemigo, SuperUco, Coraz\u00f3n del Sol, The Vines of Mendoza, S\u00f3lo Contigo, Bodegas Bianchi, Vi\u00f1edos Casa de Uco, Bodega Chandon, Alpasion, Vi\u00f1a Vida, Bodegas De Mo\u00f1o Rojo, Alma Mater, Kaiken, Paucho Wines, La Vigilia, Finca Los Arbolitos, La Coste de los Andes, Gim\u00e9nez Riili y Bodegas y Vi\u00f1edos La Esperanza.<\/p>\n\n\n\n<div style=\"height:19px\" aria-hidden=\"true\" class=\"wp-block-spacer\"><\/div>\n\n\n<div class=\"wp-block-image\">\n<figure class=\"aligncenter size-full is-resized\"><a href=\"https:\/\/enolife.com.ar\/es\/wp-content\/uploads\/2023\/10\/vivitunuyan-superuco-3-scaled-1.jpg\" data-rel=\"penci-gallery-image-content\" ><img loading=\"lazy\" decoding=\"async\" src=\"https:\/\/enolife.com.ar\/es\/wp-content\/uploads\/2023\/10\/vivitunuyan-superuco-3-scaled-1.jpg\" alt=\"\" class=\"wp-image-103283\" width=\"587\" height=\"410\" srcset=\"https:\/\/enolife.com.ar\/es\/wp-content\/uploads\/2023\/10\/vivitunuyan-superuco-3-scaled-1.jpg 715w, https:\/\/enolife.com.ar\/es\/wp-content\/uploads\/2023\/10\/vivitunuyan-superuco-3-scaled-1-300x210.jpg 300w, https:\/\/enolife.com.ar\/es\/wp-content\/uploads\/2023\/10\/vivitunuyan-superuco-3-scaled-1-585x409.jpg 585w\" sizes=\"auto, (max-width: 587px) 100vw, 587px\" \/><\/a><figcaption class=\"wp-element-caption\"><em><strong>Bodega SuperUco<\/strong><\/em><\/figcaption><\/figure><\/div>\n\n<div class=\"wp-block-image\">\n<figure class=\"aligncenter size-full is-resized\"><a href=\"https:\/\/enolife.com.ar\/es\/wp-content\/uploads\/2023\/10\/casa-de-uco-2.jpg\" data-rel=\"penci-gallery-image-content\" ><img loading=\"lazy\" decoding=\"async\" src=\"https:\/\/enolife.com.ar\/es\/wp-content\/uploads\/2023\/10\/casa-de-uco-2.jpg\" alt=\"\" class=\"wp-image-103284\" width=\"615\" height=\"345\" srcset=\"https:\/\/enolife.com.ar\/es\/wp-content\/uploads\/2023\/10\/casa-de-uco-2.jpg 890w, https:\/\/enolife.com.ar\/es\/wp-content\/uploads\/2023\/10\/casa-de-uco-2-300x169.jpg 300w, https:\/\/enolife.com.ar\/es\/wp-content\/uploads\/2023\/10\/casa-de-uco-2-768x431.jpg 768w, https:\/\/enolife.com.ar\/es\/wp-content\/uploads\/2023\/10\/casa-de-uco-2-585x329.jpg 585w\" sizes=\"auto, (max-width: 615px) 100vw, 615px\" \/><\/a><figcaption class=\"wp-element-caption\"><em><strong>Bodega Casa de Uco<\/strong><\/em><\/figcaption><\/figure><\/div>\n\n\n<div style=\"height:17px\" aria-hidden=\"true\" class=\"wp-block-spacer\"><\/div>\n\n\n\n<p>La <strong>Asociaci\u00f3n Civil de Productores de Los Chacayes<\/strong> se constituy\u00f3 en el a\u00f1o 2019, apenas dos a\u00f1os despu\u00e9s de que la regi\u00f3n consiguiera la designaci\u00f3n como <strong>Identificaci\u00f3n Geogr\u00e1fica (IG)<\/strong> por parte del <strong>Instituto Nacional de Vitivinicultura (INV)<\/strong>, con el objetivo de profundizar el estudio del terroir, comunicar sus especificidades y mejorar las infraestructuras y servicios de la zona. Desde entonces, los productores all\u00ed agrupados vienen realizando un trabajo concienzudo y meticuloso para difundir y destacar la personalidad de los vinos de este terroir considerado \u00fanico por su ubicaci\u00f3n en el Valle de Uco y por las particularidades que ofrece la zona: suelos, altitud, amplitud t\u00e9rmica y la flora aut\u00f3ctona, caracter\u00edsticas que le aportan a los vinos una personalidad marcada y un especiado muy particular.<\/p>\n\n\n\n<div style=\"height:28px\" aria-hidden=\"true\" class=\"wp-block-spacer\"><\/div>\n\n\n<div class=\"wp-block-image\">\n<figure class=\"aligncenter size-full is-resized\"><a href=\"https:\/\/enolife.com.ar\/es\/wp-content\/uploads\/2023\/10\/Corazon-del-Sol-BH-20200301-020-620x349px.jpg\" data-rel=\"penci-gallery-image-content\" ><img loading=\"lazy\" decoding=\"async\" src=\"https:\/\/enolife.com.ar\/es\/wp-content\/uploads\/2023\/10\/Corazon-del-Sol-BH-20200301-020-620x349px.jpg\" alt=\"\" class=\"wp-image-103285\" width=\"618\" height=\"348\" srcset=\"https:\/\/enolife.com.ar\/es\/wp-content\/uploads\/2023\/10\/Corazon-del-Sol-BH-20200301-020-620x349px.jpg 620w, https:\/\/enolife.com.ar\/es\/wp-content\/uploads\/2023\/10\/Corazon-del-Sol-BH-20200301-020-620x349px-300x169.jpg 300w, https:\/\/enolife.com.ar\/es\/wp-content\/uploads\/2023\/10\/Corazon-del-Sol-BH-20200301-020-620x349px-585x329.jpg 585w\" sizes=\"auto, (max-width: 618px) 100vw, 618px\" \/><\/a><figcaption class=\"wp-element-caption\"><em><strong>Bodega Coraz\u00f3n del Sol<\/strong><\/em><\/figcaption><\/figure><\/div>\n\n<div class=\"wp-block-image\">\n<figure class=\"aligncenter size-large is-resized\"><a href=\"https:\/\/enolife.com.ar\/es\/wp-content\/uploads\/2023\/10\/Bodega-Bianchi-Valle-de-Uco.jpg\" data-rel=\"penci-gallery-image-content\" ><img loading=\"lazy\" decoding=\"async\" src=\"https:\/\/enolife.com.ar\/es\/wp-content\/uploads\/2023\/10\/Bodega-Bianchi-Valle-de-Uco-1024x576.jpg\" alt=\"\" class=\"wp-image-103286\" width=\"592\" height=\"332\" srcset=\"https:\/\/enolife.com.ar\/es\/wp-content\/uploads\/2023\/10\/Bodega-Bianchi-Valle-de-Uco-1024x576.jpg 1024w, https:\/\/enolife.com.ar\/es\/wp-content\/uploads\/2023\/10\/Bodega-Bianchi-Valle-de-Uco-300x169.jpg 300w, https:\/\/enolife.com.ar\/es\/wp-content\/uploads\/2023\/10\/Bodega-Bianchi-Valle-de-Uco-768x432.jpg 768w, https:\/\/enolife.com.ar\/es\/wp-content\/uploads\/2023\/10\/Bodega-Bianchi-Valle-de-Uco-1170x658.jpg 1170w, https:\/\/enolife.com.ar\/es\/wp-content\/uploads\/2023\/10\/Bodega-Bianchi-Valle-de-Uco-585x329.jpg 585w, https:\/\/enolife.com.ar\/es\/wp-content\/uploads\/2023\/10\/Bodega-Bianchi-Valle-de-Uco.jpg 1200w\" sizes=\"auto, (max-width: 592px) 100vw, 592px\" \/><\/a><figcaption class=\"wp-element-caption\"><em><strong>Bodega Enzo Bianchi<\/strong><\/em><\/figcaption><\/figure><\/div>\n\n\n<div style=\"height:18px\" aria-hidden=\"true\" class=\"wp-block-spacer\"><\/div>\n\n\n\n<p class=\"has-medium-font-size\"><strong>El trabajo mancomunado como leit motiv<\/strong><\/p>\n\n\n\n<p>Los Chacayes es una de las \u00faltimas Indicaciones Geogr\u00e1ficas aprobadas de Argentina y hoy se distingue como una de las zonas productivas m\u00e1s impottantes del Valle de Uco. Pero su historia como terroir comenz\u00f3 mucho antes. <\/p>\n\n\n\n<p>Los primeros en afincarse en la zona fueron los hermanos<strong> Fran\u00e7ois y Jacques Lurton<\/strong>, que llegaron hasta all\u00ed en el a\u00f1o <strong>1996<\/strong>, cuando la regi\u00f3n era a\u00fan un paraje inh\u00f3spito, buscando las mejores tierras para plantar cabernet sauvignon. <\/p>\n\n\n\n<p>Los Lurton no se equivocaron y la uva se dio all\u00ed a la perfecci\u00f3n, pero el gran hito lleg\u00f3 en 2002, cuando Bodega Piedra Negra -propiedad de Fran\u00e7ois Lurton- dio a conocer al mercado <strong>un malbec excepcional, al cual nombraron Chacayes<\/strong>. Si bien registraron la marca en mayo de 2005, cuando en 2017 se cre\u00f3 la IG cedieron su uso a los viticultores y productores de la zona para que todos pudieran identificar con ella a sus vinos.<\/p>\n\n\n\n<div style=\"height:21px\" aria-hidden=\"true\" class=\"wp-block-spacer\"><\/div>\n\n\n<div class=\"wp-block-image\">\n<figure class=\"aligncenter size-full is-resized\"><a href=\"https:\/\/enolife.com.ar\/es\/wp-content\/uploads\/2023\/10\/gimenez-rili.jpg\" data-rel=\"penci-gallery-image-content\" ><img loading=\"lazy\" decoding=\"async\" src=\"https:\/\/enolife.com.ar\/es\/wp-content\/uploads\/2023\/10\/gimenez-rili.jpg\" alt=\"\" class=\"wp-image-103287\" width=\"582\" height=\"327\" srcset=\"https:\/\/enolife.com.ar\/es\/wp-content\/uploads\/2023\/10\/gimenez-rili.jpg 550w, https:\/\/enolife.com.ar\/es\/wp-content\/uploads\/2023\/10\/gimenez-rili-300x169.jpg 300w\" sizes=\"auto, (max-width: 582px) 100vw, 582px\" \/><\/a><figcaption class=\"wp-element-caption\"><em><strong>Bodega Gimenez Rilli<\/strong><\/em><\/figcaption><\/figure><\/div>\n\n<div class=\"wp-block-image\">\n<figure class=\"aligncenter size-large is-resized\"><a href=\"https:\/\/enolife.com.ar\/es\/wp-content\/uploads\/2023\/10\/the-vines.jpg\" data-rel=\"penci-gallery-image-content\" ><img loading=\"lazy\" decoding=\"async\" src=\"https:\/\/enolife.com.ar\/es\/wp-content\/uploads\/2023\/10\/the-vines-1024x576.jpg\" alt=\"\" class=\"wp-image-103288\" width=\"602\" height=\"338\" srcset=\"https:\/\/enolife.com.ar\/es\/wp-content\/uploads\/2023\/10\/the-vines-1024x576.jpg 1024w, https:\/\/enolife.com.ar\/es\/wp-content\/uploads\/2023\/10\/the-vines-300x169.jpg 300w, https:\/\/enolife.com.ar\/es\/wp-content\/uploads\/2023\/10\/the-vines-768x432.jpg 768w, https:\/\/enolife.com.ar\/es\/wp-content\/uploads\/2023\/10\/the-vines-1170x658.jpg 1170w, https:\/\/enolife.com.ar\/es\/wp-content\/uploads\/2023\/10\/the-vines-585x329.jpg 585w, https:\/\/enolife.com.ar\/es\/wp-content\/uploads\/2023\/10\/the-vines.jpg 1280w\" sizes=\"auto, (max-width: 602px) 100vw, 602px\" \/><\/a><figcaption class=\"wp-element-caption\"><em><strong>The Vines of Mendoza<\/strong><\/em><\/figcaption><\/figure><\/div>\n\n<div class=\"wp-block-image\">\n<figure class=\"aligncenter size-full is-resized\"><a href=\"https:\/\/enolife.com.ar\/es\/wp-content\/uploads\/2023\/10\/vivitunuyan-bodegapiedranegra2.jpg\" data-rel=\"penci-gallery-image-content\" ><img loading=\"lazy\" decoding=\"async\" src=\"https:\/\/enolife.com.ar\/es\/wp-content\/uploads\/2023\/10\/vivitunuyan-bodegapiedranegra2.jpg\" alt=\"\" class=\"wp-image-103281\" width=\"638\" height=\"425\" srcset=\"https:\/\/enolife.com.ar\/es\/wp-content\/uploads\/2023\/10\/vivitunuyan-bodegapiedranegra2.jpg 545w, https:\/\/enolife.com.ar\/es\/wp-content\/uploads\/2023\/10\/vivitunuyan-bodegapiedranegra2-300x200.jpg 300w\" sizes=\"auto, (max-width: 638px) 100vw, 638px\" \/><\/a><figcaption class=\"wp-element-caption\"><em><strong>Bodega Piedra Negra<\/strong><\/em><\/figcaption><\/figure><\/div>\n\n\n<div style=\"height:14px\" aria-hidden=\"true\" class=\"wp-block-spacer\"><\/div>\n\n\n\n<p>El nombre de la IG deriva del <strong>chacay<\/strong>, una planta aut\u00f3ctona que crece a la vera de las vertientes y arroyos, que ofrece un fruto de sabor ligeramente c\u00edtrico y que formaba parte de la dieta de los abor\u00edgenes de la zona.<\/p>\n\n\n\n<div style=\"height:18px\" aria-hidden=\"true\" class=\"wp-block-spacer\"><\/div>\n\n\n\n<figure class=\"wp-block-gallery has-nested-images columns-default is-cropped wp-block-gallery-1 is-layout-flex wp-block-gallery-is-layout-flex\">\n<figure class=\"wp-block-image size-full\"><a href=\"https:\/\/enolife.com.ar\/es\/wp-content\/uploads\/2023\/10\/chacay.jpg\" data-rel=\"penci-gallery-image-content\" ><img loading=\"lazy\" decoding=\"async\" width=\"400\" height=\"500\" data-id=\"103254\" src=\"https:\/\/enolife.com.ar\/es\/wp-content\/uploads\/2023\/10\/chacay.jpg\" alt=\"\" class=\"wp-image-103254\" srcset=\"https:\/\/enolife.com.ar\/es\/wp-content\/uploads\/2023\/10\/chacay.jpg 400w, https:\/\/enolife.com.ar\/es\/wp-content\/uploads\/2023\/10\/chacay-240x300.jpg 240w\" sizes=\"auto, (max-width: 400px) 100vw, 400px\" \/><\/a><figcaption class=\"wp-element-caption\"><strong><em>Flor de El Chacay<\/em><\/strong><\/figcaption><\/figure>\n\n\n\n<figure class=\"wp-block-image size-full\"><a href=\"https:\/\/enolife.com.ar\/es\/wp-content\/uploads\/2023\/10\/61801889_3204946339519174_9143024249697468416_n.jpg\" data-rel=\"penci-gallery-image-content\" ><img loading=\"lazy\" decoding=\"async\" width=\"410\" height=\"500\" data-id=\"103266\" src=\"https:\/\/enolife.com.ar\/es\/wp-content\/uploads\/2023\/10\/61801889_3204946339519174_9143024249697468416_n.jpg\" alt=\"\" class=\"wp-image-103266\" srcset=\"https:\/\/enolife.com.ar\/es\/wp-content\/uploads\/2023\/10\/61801889_3204946339519174_9143024249697468416_n.jpg 410w, https:\/\/enolife.com.ar\/es\/wp-content\/uploads\/2023\/10\/61801889_3204946339519174_9143024249697468416_n-246x300.jpg 246w\" sizes=\"auto, (max-width: 410px) 100vw, 410px\" \/><\/a><figcaption class=\"wp-element-caption\"><strong><em>\u00c1rbol El Chacay<\/em><\/strong><\/figcaption><\/figure>\n<\/figure>\n\n\n\n<div style=\"height:20px\" aria-hidden=\"true\" class=\"wp-block-spacer\"><\/div>\n\n\n\n<p class=\"has-medium-font-size\"><strong>Un terroir \u00fanico pero de gran diversidad<\/strong><\/p>\n\n\n\n<p>Con un total de m\u00e1s de 1.500 hect\u00e1reas plantadas y una producci\u00f3n anual de m\u00e1s de 4.000.000 botellas, la IG Los Chacayes se caracteriza por su clima, altitud, extensi\u00f3n y por la diversidad de suelos que la componen. Las variedades que m\u00e1s se cultivan son <strong>malbec, petit verdot, cabernet sauvignon y cabernet franc, y en menor medida Gew\u00fcrztraminer, garnacha y monastrell.<\/strong><\/p>\n\n\n\n<div style=\"height:12px\" aria-hidden=\"true\" class=\"wp-block-spacer\"><\/div>\n\n\n<div class=\"wp-block-image\">\n<figure class=\"aligncenter size-full is-resized\"><a href=\"https:\/\/enolife.com.ar\/es\/wp-content\/uploads\/2023\/10\/san-pablo1.jpg\" data-rel=\"penci-gallery-image-content\" ><img loading=\"lazy\" decoding=\"async\" src=\"https:\/\/enolife.com.ar\/es\/wp-content\/uploads\/2023\/10\/san-pablo1.jpg\" alt=\"\" class=\"wp-image-103268\" width=\"396\" height=\"467\" srcset=\"https:\/\/enolife.com.ar\/es\/wp-content\/uploads\/2023\/10\/san-pablo1.jpg 424w, https:\/\/enolife.com.ar\/es\/wp-content\/uploads\/2023\/10\/san-pablo1-254x300.jpg 254w\" sizes=\"auto, (max-width: 396px) 100vw, 396px\" \/><\/a><\/figure><\/div>\n\n\n<div style=\"height:14px\" aria-hidden=\"true\" class=\"wp-block-spacer\"><\/div>\n\n\n<div class=\"wp-block-image\">\n<figure class=\"aligncenter size-full is-resized\"><a href=\"https:\/\/enolife.com.ar\/es\/wp-content\/uploads\/2023\/10\/los-chacayes-fincas.jpg\" data-rel=\"penci-gallery-image-content\" ><img loading=\"lazy\" decoding=\"async\" src=\"https:\/\/enolife.com.ar\/es\/wp-content\/uploads\/2023\/10\/los-chacayes-fincas.jpg\" alt=\"\" class=\"wp-image-103269\" width=\"646\" height=\"387\" srcset=\"https:\/\/enolife.com.ar\/es\/wp-content\/uploads\/2023\/10\/los-chacayes-fincas.jpg 836w, https:\/\/enolife.com.ar\/es\/wp-content\/uploads\/2023\/10\/los-chacayes-fincas-300x179.jpg 300w, https:\/\/enolife.com.ar\/es\/wp-content\/uploads\/2023\/10\/los-chacayes-fincas-768x459.jpg 768w, https:\/\/enolife.com.ar\/es\/wp-content\/uploads\/2023\/10\/los-chacayes-fincas-585x350.jpg 585w\" sizes=\"auto, (max-width: 646px) 100vw, 646px\" \/><\/a><\/figure><\/div>\n\n\n<div style=\"height:16px\" aria-hidden=\"true\" class=\"wp-block-spacer\"><\/div>\n\n\n\n<p>Es una de las regiones con mayor variedad de cepas plantadas -de hecho, Los Chacayes es ideal para el desarrollo de algunas variedades que no alcanzan la madurez necesaria en otras zonas- y en la que cada una logra adoptar caracter\u00edsticas propias y buena tipicidad varietal, adquiriendo la identidad del lugar.<\/p>\n\n\n\n<p>Sin embargo, en todos los casos los vinos se distinguen por su concentraci\u00f3n, su intensidad muy marcada y por la personalidad \u00fanica que les otorga la flora aut\u00f3ctona y el lugar. Se puede detectar en muchos casos la complejidad de vinos a\u00f1ejados pero con la explosi\u00f3n de la juventud y suelen resultar muy especiados al paladar. Son vinos muy identificables y esta cualidad es la explicaci\u00f3n de la denominaci\u00f3n de Los Chacayes como IG.<\/p>\n\n\n\n<div style=\"height:15px\" aria-hidden=\"true\" class=\"wp-block-spacer\"><\/div>\n\n\n<div class=\"wp-block-image\">\n<figure class=\"aligncenter size-large is-resized\"><a href=\"https:\/\/enolife.com.ar\/es\/wp-content\/uploads\/2023\/10\/Rocas-mas-comunes-encontradas-en-los-perfiles-de-suelo-de-nuestra-IG-Los-Chacayes.jpg\" data-rel=\"penci-gallery-image-content\" ><img loading=\"lazy\" decoding=\"async\" src=\"https:\/\/enolife.com.ar\/es\/wp-content\/uploads\/2023\/10\/Rocas-mas-comunes-encontradas-en-los-perfiles-de-suelo-de-nuestra-IG-Los-Chacayes-1024x620.jpg\" alt=\"\" class=\"wp-image-103279\" width=\"728\" height=\"440\" srcset=\"https:\/\/enolife.com.ar\/es\/wp-content\/uploads\/2023\/10\/Rocas-mas-comunes-encontradas-en-los-perfiles-de-suelo-de-nuestra-IG-Los-Chacayes-1024x620.jpg 1024w, https:\/\/enolife.com.ar\/es\/wp-content\/uploads\/2023\/10\/Rocas-mas-comunes-encontradas-en-los-perfiles-de-suelo-de-nuestra-IG-Los-Chacayes-300x182.jpg 300w, https:\/\/enolife.com.ar\/es\/wp-content\/uploads\/2023\/10\/Rocas-mas-comunes-encontradas-en-los-perfiles-de-suelo-de-nuestra-IG-Los-Chacayes-768x465.jpg 768w, https:\/\/enolife.com.ar\/es\/wp-content\/uploads\/2023\/10\/Rocas-mas-comunes-encontradas-en-los-perfiles-de-suelo-de-nuestra-IG-Los-Chacayes-1170x708.jpg 1170w, https:\/\/enolife.com.ar\/es\/wp-content\/uploads\/2023\/10\/Rocas-mas-comunes-encontradas-en-los-perfiles-de-suelo-de-nuestra-IG-Los-Chacayes-585x354.jpg 585w, https:\/\/enolife.com.ar\/es\/wp-content\/uploads\/2023\/10\/Rocas-mas-comunes-encontradas-en-los-perfiles-de-suelo-de-nuestra-IG-Los-Chacayes.jpg 1178w\" sizes=\"auto, (max-width: 728px) 100vw, 728px\" \/><\/a><figcaption class=\"wp-element-caption\"><em><strong>Las rocas m\u00e1s comunes encontradas en los perfiles de suelo de la IG Los Chacayes.<\/strong><\/em><\/figcaption><\/figure><\/div>\n\n\n<div style=\"height:16px\" aria-hidden=\"true\" class=\"wp-block-spacer\"><\/div>\n\n\n\n<p class=\"has-medium-font-size\"><strong>Clima, altitud y suelos, datos claves de Los Chacayes<\/strong><\/p>\n\n\n\n<p>Actualmente, los proyectos vitivin\u00edcolas se emplazan entre los 1.170 y los 2.220 msnm. El clima de la IG Los Chacayes ofrece una amplitud t\u00e9rmica que va de 22 a 25\u00b0C -con gran diferencia entre las temperaturas diurnas y nocturnas-, y una pluviometr\u00eda promedio pr\u00f3xima a los 300 mm anuales. Estas condiciones se traducen en pieles m\u00e1s gruesas, una marcada acidez y concentraci\u00f3n, aromas profundos, alcohol moderado y una gran presencia de antocianos que les otorga colores intensos a los vinos.<\/p>\n\n\n\n<p>Diversos an\u00e1lisis respecto de la formaci\u00f3n y origen geol\u00f3gico de Los Chacayes identifican distintas \u00e1reas bien diferentes dentro de la misma regi\u00f3n: Los Chacayes alto, medio y bajo, as\u00ed como tambi\u00e9n Los Chacayes norte, centro y sur. Tal diversidad aporta una diferenciaci\u00f3n alcanzada por pocas regiones del mundo.<\/p>\n\n\n\n<div style=\"height:13px\" aria-hidden=\"true\" class=\"wp-block-spacer\"><\/div>\n\n\n\n<figure class=\"wp-block-gallery has-nested-images columns-default is-cropped wp-block-gallery-2 is-layout-flex wp-block-gallery-is-layout-flex\">\n<figure class=\"wp-block-image size-full\"><a href=\"https:\/\/enolife.com.ar\/es\/wp-content\/uploads\/2023\/10\/terroir.jpg\" data-rel=\"penci-gallery-image-content\" ><img loading=\"lazy\" decoding=\"async\" width=\"399\" height=\"500\" data-id=\"103271\" src=\"https:\/\/enolife.com.ar\/es\/wp-content\/uploads\/2023\/10\/terroir.jpg\" alt=\"\" class=\"wp-image-103271\" srcset=\"https:\/\/enolife.com.ar\/es\/wp-content\/uploads\/2023\/10\/terroir.jpg 399w, https:\/\/enolife.com.ar\/es\/wp-content\/uploads\/2023\/10\/terroir-239x300.jpg 239w\" sizes=\"auto, (max-width: 399px) 100vw, 399px\" \/><\/a><\/figure>\n\n\n\n<figure class=\"wp-block-image size-full\"><a href=\"https:\/\/enolife.com.ar\/es\/wp-content\/uploads\/2023\/10\/terroir-2.jpg\" data-rel=\"penci-gallery-image-content\" ><img loading=\"lazy\" decoding=\"async\" width=\"399\" height=\"500\" data-id=\"103272\" src=\"https:\/\/enolife.com.ar\/es\/wp-content\/uploads\/2023\/10\/terroir-2.jpg\" alt=\"\" class=\"wp-image-103272\" srcset=\"https:\/\/enolife.com.ar\/es\/wp-content\/uploads\/2023\/10\/terroir-2.jpg 399w, https:\/\/enolife.com.ar\/es\/wp-content\/uploads\/2023\/10\/terroir-2-239x300.jpg 239w\" sizes=\"auto, (max-width: 399px) 100vw, 399px\" \/><\/a><\/figure>\n<\/figure>\n\n\n\n<div style=\"height:16px\" aria-hidden=\"true\" class=\"wp-block-spacer\"><\/div>\n\n\n\n<p>El <strong>r\u00edo Arroyo Grande<\/strong>, que nace del deshielo de la nieve de la parte frontal de la monta\u00f1a, es la principal influencia para los suelos de la IG Los Chacayes, ya que los elementos que transporta son los responsables de su composici\u00f3n, que resulta muy distinta seg\u00fan su ubicaci\u00f3n en una u otra microrregi\u00f3n. Esta diversidad repercute en el vi\u00f1edo y en las uvas, y se vislumbra claramente en los vinos de la IG.<\/p>\n\n\n\n<p>A pesar de esa multiplicidad de suelos, la zona est\u00e1 compuesta a grandes rasgos por tres abanicos aluvionales que definen tres perfiles o categor\u00edas diferenciadas: uno es calc\u00e1reo, gravoso y arenoso con gran heterogeneidad; otro es aluvial con piedra de r\u00edo y sin contenido de carbonato de calcio, con suelos que le otorgan a los vinos notas florales y de frutas frescas; y el tercer perfil es calc\u00e1reo, compuesto de piedra recubierta por una gruesa capa de carbonato de calcio.<\/p>\n\n\n\n<div style=\"height:17px\" aria-hidden=\"true\" class=\"wp-block-spacer\"><\/div>\n\n\n\n<figure class=\"wp-block-gallery has-nested-images columns-default is-cropped wp-block-gallery-3 is-layout-flex wp-block-gallery-is-layout-flex\">\n<figure class=\"wp-block-image size-full\"><a href=\"https:\/\/enolife.com.ar\/es\/wp-content\/uploads\/2023\/10\/terroir-3.jpg\" data-rel=\"penci-gallery-image-content\" ><img loading=\"lazy\" decoding=\"async\" width=\"399\" height=\"500\" data-id=\"103273\" src=\"https:\/\/enolife.com.ar\/es\/wp-content\/uploads\/2023\/10\/terroir-3.jpg\" alt=\"\" class=\"wp-image-103273\" srcset=\"https:\/\/enolife.com.ar\/es\/wp-content\/uploads\/2023\/10\/terroir-3.jpg 399w, https:\/\/enolife.com.ar\/es\/wp-content\/uploads\/2023\/10\/terroir-3-239x300.jpg 239w\" sizes=\"auto, (max-width: 399px) 100vw, 399px\" \/><\/a><\/figure>\n\n\n\n<figure class=\"wp-block-image size-full\"><a href=\"https:\/\/enolife.com.ar\/es\/wp-content\/uploads\/2023\/10\/terroir-4.jpg\" data-rel=\"penci-gallery-image-content\" ><img loading=\"lazy\" decoding=\"async\" width=\"399\" height=\"500\" data-id=\"103274\" src=\"https:\/\/enolife.com.ar\/es\/wp-content\/uploads\/2023\/10\/terroir-4.jpg\" alt=\"\" class=\"wp-image-103274\" srcset=\"https:\/\/enolife.com.ar\/es\/wp-content\/uploads\/2023\/10\/terroir-4.jpg 399w, https:\/\/enolife.com.ar\/es\/wp-content\/uploads\/2023\/10\/terroir-4-239x300.jpg 239w\" sizes=\"auto, (max-width: 399px) 100vw, 399px\" \/><\/a><\/figure>\n<\/figure>\n\n\n\n<div style=\"height:19px\" aria-hidden=\"true\" class=\"wp-block-spacer\"><\/div>\n\n\n\n<p>Finalmente, el terroir se encuentra muy influenciado por la flora aut\u00f3ctona, por plantas que cuando se desarrollan con fuerza despliegan aromas que se incorporan a los vinos, cualquiera sea su variedad. Esta influencia tambi\u00e9n dota de un car\u00e1cter muy particular a los vinos de la regi\u00f3n.<\/p>\n\n\n\n<p>Todas estas caracter\u00edsticas hacen de la IG Los Chacayes un terroir excepcional, y se traducen en vinos que siempre sorprenden gratamente a quien los prueba. De hecho, el prestigioso cr\u00edtico ingl\u00e9s <strong>Tim Atkin<\/strong> -que visit\u00f3 oportunamente la regi\u00f3n- se mostr\u00f3 maravillado con la IG y con las etiquetas que all\u00ed se elaboran. Lo cierto es que los vinos de Los Chacayes nunca pasan desapercibidos, y esto es algo que queda demostrado en la predilecci\u00f3n de los consumidores que los buscan y eligen a conciencia, y cada vez con m\u00e1s frecuencia.<\/p>\n\n\n\n<div style=\"height:28px\" aria-hidden=\"true\" class=\"wp-block-spacer\"><\/div>\n","protected":false},"excerpt":{"rendered":"<p>La zona de Tunuy\u00e1n al oeste del distrito Vista Flores, entre Campo de los Andes&hellip;<\/p>\n","protected":false},"author":3,"featured_media":103253,"comment_status":"open","ping_status":"open","sticky":false,"template":"","format":"standard","meta":{"footnotes":""},"categories":[5],"tags":[],"class_list":["post-103050","post","type-post","status-publish","format-standard","has-post-thumbnail","hentry","category-fincas"],"_links":{"self":[{"href":"https:\/\/enolife.com.ar\/es\/wp-json\/wp\/v2\/posts\/103050","targetHints":{"allow":["GET"]}}],"collection":[{"href":"https:\/\/enolife.com.ar\/es\/wp-json\/wp\/v2\/posts"}],"about":[{"href":"https:\/\/enolife.com.ar\/es\/wp-json\/wp\/v2\/types\/post"}],"author":[{"embeddable":true,"href":"https:\/\/enolife.com.ar\/es\/wp-json\/wp\/v2\/users\/3"}],"replies":[{"embeddable":true,"href":"https:\/\/enolife.com.ar\/es\/wp-json\/wp\/v2\/comments?post=103050"}],"version-history":[{"count":0,"href":"https:\/\/enolife.com.ar\/es\/wp-json\/wp\/v2\/posts\/103050\/revisions"}],"wp:featuredmedia":[{"embeddable":true,"href":"https:\/\/enolife.com.ar\/es\/wp-json\/wp\/v2\/media\/103253"}],"wp:attachment":[{"href":"https:\/\/enolife.com.ar\/es\/wp-json\/wp\/v2\/media?parent=103050"}],"wp:term":[{"taxonomy":"category","embeddable":true,"href":"https:\/\/enolife.com.ar\/es\/wp-json\/wp\/v2\/categories?post=103050"},{"taxonomy":"post_tag","embeddable":true,"href":"https:\/\/enolife.com.ar\/es\/wp-json\/wp\/v2\/tags?post=103050"}],"curies":[{"name":"wp","href":"https:\/\/api.w.org\/{rel}","templated":true}]}}