{"id":102834,"date":"2023-10-05T00:14:59","date_gmt":"2023-10-05T00:14:59","guid":{"rendered":"https:\/\/enolife.com.ar\/es\/?p=102834"},"modified":"2023-10-07T02:31:31","modified_gmt":"2023-10-07T02:31:31","slug":"del-5-al-7-10-chilecito-sera-centro-de-atencion-de-la-vitivinicultura-argentina-y-mundial","status":"publish","type":"post","link":"https:\/\/enolife.com.ar\/es\/del-5-al-7-10-chilecito-sera-centro-de-atencion-de-la-vitivinicultura-argentina-y-mundial\/","title":{"rendered":"Del 5 al 7\/10, Chilecito ser\u00e1 centro de atenci\u00f3n de la vitivinicultura argentina y mundial"},"content":{"rendered":"\n<h4 class=\"wp-block-heading\"><em><strong>Con 5 distintos eventos de magnitud, de alcance nacional y global, los d\u00edas jueves 5, viernes 6 y s\u00e1bado 7 de octubre de 2023, la ciudad de Chilecito, en el coraz\u00f3n de la norte\u00f1a provincia argentina de La Rioja, concitar\u00e1 todas las miradas del mundo del vino. En esta nota, desglosamos en detalle cada actividad, as\u00ed como el an\u00e1lisis de su trascendencia y la menci\u00f3n de sus protagonistas. Es una buena oportunidad para recorrer ese prometedor terru\u00f1o del oeste del pa\u00eds, que tiene un buen ganado prestigio gracias a su vino emblema, el Torront\u00e9s Riojano.<\/strong><\/em><\/h4>\n\n\n\n<div style=\"height:35px\" aria-hidden=\"true\" class=\"wp-block-spacer\"><\/div>\n\n\n<a href=\"https:\/\/jmzeballos.com\/\" aria-label=\"ENOLIFE &#8211;  EPOXI\"><img loading=\"lazy\" decoding=\"async\" src=\"https:\/\/enolife.com.ar\/es\/wp-content\/uploads\/2023\/08\/ENOLIFE-EPOXI-1700x500-1-scaled.jpg\" alt=\"\"  srcset=\"https:\/\/enolife.com.ar\/es\/wp-content\/uploads\/2023\/08\/ENOLIFE-EPOXI-1700x500-1-scaled.jpg 2560w, https:\/\/enolife.com.ar\/es\/wp-content\/uploads\/2023\/08\/ENOLIFE-EPOXI-1700x500-1-300x88.jpg 300w, https:\/\/enolife.com.ar\/es\/wp-content\/uploads\/2023\/08\/ENOLIFE-EPOXI-1700x500-1-1024x301.jpg 1024w, https:\/\/enolife.com.ar\/es\/wp-content\/uploads\/2023\/08\/ENOLIFE-EPOXI-1700x500-1-768x226.jpg 768w, https:\/\/enolife.com.ar\/es\/wp-content\/uploads\/2023\/08\/ENOLIFE-EPOXI-1700x500-1-1536x452.jpg 1536w, https:\/\/enolife.com.ar\/es\/wp-content\/uploads\/2023\/08\/ENOLIFE-EPOXI-1700x500-1-2048x602.jpg 2048w, https:\/\/enolife.com.ar\/es\/wp-content\/uploads\/2023\/08\/ENOLIFE-EPOXI-1700x500-1-1170x344.jpg 1170w, https:\/\/enolife.com.ar\/es\/wp-content\/uploads\/2023\/08\/ENOLIFE-EPOXI-1700x500-1-585x172.jpg 585w\" sizes=\"auto, (max-width: 2560px) 100vw, 2560px\" width=\"2560\" height=\"753\"   \/><\/a>\n\n\n<div style=\"height:45px\" aria-hidden=\"true\" class=\"wp-block-spacer\"><\/div>\n\n\n\n<p>Entre el 5 y 7 de octubre, en la ciudad de <strong>Chilecito, La Rioja, Argentina<\/strong>, se llevar\u00e1n a cabo una serie de actividades conjuntas y complementarias que tienen como protagonista al vino en general, y al<br>Torront\u00e9s Riojano en particular. Todas son organizadas por la <strong>C\u00e1mara Riojana de Productores Agropecuarios (Carpa)<\/strong>, en conjunto y colaboraci\u00f3n con la <strong>Cooperativa La Riojana<\/strong>, la <strong>Corporaci\u00f3n Vitivin\u00edcola Argentina (Coviar)<\/strong>, el <strong>Gobierno de la Rioja<\/strong>, la <strong>Municipalidad de Chilecito<\/strong>, el <strong>Consejo Federal de Inversiones (CFI)<\/strong>, el <strong>Instituto Nacional de Vitivinicultura (INV)<\/strong> y el patrocinio destacado de la <strong>Organizaci\u00f3n Internacional de la Vid y el Vino (OIV)<\/strong>, con sede en Dijon, Francia. Y la presidencia del concurso est\u00e1 a cargo de la ingeniera qu\u00edmica y gerenta de fiscalizaci\u00f3n del INV, <strong>Claudia Quini<\/strong>.<\/p>\n\n\n\n<div style=\"height:30px\" aria-hidden=\"true\" class=\"wp-block-spacer\"><\/div>\n\n\n<div class=\"wp-block-image\">\n<figure class=\"aligncenter size-full is-resized\"><a href=\"https:\/\/enolife.com.ar\/es\/wp-content\/uploads\/2023\/10\/evinor-1.jpg\" data-rel=\"penci-gallery-image-content\" ><img loading=\"lazy\" decoding=\"async\" src=\"https:\/\/enolife.com.ar\/es\/wp-content\/uploads\/2023\/10\/evinor-1.jpg\" alt=\"\" class=\"wp-image-102835\" width=\"459\" height=\"654\" srcset=\"https:\/\/enolife.com.ar\/es\/wp-content\/uploads\/2023\/10\/evinor-1.jpg 401w, https:\/\/enolife.com.ar\/es\/wp-content\/uploads\/2023\/10\/evinor-1-211x300.jpg 211w\" sizes=\"auto, (max-width: 459px) 100vw, 459px\" \/><\/a><\/figure><\/div>\n\n\n<div style=\"height:30px\" aria-hidden=\"true\" class=\"wp-block-spacer\"><\/div>\n\n\n\n<p class=\"has-medium-font-size\"><strong>Cooperativas del mundo unidas<\/strong><\/p>\n\n\n\n<p>En primera instancia, desde el 5\/10 se desarrollar\u00e1 el <strong>XII Foro Mundial de Cooperativas Vitivin\u00edcolas (FMCV),<\/strong> en el que se abordar\u00e1n las estrategias de integraci\u00f3n y negocios en los mercados globales, promoviendo, a su vez, el desarrollo local en los territorios de origen de las organizaciones.<\/p>\n\n\n\n<p>El Foro Mundial de Cooperativas de Vino agrupa a m\u00e1s de <strong>50.000 productores que elaboran aproximadamente el 60% del volumen de vinos, espumantes y mostos a nivel mundial. <\/strong>Est\u00e1 conformado por organizaciones de Am\u00e9rica, Europa y Ocean\u00eda, a saber: Cevipe, Baco, Cuatro Rayas, Manjavacas y Martin Codax, de Espa\u00f1a; Vinadeis, de Francia; Caviro, de Italia; Adega Vila Real, de Portugal; Capel, de Chile; Fecovita y La Riojana, de Argentina; Establecimientos Vicca. de Uruguay; Aurora, Garibaldi, Sao Joao, Nova Alianca y Pradense, de Brasil; y CCWCoop, de Australia.<\/p>\n\n\n\n<p>El encuentro tendr\u00e1 lugar por primera vez en la provincia de La Rioja, debido a que La Riojana ejerce la presidencia del FMCV, reconocimiento que le fuera otorgado por ser una referente mundial de <strong>Fairtrade (Comercio Justo)<\/strong>, y servir\u00e1 de marco para una agenda de actividades vitivin\u00edcolas en simult\u00e1neo.<\/p>\n\n\n\n<div style=\"height:35px\" aria-hidden=\"true\" class=\"wp-block-spacer\"><\/div>\n\n\n\n<p class=\"has-medium-font-size\"><strong>Comercio justo a nivel continental<\/strong><\/p>\n\n\n\n<p>En segundo t\u00e9rmino, y en forma simult\u00e1nea al FMVC, se desarrollar\u00e1 el <strong>\u201c2do Encuentro Internacional de vinos Fairtrade de Latinoam\u00e9rica\u201d<\/strong>, en el que cooperativas de <strong>Argentina<\/strong> y <strong>Chile<\/strong> elaborar\u00e1n estrategias de promoci\u00f3n y comercializaci\u00f3n, tanto en el mercado regional como en el europeo.<\/p>\n\n\n\n<div style=\"height:35px\" aria-hidden=\"true\" class=\"wp-block-spacer\"><\/div>\n\n\n\n<p class=\"has-medium-font-size\"><strong>El Torront\u00e9s Riojano sale a escena<\/strong><\/p>\n\n\n\n<p>En tercera instancia, se realizar\u00e1 el <strong>IV Concurso Nacional del Torront\u00e9s Riojano<\/strong>, variedad emblema de la regi\u00f3n norte y de todo el pa\u00eds. A trav\u00e9s de este concurso se apoya e incentiva a la producci\u00f3n, elaboraci\u00f3n y consumo de este cada vez m\u00e1s valorado varietal, de calidad internacional. Para el certamen han sido convocadas todas las bodegas que elaboran Torront\u00e9s Riojano en Argentina.<\/p>\n\n\n\n<p>Congregar\u00e1 m\u00e1s de 50 en\u00f3logos, sommeliers y expertos del mundo del vino para elegir a los mejores exponentes de esta cepa arom\u00e1tica, frutal y floral, que se da \u00fanicamente en nuestro pa\u00eds. <\/p>\n\n\n\n<p>Este concurso es auspiciado por el INV y la OIV y contar\u00e1 con un panel de evaluaci\u00f3n de conformado por 50 en\u00f3logos, sommeliers y expertos del mundo del vino de reconocida trayectoria en Argentina y el mundo, que elegir\u00e1n los mejores exponentes de esta cepa arom\u00e1tica, frutal y floral, que se da \u00fanicamente en nuestro pa\u00eds.  Se llevar\u00e1 a cabo el <strong>6 de octubre<\/strong> en las instalaciones del <strong>Campus Los Sarmientos de la UNC,<\/strong> y la premiaci\u00f3n se dar\u00e1 en el marco de la noche de gala de Evinor 2023.<\/p>\n\n\n\n<div style=\"height:35px\" aria-hidden=\"true\" class=\"wp-block-spacer\"><\/div>\n\n\n\n<p class=\"has-medium-font-size\"><strong>Conferencias t\u00e9cnicas <\/strong><\/p>\n\n\n<div class=\"wp-block-image\">\n<figure class=\"alignleft size-full is-resized\"><a href=\"https:\/\/enolife.com.ar\/es\/wp-content\/uploads\/2023\/10\/charlas-evinor-1.jpg\" data-rel=\"penci-gallery-image-content\" ><img loading=\"lazy\" decoding=\"async\" src=\"https:\/\/enolife.com.ar\/es\/wp-content\/uploads\/2023\/10\/charlas-evinor-1.jpg\" alt=\"\" class=\"wp-image-102873\" width=\"343\" height=\"325\" srcset=\"https:\/\/enolife.com.ar\/es\/wp-content\/uploads\/2023\/10\/charlas-evinor-1.jpg 370w, https:\/\/enolife.com.ar\/es\/wp-content\/uploads\/2023\/10\/charlas-evinor-1-300x284.jpg 300w\" sizes=\"auto, (max-width: 343px) 100vw, 343px\" \/><\/a><\/figure><\/div>\n\n\n<p>En paralelo a todas las actividades arriba detalladas, se realizar\u00e1 una serie de <strong>Charlas T\u00e9cnicas<\/strong> organizadas por la Comisi\u00f3n a cargo de Evinor 2023. Ser\u00e1 el viernes 6 de octubre<strong> <\/strong>a partir de las 17 hs. en el Hotel Mac Royal, ingresando por calle Castro y Baz\u00e1n.<\/p>\n\n\n\n<p>Disertar\u00e1n <strong>Daniel Rada<\/strong>, director del Observatorio Vitivin\u00edcola Argentino;<strong> Marcela Rienzo<\/strong>, presidenta de la Asociaci\u00f3n Argentina de Sommeliers y <strong>Sergio Castro<\/strong>, director Nacional de Planificaci\u00f3n y Desarrollo del Turismo del Ministerio de Turismo y Deportes y miembro del equipo t\u00e9cnico de Coviar.<\/p>\n\n\n\n<p class=\"has-background\" style=\"background-color:#abb7c25e\">&nbsp;<strong>Inscripciones a las charlas <a href=\"https:\/\/docs.google.com\/forms\/d\/e\/1FAIpQLScqIODuUGRkHAJvdlY1WkzKXQC61ntLOPkgMIOSYe1DGSNEmA\/viewform\" title=\"\">AQU\u00cd <\/a><\/strong><\/p>\n\n\n\n<div style=\"height:35px\" aria-hidden=\"true\" class=\"wp-block-spacer\"><\/div>\n\n\n\n<p class=\"has-medium-font-size\"><strong>La Coviar debate sobre la vitivinicultura nacional<\/strong><\/p>\n\n\n\n<p>En cuarto t\u00e9rmino, el s\u00e1bado 7 en horas de la ma\u00f1ana se realizar\u00e1 la reuni\u00f3n de directorio de la Corporaci\u00f3n Vitivin\u00edcola Argentina (Coviar), en la que se analizar\u00e1 la situaci\u00f3n de vitivinicultura nacional, que por primera vez se har\u00e1 en Chilecito, bajo la presidencia del titular de Carpa y de la Coviar, el ingeniero <strong>Mario H. Gonz\u00e1lez<\/strong>.<\/p>\n\n\n\n<div style=\"height:35px\" aria-hidden=\"true\" class=\"wp-block-spacer\"><\/div>\n\n\n\n<p class=\"has-medium-font-size\"><strong>Cierre en la Noche de Gala<\/strong><\/p>\n\n\n\n<p>Todas estas actividades tendr\u00e1n como culminaci\u00f3n la Noche de Gala de Evinor 2023, con la cata guiada m\u00e1s grande del pa\u00eds, la <strong>\u201cEvaluaci\u00f3n de Vinos del Noroeste Argentino\u201d (Evinor)<\/strong>. Aqu\u00ed se dar\u00e1n cita bodegas de <strong>La Rioja, Catamarca, Tucum\u00e1n, Jujuy, Salta y C\u00f3rdoba<\/strong>, que pondran sus vinos a consideraci\u00f3n de unas 1.000 personas previstas, el 7 de octubre a partir de las 20.30, en el aer\u00f3dromo de Chilecito.<\/p>\n\n\n\n<div style=\"height:35px\" aria-hidden=\"true\" class=\"wp-block-spacer\"><\/div>\n\n\n\n<p class=\"has-medium-font-size\"><strong>Cooperativa La Riojana, ejemplo de compromiso con la comunidad<\/strong><\/p>\n\n\n\n<p>El presidente de la <strong>Alianza Cooperativa Internacional (ACI), Ariel Guarco<\/strong>, se refiri\u00f3 al Foro Mundial de Cooperativas: <em>\u201cLas entidades que conforman el Foro refuerzan la potencia del sector, integr\u00e1ndose y consolidando a nivel mundial un modelo de producci\u00f3n sustentable, centrado en las personas y en el ambiente\u00bb<\/em>. En ese sentido, destac\u00f3 a la <strong>Cooperativa La Riojana<\/strong> como <em>\u201cun claro ejemplo en acci\u00f3n del s\u00e9ptimo principio cooperativo, el compromiso con la comunidad\u201d. <\/em><\/p>\n\n\n\n<p>\u201c<em>Es realmente ejemplar el modelo de sustentabilidad empresaria, reflejado en m\u00e1s de 40 obras para la comunidad, entre las que se destacan una escuela para m\u00e1s de 500 alumnos y un Centro de Salud\u201d<\/em>, remarc\u00f3 el presidente de la ACI en referencia a los proyectos ejecutados por \u00f1a Cooperativa La Riojana con fondos obtenidos por la venta de vinos Fairtrade en Europa y Norteam\u00e9rica.<\/p>\n\n\n\n<p>La Riojana fue la primera bodega argentina y la tercera en el mundo en lograr la certificaci\u00f3n de Comercio Justo, hace m\u00e1s de 15 a\u00f1os, que propone relaciones de calidad entre productores y consumidores, valorando las buenas pr\u00e1cticas agr\u00edcolas y laborales, generando recursos que se<br>reinvierten en mejorar las condiciones de aquellos. Al respecto, su presidente y actual titular del FMCV, Alfredo Capece, indic\u00f3: <em>\u00abEl cooperativismo y el Comercio Justo son expresiones democr\u00e1ticas<br>transformadoras, a favor de la sociedad y el ambiente\u00bb<\/em>.<br><br>El FMCV culminar\u00e1 sus actividades &nbsp;el 7 de octubre, participando de la Noche de Gala de Evinor. Ser\u00e1 en el contexto de la realizaci\u00f3n de la Evaluaci\u00f3n de Vinos del Noroeste Argentino (Evinor).<\/p>\n\n\n\n<div style=\"height:30px\" aria-hidden=\"true\" class=\"wp-block-spacer\"><\/div>\n","protected":false},"excerpt":{"rendered":"<p>Con 5 distintos eventos de magnitud, de alcance nacional y global, los d\u00edas jueves 5,&hellip;<\/p>\n","protected":false},"author":3,"featured_media":102879,"comment_status":"open","ping_status":"open","sticky":false,"template":"","format":"standard","meta":{"footnotes":""},"categories":[47],"tags":[],"class_list":["post-102834","post","type-post","status-publish","format-standard","has-post-thumbnail","hentry","category-agenda"],"_links":{"self":[{"href":"https:\/\/enolife.com.ar\/es\/wp-json\/wp\/v2\/posts\/102834","targetHints":{"allow":["GET"]}}],"collection":[{"href":"https:\/\/enolife.com.ar\/es\/wp-json\/wp\/v2\/posts"}],"about":[{"href":"https:\/\/enolife.com.ar\/es\/wp-json\/wp\/v2\/types\/post"}],"author":[{"embeddable":true,"href":"https:\/\/enolife.com.ar\/es\/wp-json\/wp\/v2\/users\/3"}],"replies":[{"embeddable":true,"href":"https:\/\/enolife.com.ar\/es\/wp-json\/wp\/v2\/comments?post=102834"}],"version-history":[{"count":0,"href":"https:\/\/enolife.com.ar\/es\/wp-json\/wp\/v2\/posts\/102834\/revisions"}],"wp:featuredmedia":[{"embeddable":true,"href":"https:\/\/enolife.com.ar\/es\/wp-json\/wp\/v2\/media\/102879"}],"wp:attachment":[{"href":"https:\/\/enolife.com.ar\/es\/wp-json\/wp\/v2\/media?parent=102834"}],"wp:term":[{"taxonomy":"category","embeddable":true,"href":"https:\/\/enolife.com.ar\/es\/wp-json\/wp\/v2\/categories?post=102834"},{"taxonomy":"post_tag","embeddable":true,"href":"https:\/\/enolife.com.ar\/es\/wp-json\/wp\/v2\/tags?post=102834"}],"curies":[{"name":"wp","href":"https:\/\/api.w.org\/{rel}","templated":true}]}}