{"id":102643,"date":"2023-10-01T14:23:43","date_gmt":"2023-10-01T14:23:43","guid":{"rendered":"https:\/\/enolife.com.ar\/es\/?p=102643"},"modified":"2023-10-02T17:29:46","modified_gmt":"2023-10-02T17:29:46","slug":"feria-natural-hoy-por-el-dia-del-vegetarianismo-en-la-terraza-de-la-municipalidad-de-mendoza","status":"publish","type":"post","link":"https:\/\/enolife.com.ar\/es\/feria-natural-hoy-por-el-dia-del-vegetarianismo-en-la-terraza-de-la-municipalidad-de-mendoza\/","title":{"rendered":"Feria natural, hoy por el D\u00eda del Vegetarianismo en la terraza de la Municipalidad de Mendoza"},"content":{"rendered":"\n<h4 class=\"wp-block-heading\"><em><strong>En el cierre de una semana dedicada al vegetarianismo, el veganismo, la vida saludable y el reclamo mundial por el fin de los testeos con animales, la Municipalidad de la Ciudad de Mendoza invita hoy domingo 1 de octubre, de 17 a 21 horas, con acceso libre y gratuito, a una Feria de productos naturales a precios razonables, con m\u00fasica en vivo y una exhibici\u00f3n de Tai Chi. Los \u00fanicos requisitos para asistir son llevar puesta una prenda de color blanco y sacar previamente el ticket por <a href=\"https:\/\/www.entradaweb.com.ar\/\" title=\"\">Entradaweb<\/a>.<\/strong><\/em><\/h4>\n\n\n\n<div style=\"height:35px\" aria-hidden=\"true\" class=\"wp-block-spacer\"><\/div>\n\n\n<a href=\"https:\/\/instagram.com\/labelsolutions?igshid=YmMyMTA2M2Y=\" aria-label=\"Banner Palero 1700&#215;500\"><img loading=\"lazy\" decoding=\"async\" src=\"https:\/\/enolife.com.ar\/es\/wp-content\/uploads\/2021\/09\/Banner-Palero-1700x500-1.gif\" alt=\"\"  width=\"1700\" height=\"500\"   \/><\/a>\n\n\n<div style=\"height:45px\" aria-hidden=\"true\" class=\"wp-block-spacer\"><\/div>\n\n\n\n<p>La <strong>Ciudad de Mendoza<\/strong> se uni\u00f3 a la celebraci\u00f3n del <strong>D\u00eda Mundial del Vegetarianismo, hoy 1 de octubre, <\/strong>con una serie de actividades que comenzaron el 25 de setiembre con promociones y descuentos en restaurantes vegetarianos, actividades al aire libre de acceso gratuito y recitales de m\u00fasica. <\/p>\n\n\n\n<p>Para el cierre de esta iniciativa, <strong>hoy de 17 a 21 hs, con acceso libre previa obtenci\u00f3n del ticket por Entradaweb, <\/strong>se realiza una feria natural en la terraza <strong>\u00abJard\u00edn Mirador\u00bb de la Municipalidad de Mendoza, <\/strong>ubicada en el 8vo. piso del edificio de 9 de Julio 500 de Capital. <\/p>\n\n\n\n<p>El p\u00fablico asistente podr\u00e1 disfrutar visitando los stands de expositores con productos realizados con ingredientes naturales, a precios razonables. La actividad tambi\u00e9n constituye una forma de reclamar por el fin del testeo en animales, principalmente por las empresas farmacol\u00f3gicas. As\u00ed, se fomenta y apoya la mejora del medio ambiente, gracias a la naturaleza del proceso.<\/p>\n\n\n\n<p>En la <strong>Terraza de la Municipalidad<\/strong> tambi\u00e9n habr\u00e1 una secci\u00f3n gastron\u00f3mica vegana vegetariana, bebidas y licuados, espect\u00e1culos en vivo y, al cierre una demostraci\u00f3n de <strong>Tai Chi<\/strong> a cargo del profesor <strong>Rafael Bertranou<\/strong>, donde podr\u00e1n participar todos los presentes y cuya \u00fanica consigna para conmemorar el d\u00eda internacional del vegetarianismo es asistir con vestimenta blanca, (no excluyente) con el fin de marcar presencia por un mundo <em><strong>Cruelty free<\/strong><\/em>. <\/p>\n\n\n\n<div style=\"height:21px\" aria-hidden=\"true\" class=\"wp-block-spacer\"><\/div>\n\n\n\n<p class=\"has-medium-font-size\"><strong>\u00bfPor qu\u00e9 se celebra el D\u00eda Internacional del Vegetarianismo?<\/strong><\/p>\n\n\n\n<p>En 1977, la <strong>Sociedad Vegetariana de Estados Unidos de Norteam\u00e9rica<\/strong> estableci\u00f3 la celebraci\u00f3n de el D\u00eda Mundial del Vegetarianismo (World Vegetarian Day), y en 1978 esa fecha fue ratificada por la <strong>Uni\u00f3n Vegetariana Internacional<\/strong>, con el objetivo de promover los beneficios de la alimentaci\u00f3n vegetariana y el respeto a los animales.<\/p>\n\n\n\n<p>Esta festividad busca promover cambios en el estilo de vida de las personas y principalmente en su dieta. La palabra <strong>vegetariano<\/strong> tiene sus or\u00edgenes en el lat\u00edn <em>(vegetus)<\/em> y fue asumida por la <strong>Asociaci\u00f3n Vegetariana Brit\u00e1nica<\/strong> en el a\u00f1o 1842, debido a que este t\u00e9rmino significa completo, sano, fresco o vivaz. La palabra vegetariano se refiere a todas las personas que excluyen todos los tipos de carne de su dieta diaria. El objetivo de los vegetarianos, no es s\u00f3lo proteger la vida animal, sino tambi\u00e9n todos los recursos de la naturaleza, con la gran ventaja de que adquieren un estilo de vida mucho m\u00e1s saludable.<\/p>\n\n\n\n<div style=\"height:30px\" aria-hidden=\"true\" class=\"wp-block-spacer\"><\/div>\n\n\n\n<div style=\"height:28px\" aria-hidden=\"true\" class=\"wp-block-spacer\"><\/div>\n","protected":false},"excerpt":{"rendered":"<p>En el cierre de una semana dedicada al vegetarianismo, el veganismo, la vida saludable y&hellip;<\/p>\n","protected":false},"author":3,"featured_media":102661,"comment_status":"open","ping_status":"open","sticky":false,"template":"","format":"standard","meta":{"footnotes":""},"categories":[47],"tags":[],"class_list":["post-102643","post","type-post","status-publish","format-standard","has-post-thumbnail","hentry","category-agenda"],"_links":{"self":[{"href":"https:\/\/enolife.com.ar\/es\/wp-json\/wp\/v2\/posts\/102643","targetHints":{"allow":["GET"]}}],"collection":[{"href":"https:\/\/enolife.com.ar\/es\/wp-json\/wp\/v2\/posts"}],"about":[{"href":"https:\/\/enolife.com.ar\/es\/wp-json\/wp\/v2\/types\/post"}],"author":[{"embeddable":true,"href":"https:\/\/enolife.com.ar\/es\/wp-json\/wp\/v2\/users\/3"}],"replies":[{"embeddable":true,"href":"https:\/\/enolife.com.ar\/es\/wp-json\/wp\/v2\/comments?post=102643"}],"version-history":[{"count":0,"href":"https:\/\/enolife.com.ar\/es\/wp-json\/wp\/v2\/posts\/102643\/revisions"}],"wp:featuredmedia":[{"embeddable":true,"href":"https:\/\/enolife.com.ar\/es\/wp-json\/wp\/v2\/media\/102661"}],"wp:attachment":[{"href":"https:\/\/enolife.com.ar\/es\/wp-json\/wp\/v2\/media?parent=102643"}],"wp:term":[{"taxonomy":"category","embeddable":true,"href":"https:\/\/enolife.com.ar\/es\/wp-json\/wp\/v2\/categories?post=102643"},{"taxonomy":"post_tag","embeddable":true,"href":"https:\/\/enolife.com.ar\/es\/wp-json\/wp\/v2\/tags?post=102643"}],"curies":[{"name":"wp","href":"https:\/\/api.w.org\/{rel}","templated":true}]}}