{"id":102559,"date":"2023-10-01T14:39:47","date_gmt":"2023-10-01T14:39:47","guid":{"rendered":"https:\/\/enolife.com.ar\/es\/?p=102559"},"modified":"2023-10-03T02:08:50","modified_gmt":"2023-10-03T02:08:50","slug":"baja-cosecha-2023-el-comercio-de-uva-cayo-237-el-precio-del-kg-subio-606-y-la-facturacion-225","status":"publish","type":"post","link":"https:\/\/enolife.com.ar\/es\/baja-cosecha-2023-el-comercio-de-uva-cayo-237-el-precio-del-kg-subio-606-y-la-facturacion-225\/","title":{"rendered":"Baja cosecha 2023: el comercio de uva cay\u00f3 23,7%, el precio del kg subi\u00f3 60,6% y la facturaci\u00f3n 22,5%"},"content":{"rendered":"\n<h4 class=\"wp-block-heading\"><em><strong>Bodegas de Argentina (BdA) y la divisi\u00f3n de vinos del Banco Supervielle presentaron el informe \u00abEl desaf\u00edo del abastecimiento de uva\u00bb, realizado por el economista Javier Merino. All\u00ed se concluye que la cosecha de uvas de 2023, de 14,4 millones de quintales, fue la m\u00e1s baja de los \u00faltimos 30 a\u00f1os, por el efecto de eventos clim\u00e1ticos adversos excepcionales. El mercado de las uvas tuvo una merma del 23,7% en 2023 comparativamente con 2022, pero una subida de precio del 60,6%, lo que dio como resultado un crecimiento en la facturaci\u00f3n del 22,5%. La investigaci\u00f3n agrega que esta circunstancia aumenta los costos de producci\u00f3n de vinos, y que dif\u00edcilmente las bodegas puedan trasladar ese mayor costo al precio final del producto.<\/strong><\/em><\/h4>\n\n\n\n<div style=\"height:35px\" aria-hidden=\"true\" class=\"wp-block-spacer\"><\/div>\n\n\n\n\n\n<div style=\"height:45px\" aria-hidden=\"true\" class=\"wp-block-spacer\"><\/div>\n\n\n\n<p>En la Bodega Tapiz de Luj\u00e1n de Cuyo, Mendoza, <strong>Javier Merino, economista y responsable del Centro de Estudios Econ\u00f3micos de Bodegas de Argentina (Ceeba),<\/strong> expuso un panorama sobre la dif\u00edcil situaci\u00f3n que atraviesa el sector, con datos obtenidos de un informe trimestral realizado por la Divisi\u00f3n Vinos del Banco Supervielle titulado <strong>\u00abEl abastecimiento de uva en su momento m\u00e1s cr\u00edtico\u00bb.<\/strong><\/p>\n\n\n\n<div style=\"height:30px\" aria-hidden=\"true\" class=\"wp-block-spacer\"><\/div>\n\n\n<div class=\"wp-block-image\">\n<figure class=\"aligncenter size-full\"><a href=\"https:\/\/enolife.com.ar\/es\/wp-content\/uploads\/2023\/09\/whatsapp-image-2023-09-29-at-10-47-54.jpeg\" data-rel=\"penci-gallery-image-content\" ><img loading=\"lazy\" decoding=\"async\" width=\"623\" height=\"363\" src=\"https:\/\/enolife.com.ar\/es\/wp-content\/uploads\/2023\/09\/whatsapp-image-2023-09-29-at-10-47-54.jpeg\" alt=\"\" class=\"wp-image-102615\" srcset=\"https:\/\/enolife.com.ar\/es\/wp-content\/uploads\/2023\/09\/whatsapp-image-2023-09-29-at-10-47-54.jpeg 623w, https:\/\/enolife.com.ar\/es\/wp-content\/uploads\/2023\/09\/whatsapp-image-2023-09-29-at-10-47-54-300x175.jpeg 300w, https:\/\/enolife.com.ar\/es\/wp-content\/uploads\/2023\/09\/whatsapp-image-2023-09-29-at-10-47-54-585x341.jpeg 585w\" sizes=\"auto, (max-width: 623px) 100vw, 623px\" \/><\/a><figcaption class=\"wp-element-caption\"><em><strong>Javier Merino, Walter Bressia y Milton Kuret durante la presentaci\u00f3n del informe<\/strong><\/em>.<\/figcaption><\/figure><\/div>\n\n\n<div style=\"height:30px\" aria-hidden=\"true\" class=\"wp-block-spacer\"><\/div>\n\n\n\n<p>Seg\u00fan explic\u00f3 el economista, <strong>la cosecha de uvas de 2023 fue la m\u00e1s baja en d\u00e9cadas<\/strong>, resultado que estuvo directamente relacionado a eventos clim\u00e1ticos excepcionales, equivalentes a los que se observan en distintas regiones del planeta -competidoras en el mercado global de vinos- lo que otorga una cuota de incertidumbre hacia el futuro por la repetici\u00f3n de su ocurrencia.<\/p>\n\n\n\n<div style=\"height:30px\" aria-hidden=\"true\" class=\"wp-block-spacer\"><\/div>\n\n\n<div class=\"wp-block-image\">\n<figure class=\"aligncenter size-large is-resized\"><a href=\"https:\/\/enolife.com.ar\/es\/wp-content\/uploads\/2023\/09\/Imagen2-9.jpg\" data-rel=\"penci-gallery-image-content\" ><img loading=\"lazy\" decoding=\"async\" src=\"https:\/\/enolife.com.ar\/es\/wp-content\/uploads\/2023\/09\/Imagen2-9-1024x224.jpg\" alt=\"\" class=\"wp-image-102589\" width=\"828\" height=\"180\" srcset=\"https:\/\/enolife.com.ar\/es\/wp-content\/uploads\/2023\/09\/Imagen2-9-1024x224.jpg 1024w, https:\/\/enolife.com.ar\/es\/wp-content\/uploads\/2023\/09\/Imagen2-9-300x66.jpg 300w, https:\/\/enolife.com.ar\/es\/wp-content\/uploads\/2023\/09\/Imagen2-9-768x168.jpg 768w, https:\/\/enolife.com.ar\/es\/wp-content\/uploads\/2023\/09\/Imagen2-9-1170x256.jpg 1170w, https:\/\/enolife.com.ar\/es\/wp-content\/uploads\/2023\/09\/Imagen2-9-585x128.jpg 585w, https:\/\/enolife.com.ar\/es\/wp-content\/uploads\/2023\/09\/Imagen2-9.jpg 1197w\" sizes=\"auto, (max-width: 828px) 100vw, 828px\" \/><\/a><\/figure><\/div>\n\n\n<div style=\"height:30px\" aria-hidden=\"true\" class=\"wp-block-spacer\"><\/div>\n\n\n\n<p><em>\u00abSin embargo, este evento de la vitivinicultura argentina se da adicionalmente a otras situaciones que datan ya de varios a\u00f1os como la menor cantidad de vino vendido por las bodegas, una considerable merma en la inversi\u00f3n en vi\u00f1edos por baja rentabilidad y la acotada disponibilidad de cr\u00e9dito de largo plazo en combinaci\u00f3n con un cambio de h\u00e1bito de los consumidores hacia categor\u00edas m\u00e1s altas de precios. En resumen el vi\u00f1edo argentino ha disminuido su superficie y ha bajado su rendimiento m\u00e1s all\u00e1 de la reconversi\u00f3n hacia otras regiones y variedades\u00bb,<\/em> sostuvo Merino.<\/p>\n\n\n\n<div style=\"height:30px\" aria-hidden=\"true\" class=\"wp-block-spacer\"><\/div>\n\n\n<div class=\"wp-block-image\">\n<figure class=\"aligncenter size-full is-resized\"><a href=\"https:\/\/enolife.com.ar\/es\/wp-content\/uploads\/2023\/09\/Imagen3-4.jpg\" data-rel=\"penci-gallery-image-content\" ><img loading=\"lazy\" decoding=\"async\" src=\"https:\/\/enolife.com.ar\/es\/wp-content\/uploads\/2023\/09\/Imagen3-4.jpg\" alt=\"\" class=\"wp-image-102590\" width=\"828\" height=\"285\" srcset=\"https:\/\/enolife.com.ar\/es\/wp-content\/uploads\/2023\/09\/Imagen3-4.jpg 980w, https:\/\/enolife.com.ar\/es\/wp-content\/uploads\/2023\/09\/Imagen3-4-300x103.jpg 300w, https:\/\/enolife.com.ar\/es\/wp-content\/uploads\/2023\/09\/Imagen3-4-768x265.jpg 768w, https:\/\/enolife.com.ar\/es\/wp-content\/uploads\/2023\/09\/Imagen3-4-585x202.jpg 585w\" sizes=\"auto, (max-width: 828px) 100vw, 828px\" \/><\/a><\/figure><\/div>\n\n\n<div style=\"height:30px\" aria-hidden=\"true\" class=\"wp-block-spacer\"><\/div>\n\n\n\n<p>El informe tambi\u00e9n refiere a la evoluci\u00f3n de las inversiones en vi\u00f1edos <strong>desde la d\u00e9cada del\u00b490 cuando comienza una gran atractividad inversora del sector<\/strong> que est\u00e1 claramente relacionada a la facturaci\u00f3n esperada, esa etapa se prolonga hasta la primera d\u00e9cada del 2000. Es a partir de <strong>2010 cuando se desploma la inversi\u00f3n anual en vi\u00f1edos<\/strong> y se llega en los \u00faltimos a\u00f1os a una implantaci\u00f3n casi nula.<\/p>\n\n\n\n<div style=\"height:30px\" aria-hidden=\"true\" class=\"wp-block-spacer\"><\/div>\n\n\n<div class=\"wp-block-image\">\n<figure class=\"aligncenter size-full is-resized\"><a href=\"https:\/\/enolife.com.ar\/es\/wp-content\/uploads\/2023\/09\/Imagen6-4.jpg\" data-rel=\"penci-gallery-image-content\" ><img loading=\"lazy\" decoding=\"async\" src=\"https:\/\/enolife.com.ar\/es\/wp-content\/uploads\/2023\/09\/Imagen6-4.jpg\" alt=\"\" class=\"wp-image-102593\" width=\"734\" height=\"434\" srcset=\"https:\/\/enolife.com.ar\/es\/wp-content\/uploads\/2023\/09\/Imagen6-4.jpg 873w, https:\/\/enolife.com.ar\/es\/wp-content\/uploads\/2023\/09\/Imagen6-4-300x178.jpg 300w, https:\/\/enolife.com.ar\/es\/wp-content\/uploads\/2023\/09\/Imagen6-4-768x455.jpg 768w, https:\/\/enolife.com.ar\/es\/wp-content\/uploads\/2023\/09\/Imagen6-4-585x346.jpg 585w\" sizes=\"auto, (max-width: 734px) 100vw, 734px\" \/><\/a><\/figure><\/div>\n\n\n<div style=\"height:20px\" aria-hidden=\"true\" class=\"wp-block-spacer\"><\/div>\n\n\n<div class=\"wp-block-image\">\n<figure class=\"aligncenter size-full is-resized\"><a href=\"https:\/\/enolife.com.ar\/es\/wp-content\/uploads\/2023\/09\/Imagen4-5.jpg\" data-rel=\"penci-gallery-image-content\" ><img loading=\"lazy\" decoding=\"async\" src=\"https:\/\/enolife.com.ar\/es\/wp-content\/uploads\/2023\/09\/Imagen4-5.jpg\" alt=\"\" class=\"wp-image-102591\" width=\"811\" height=\"278\" srcset=\"https:\/\/enolife.com.ar\/es\/wp-content\/uploads\/2023\/09\/Imagen4-5.jpg 969w, https:\/\/enolife.com.ar\/es\/wp-content\/uploads\/2023\/09\/Imagen4-5-300x103.jpg 300w, https:\/\/enolife.com.ar\/es\/wp-content\/uploads\/2023\/09\/Imagen4-5-768x264.jpg 768w, https:\/\/enolife.com.ar\/es\/wp-content\/uploads\/2023\/09\/Imagen4-5-585x201.jpg 585w\" sizes=\"auto, (max-width: 811px) 100vw, 811px\" \/><\/a><\/figure><\/div>\n\n\n<div style=\"height:30px\" aria-hidden=\"true\" class=\"wp-block-spacer\"><\/div>\n\n\n\n<p>En cuanto a la baja en el volumen total de producci\u00f3n, no se dio s\u00f3lo por la ca\u00edda de la superficie total plantada sino que tambi\u00e9n a la ca\u00edda de la productividad f\u00edsica, inclusive en variedades de menor rendimiento<strong>. El rendimiento productivo que se ubicaba frecuentemente por encima de los 110 quintales por hect\u00e1rea <\/strong>hace 15 o 20 a\u00f1os (11 de 15 temporadas) <strong>ten\u00eda que ver con la abundante plantaci\u00f3n relativa de variedades de alta productividad f\u00edsica que fueron sustituy\u00e9ndose por otras de menor rendimiento.<\/strong><\/p>\n\n\n\n<p>Sin embargo, m\u00e1s all\u00e1 de la sustituci\u00f3n en los \u00faltimos a\u00f1os parece existir una merma considerable<strong> (8 de 16 temporadas por debajo de 110 quintales) <\/strong>que puede estar obedeciendo a otras causas como fen\u00f3menos clim\u00e1ticos adversos recurrentes y una menor inversi\u00f3n en mantenimiento de vi\u00f1edos. De continuar as\u00ed la escasez por la que atraviesa el sector puede ser m\u00e1s permanente que coyuntural.<\/p>\n\n\n\n<div style=\"height:30px\" aria-hidden=\"true\" class=\"wp-block-spacer\"><\/div>\n\n\n<div class=\"wp-block-image\">\n<figure class=\"aligncenter size-full is-resized\"><a href=\"https:\/\/enolife.com.ar\/es\/wp-content\/uploads\/2023\/09\/Imagen5-3.jpg\" data-rel=\"penci-gallery-image-content\" ><img loading=\"lazy\" decoding=\"async\" src=\"https:\/\/enolife.com.ar\/es\/wp-content\/uploads\/2023\/09\/Imagen5-3.jpg\" alt=\"\" class=\"wp-image-102592\" width=\"820\" height=\"325\" srcset=\"https:\/\/enolife.com.ar\/es\/wp-content\/uploads\/2023\/09\/Imagen5-3.jpg 983w, https:\/\/enolife.com.ar\/es\/wp-content\/uploads\/2023\/09\/Imagen5-3-300x119.jpg 300w, https:\/\/enolife.com.ar\/es\/wp-content\/uploads\/2023\/09\/Imagen5-3-768x305.jpg 768w, https:\/\/enolife.com.ar\/es\/wp-content\/uploads\/2023\/09\/Imagen5-3-585x232.jpg 585w\" sizes=\"auto, (max-width: 820px) 100vw, 820px\" \/><\/a><\/figure><\/div>\n\n\n<div style=\"height:30px\" aria-hidden=\"true\" class=\"wp-block-spacer\"><\/div>\n\n\n\n<p><strong>En 2023, el mercado se ha caracterizado por una sustancial ca\u00edda de volumen y un significativo aumento de precios<\/strong>. Esta caracter\u00edstica est\u00e1 asociada a una gran presi\u00f3n de oferta que termin\u00f3 elevando la facturaci\u00f3n. El resultado de la mala cosecha actual -seg\u00fan indican en el informe presentado- aumentar\u00e1 con seguridad los costos de producci\u00f3n de vinos que dif\u00edcilmente las bodegas puedan trasmitir al precio final del producto<\/p>\n\n\n\n<div style=\"height:30px\" aria-hidden=\"true\" class=\"wp-block-spacer\"><\/div>\n\n\n<div class=\"wp-block-image\">\n<figure class=\"aligncenter size-full is-resized\"><a href=\"https:\/\/enolife.com.ar\/es\/wp-content\/uploads\/2023\/09\/Imagen8-2.jpg\" data-rel=\"penci-gallery-image-content\" ><img loading=\"lazy\" decoding=\"async\" src=\"https:\/\/enolife.com.ar\/es\/wp-content\/uploads\/2023\/09\/Imagen8-2.jpg\" alt=\"\" class=\"wp-image-102594\" width=\"719\" height=\"496\" srcset=\"https:\/\/enolife.com.ar\/es\/wp-content\/uploads\/2023\/09\/Imagen8-2.jpg 775w, https:\/\/enolife.com.ar\/es\/wp-content\/uploads\/2023\/09\/Imagen8-2-300x207.jpg 300w, https:\/\/enolife.com.ar\/es\/wp-content\/uploads\/2023\/09\/Imagen8-2-768x530.jpg 768w, https:\/\/enolife.com.ar\/es\/wp-content\/uploads\/2023\/09\/Imagen8-2-585x404.jpg 585w\" sizes=\"auto, (max-width: 719px) 100vw, 719px\" \/><\/a><\/figure><\/div>\n\n\n<div style=\"height:30px\" aria-hidden=\"true\" class=\"wp-block-spacer\"><\/div>\n\n\n\n<p><br><em>\u00abLos precios de esta temporada para la materia prima han sido sustancialmente m\u00e1s elevados que los promedios hist\u00f3ricos medidos en moneda de igual valor adquisitivo lo que ha sido conveniente para los productores que sortearon con cierto \u00e9xito los accidentes clim\u00e1ticos pero que no compensa a\u00f1os anteriores de bajos precios con baja o nula rentabilidad. Por otro lado, la rentabilidad en la producci\u00f3n de vinos se encuentra en niveles m\u00ednimos y esto no permite sostener en el tiempo valores elevados de la materia prima, un callej\u00f3n que no parece tener salida en el corto plazo pues en gran medida las principales causas de esta situaci\u00f3n hay que buscarlas en la mala situaci\u00f3n de contexto macroecon\u00f3mico argentino que mantiene sistem\u00e1ticamente bajo los ingresos de la poblaci\u00f3n que no puede acompa\u00f1ar los elevados \u00edndices de precios afectando negativamente la demanda de vinos en el mercado interno y por otro lado el deterioro del tipo de cambio en relaci\u00f3n a la inflaci\u00f3n que no permite rentabilizar las exportaciones\u00bb,<\/em> explic\u00f3 Javier Merino.<\/p>\n\n\n\n<div style=\"height:30px\" aria-hidden=\"true\" class=\"wp-block-spacer\"><\/div>\n\n\n<div class=\"wp-block-image\">\n<figure class=\"aligncenter size-full\"><a href=\"https:\/\/enolife.com.ar\/es\/wp-content\/uploads\/2023\/09\/Imagen9-1.jpg\" data-rel=\"penci-gallery-image-content\" ><img loading=\"lazy\" decoding=\"async\" width=\"739\" height=\"509\" src=\"https:\/\/enolife.com.ar\/es\/wp-content\/uploads\/2023\/09\/Imagen9-1.jpg\" alt=\"\" class=\"wp-image-102596\" srcset=\"https:\/\/enolife.com.ar\/es\/wp-content\/uploads\/2023\/09\/Imagen9-1.jpg 739w, https:\/\/enolife.com.ar\/es\/wp-content\/uploads\/2023\/09\/Imagen9-1-300x207.jpg 300w, https:\/\/enolife.com.ar\/es\/wp-content\/uploads\/2023\/09\/Imagen9-1-585x403.jpg 585w\" sizes=\"auto, (max-width: 739px) 100vw, 739px\" \/><\/a><\/figure><\/div>\n\n\n<div style=\"height:30px\" aria-hidden=\"true\" class=\"wp-block-spacer\"><\/div>\n\n\n\n<p>Para concluir, el especialista conjetur\u00f3 que, si cambia el curso de la historia econ\u00f3mica de la \u00faltima d\u00e9cada, podr\u00eda esperarse una recuperaci\u00f3n de la venta de vinos tanto en el mercado nacional como en la exportaci\u00f3n, pero podr\u00eda aparecer una escasez de materia prima como limitante, que s\u00f3lo podr\u00eda revertirse con inversiones de largo plazo cuya respuesta productiva se puede esperar en no menos de tres o cuatro a\u00f1os, lo que seguir\u00e1 manteniendo al mercado de materias primas en una situaci\u00f3n de negociaci\u00f3n muy compleja.<\/p>\n\n\n\n<p><em>\u00abParece haber llegado al sector una nueva \u00e9poca donde productores de uva y elaboradores de vino acuerden y negocien con instrumentos innovadores y donde se alcancen compromisos de largo plazo que tengan como destino final atender las exigentes necesidades de los consumidores de vino en un ambiente muy competitivo. El trabajo conjunto de ambas partes es clave para recuperar rentabilidad y dinamismo. Del mismo modo que hoy la fidelizaci\u00f3n es un activo intangible de alto valor en la venta de cualquier producto o servicio para generar sostenibilidad econ\u00f3mica de largo plazo, este comportamiento se extender\u00e1 a lo largo de los distintos actores de la cadena de valor y aquellas empresas que mejor lo hagan obtendr\u00e1n cuotas de mercado importantes en el largo plazo\u201d<\/em>, finaliz\u00f3 Merino.<\/p>\n\n\n\n<div style=\"height:30px\" aria-hidden=\"true\" class=\"wp-block-spacer\"><\/div>\n","protected":false},"excerpt":{"rendered":"<p>Bodegas de Argentina (BdA) y la divisi\u00f3n de vinos del Banco Supervielle presentaron el informe&hellip;<\/p>\n","protected":false},"author":3,"featured_media":102614,"comment_status":"open","ping_status":"open","sticky":false,"template":"","format":"standard","meta":{"footnotes":""},"categories":[9],"tags":[],"class_list":["post-102559","post","type-post","status-publish","format-standard","has-post-thumbnail","hentry","category-negocios"],"_links":{"self":[{"href":"https:\/\/enolife.com.ar\/es\/wp-json\/wp\/v2\/posts\/102559","targetHints":{"allow":["GET"]}}],"collection":[{"href":"https:\/\/enolife.com.ar\/es\/wp-json\/wp\/v2\/posts"}],"about":[{"href":"https:\/\/enolife.com.ar\/es\/wp-json\/wp\/v2\/types\/post"}],"author":[{"embeddable":true,"href":"https:\/\/enolife.com.ar\/es\/wp-json\/wp\/v2\/users\/3"}],"replies":[{"embeddable":true,"href":"https:\/\/enolife.com.ar\/es\/wp-json\/wp\/v2\/comments?post=102559"}],"version-history":[{"count":0,"href":"https:\/\/enolife.com.ar\/es\/wp-json\/wp\/v2\/posts\/102559\/revisions"}],"wp:featuredmedia":[{"embeddable":true,"href":"https:\/\/enolife.com.ar\/es\/wp-json\/wp\/v2\/media\/102614"}],"wp:attachment":[{"href":"https:\/\/enolife.com.ar\/es\/wp-json\/wp\/v2\/media?parent=102559"}],"wp:term":[{"taxonomy":"category","embeddable":true,"href":"https:\/\/enolife.com.ar\/es\/wp-json\/wp\/v2\/categories?post=102559"},{"taxonomy":"post_tag","embeddable":true,"href":"https:\/\/enolife.com.ar\/es\/wp-json\/wp\/v2\/tags?post=102559"}],"curies":[{"name":"wp","href":"https:\/\/api.w.org\/{rel}","templated":true}]}}