{"id":102303,"date":"2023-09-29T21:03:07","date_gmt":"2023-09-29T21:03:07","guid":{"rendered":"https:\/\/enolife.com.ar\/es\/?p=102303"},"modified":"2024-02-26T22:01:10","modified_gmt":"2024-02-26T22:01:10","slug":"verallia-dono-y-planto-400-jarillas-para-recuperar-el-piedemonte-mendocino-incendiado-en-2018","status":"publish","type":"post","link":"https:\/\/enolife.com.ar\/es\/verallia-dono-y-planto-400-jarillas-para-recuperar-el-piedemonte-mendocino-incendiado-en-2018\/","title":{"rendered":"Verallia don\u00f3 y plant\u00f3 400 jarillas para recuperar el piedemonte mendocino incendiado en 2018"},"content":{"rendered":"\n<h4 class=\"wp-block-heading\"><em><strong>Con la donaci\u00f3n de 400 plantas nativas y la ayuda de su equipo de voluntarios, Verallia -empresa francesa de envases de vidrio con planta en Guaymall\u00e9n, Mendoza- contribuy\u00f3, por segundo a\u00f1o consecutivo, a la restauraci\u00f3n ecol\u00f3gica del piedemonte mendocino cercano a la capital provincial, da\u00f1ado por los incendios de fines de 2018, que afectaron 1.638 hect\u00e1reas en los alrededores del Cerro Arco. Las plantas provienen de la Asociaci\u00f3n Gesti\u00f3n Nativa, una instituci\u00f3n sostenida por mujeres pertenecientes a las comunidades aleda\u00f1as de Capdeville, en el departamento de Las Heras.<\/strong><\/em><\/h4>\n\n\n\n<div style=\"height:35px\" aria-hidden=\"true\" class=\"wp-block-spacer\"><\/div>\n\n\n<a href=\"https:\/\/ar.verallia.com\/\" aria-label=\"VERALLIA 1700 x 500\"><img loading=\"lazy\" decoding=\"async\" src=\"https:\/\/enolife.com.ar\/es\/wp-content\/uploads\/2021\/04\/VERALLIA-1700-x-500.jpg\" alt=\"\"  srcset=\"https:\/\/enolife.com.ar\/es\/wp-content\/uploads\/2021\/04\/VERALLIA-1700-x-500.jpg 1700w, https:\/\/enolife.com.ar\/es\/wp-content\/uploads\/2021\/04\/VERALLIA-1700-x-500-300x88.jpg 300w, https:\/\/enolife.com.ar\/es\/wp-content\/uploads\/2021\/04\/VERALLIA-1700-x-500-1024x301.jpg 1024w, https:\/\/enolife.com.ar\/es\/wp-content\/uploads\/2021\/04\/VERALLIA-1700-x-500-768x226.jpg 768w, https:\/\/enolife.com.ar\/es\/wp-content\/uploads\/2021\/04\/VERALLIA-1700-x-500-1536x452.jpg 1536w, https:\/\/enolife.com.ar\/es\/wp-content\/uploads\/2021\/04\/VERALLIA-1700-x-500-1170x344.jpg 1170w, https:\/\/enolife.com.ar\/es\/wp-content\/uploads\/2021\/04\/VERALLIA-1700-x-500-585x172.jpg 585w\" sizes=\"auto, (max-width: 1700px) 100vw, 1700px\" width=\"1700\" height=\"500\"   \/><\/a>\n\n\n<div style=\"height:45px\" aria-hidden=\"true\" class=\"wp-block-spacer\"><\/div>\n\n\n\n<p>A cinco a\u00f1os del incendio que afect\u00f3 <strong>1.638 hect\u00e1reas del Cerro Arco<\/strong>, contin\u00faan las acciones para recuperar el ecosistema, a trav\u00e9s de un replante de flora nativa que contribuya progresivamente a recrear el h\u00e1bitat natural del cerro y las zonas aleda\u00f1as.<\/p>\n\n\n\n<p>En este plan de reforestaci\u00f3n, <strong>Verallia Argentina<\/strong> -empresa dedicada a la fabricaci\u00f3n y comercializaci\u00f3n de envases de vidrio para la industria del vino y el aceite de oliva- ha tenido un papel destacado. Por segundo a\u00f1o consecutivo, y en alianza con la Secretar\u00eda de Ambiente y Ordenamiento Territorial y la Direcci\u00f3n de Recursos Naturales Renovables del Gobierno de Mendoza, don\u00f3 ejemplares de especies nativas para colaborar con la restauraci\u00f3n ecol\u00f3gica y reducir la huella ambiental.<\/p>\n\n\n\n<div style=\"height:30px\" aria-hidden=\"true\" class=\"wp-block-spacer\"><\/div>\n\n\n<div class=\"wp-block-image\">\n<figure class=\"aligncenter size-full is-resized\"><a href=\"https:\/\/enolife.com.ar\/es\/wp-content\/uploads\/2023\/09\/Reforestacion-2.jpg\" data-rel=\"penci-gallery-image-content\" ><img loading=\"lazy\" decoding=\"async\" src=\"https:\/\/enolife.com.ar\/es\/wp-content\/uploads\/2023\/09\/Reforestacion-2.jpg\" alt=\"\" class=\"wp-image-102552\" width=\"670\" height=\"383\" srcset=\"https:\/\/enolife.com.ar\/es\/wp-content\/uploads\/2023\/09\/Reforestacion-2.jpg 762w, https:\/\/enolife.com.ar\/es\/wp-content\/uploads\/2023\/09\/Reforestacion-2-300x172.jpg 300w, https:\/\/enolife.com.ar\/es\/wp-content\/uploads\/2023\/09\/Reforestacion-2-585x335.jpg 585w\" sizes=\"auto, (max-width: 670px) 100vw, 670px\" \/><\/a><figcaption class=\"wp-element-caption\"><em><strong>Equipo de voluntarios de Verallia plantando jarillas en el piedemonte<\/strong><\/em>.<\/figcaption><\/figure><\/div>\n\n\n<div style=\"height:30px\" aria-hidden=\"true\" class=\"wp-block-spacer\"><\/div>\n\n\n\n<p><em>\u201cEste a\u00f1o, Verallia ha donado 400 jarillas y, a su vez, aport\u00f3 el trabajo de sus voluntarios quienes participaron de la jornada de plantaci\u00f3n en el Cerro Arco. Desde 2019, venimos impulsando campa\u00f1as de reforestaci\u00f3n en distintas zonas de la provincia<\/em>\u201d, coment\u00f3 <strong>Alejandra Merin, coordinadora de RSE de Verallia Argentina.<\/strong><\/p>\n\n\n\n<p>Las plantas donadas por Verallia provienen de la <strong>Asociaci\u00f3n Gesti\u00f3n Nativa,<\/strong> una instituci\u00f3n sostenida por mujeres pertenecientes a las comunidades aleda\u00f1as de<strong> Capdeville<\/strong>, en el departamento de Las Heras; las cuales producen plantas nativas, cactus, cr\u00e1sulas y plantines para huerta. Desde 2007, esta ONG tiene por objeto <em>\u201cconcientizar sobre la importancia del cuidado del ambiente; y a partir del trabajo con plantas nativas y el reencuentro con nuestras ra\u00edces, preservar el ecosistema que nos rodea al tiempo que se generan recursos para el desarrollo de las comunidades\u201d.<\/em><\/p>\n\n\n\n<p><em>\u201cNuestra pol\u00edtica de sustentabilidad nos impulsa a continuar apoyando iniciativas como el plan de reforestaci\u00f3n del Cerro Arco, que ayudar\u00e1 a reconstruir el ecosistema da\u00f1ado por el incendio, a recuperar la biodiversidad de la zona y, al mismo tiempo, es un acto que refuerza nuestra conciencia como sociedad comprometida con el cuidado del medio ambiente<\/em>\u201d, coment\u00f3<strong> Walter Formica, director general de Verallia Argentina.<\/strong><\/p>\n\n\n\n<div style=\"height:30px\" aria-hidden=\"true\" class=\"wp-block-spacer\"><\/div>\n","protected":false},"excerpt":{"rendered":"<p>Con la donaci\u00f3n de 400 plantas nativas y la ayuda de su equipo de voluntarios,&hellip;<\/p>\n","protected":false},"author":3,"featured_media":102551,"comment_status":"open","ping_status":"open","sticky":false,"template":"","format":"standard","meta":{"footnotes":""},"categories":[57,14],"tags":[],"class_list":["post-102303","post","type-post","status-publish","format-standard","has-post-thumbnail","hentry","category-empresas","category-news"],"_links":{"self":[{"href":"https:\/\/enolife.com.ar\/es\/wp-json\/wp\/v2\/posts\/102303","targetHints":{"allow":["GET"]}}],"collection":[{"href":"https:\/\/enolife.com.ar\/es\/wp-json\/wp\/v2\/posts"}],"about":[{"href":"https:\/\/enolife.com.ar\/es\/wp-json\/wp\/v2\/types\/post"}],"author":[{"embeddable":true,"href":"https:\/\/enolife.com.ar\/es\/wp-json\/wp\/v2\/users\/3"}],"replies":[{"embeddable":true,"href":"https:\/\/enolife.com.ar\/es\/wp-json\/wp\/v2\/comments?post=102303"}],"version-history":[{"count":0,"href":"https:\/\/enolife.com.ar\/es\/wp-json\/wp\/v2\/posts\/102303\/revisions"}],"wp:featuredmedia":[{"embeddable":true,"href":"https:\/\/enolife.com.ar\/es\/wp-json\/wp\/v2\/media\/102551"}],"wp:attachment":[{"href":"https:\/\/enolife.com.ar\/es\/wp-json\/wp\/v2\/media?parent=102303"}],"wp:term":[{"taxonomy":"category","embeddable":true,"href":"https:\/\/enolife.com.ar\/es\/wp-json\/wp\/v2\/categories?post=102303"},{"taxonomy":"post_tag","embeddable":true,"href":"https:\/\/enolife.com.ar\/es\/wp-json\/wp\/v2\/tags?post=102303"}],"curies":[{"name":"wp","href":"https:\/\/api.w.org\/{rel}","templated":true}]}}