{"id":102213,"date":"2023-09-28T17:10:16","date_gmt":"2023-09-28T17:10:16","guid":{"rendered":"https:\/\/enolife.com.ar\/es\/?p=102213"},"modified":"2023-09-29T17:43:10","modified_gmt":"2023-09-29T17:43:10","slug":"bda-convoca-a-una-cumbre-internacional-sobre-enoturismo-y-sustentabilidad-el-5-10-en-alpamanta","status":"publish","type":"post","link":"https:\/\/enolife.com.ar\/es\/bda-convoca-a-una-cumbre-internacional-sobre-enoturismo-y-sustentabilidad-el-5-10-en-alpamanta\/","title":{"rendered":"BdA convoca a una cumbre internacional sobre enoturismo y sustentabilidad, el 5\/10 en Alpamanta"},"content":{"rendered":"\n<h4 class=\"wp-block-heading\"><em><strong>Bodegas de Argentina -la c\u00e1mara nacional de la industria del vino- realizar\u00e1 el 5\/10 la Conferencia Internacional de Enoturismo de Argentina en la Bodega Alpamanta de Luj\u00e1n de Cuyo. La jornada contar\u00e1 con expositores internacionales y del \u00e1mbito local y nacional que disertar\u00e1n sobre destinos tur\u00edsticos inteligentes, turismo, econom\u00eda, sustentabilidad, enogastronom\u00eda y los Objetivos de Desarrollo Sostenible (ODS). Adem\u00e1s, el 6\/10 llevar\u00e1n a cabo un taller con los referentes del cl\u00faster enotur\u00edstico de bodegas, hoteler\u00eda, instituciones locales y nacionales, referentes de gobiernos municipales y provinciales, agencias de viaje y servicios anexos. <\/strong><\/em><\/h4>\n\n\n\n<div style=\"height:35px\" aria-hidden=\"true\" class=\"wp-block-spacer\"><\/div>\n\n\n<a href=\"https:\/\/www.instagram.com\/agroconciencia_\" aria-label=\"BANNER AGROCONCIENCIA 1700X500\"><img loading=\"lazy\" decoding=\"async\" src=\"https:\/\/enolife.com.ar\/es\/wp-content\/uploads\/2019\/07\/BANNER-AGROCONCIENCIA-1700X500-1.jpg\" alt=\"\"  srcset=\"https:\/\/enolife.com.ar\/es\/wp-content\/uploads\/2019\/07\/BANNER-AGROCONCIENCIA-1700X500-1.jpg 1700w, https:\/\/enolife.com.ar\/es\/wp-content\/uploads\/2019\/07\/BANNER-AGROCONCIENCIA-1700X500-1-300x88.jpg 300w, https:\/\/enolife.com.ar\/es\/wp-content\/uploads\/2019\/07\/BANNER-AGROCONCIENCIA-1700X500-1-1024x301.jpg 1024w, https:\/\/enolife.com.ar\/es\/wp-content\/uploads\/2019\/07\/BANNER-AGROCONCIENCIA-1700X500-1-768x226.jpg 768w, https:\/\/enolife.com.ar\/es\/wp-content\/uploads\/2019\/07\/BANNER-AGROCONCIENCIA-1700X500-1-1536x452.jpg 1536w, https:\/\/enolife.com.ar\/es\/wp-content\/uploads\/2019\/07\/BANNER-AGROCONCIENCIA-1700X500-1-1170x344.jpg 1170w, https:\/\/enolife.com.ar\/es\/wp-content\/uploads\/2019\/07\/BANNER-AGROCONCIENCIA-1700X500-1-585x172.jpg 585w\" sizes=\"auto, (max-width: 1700px) 100vw, 1700px\" width=\"1700\" height=\"500\"   \/><\/a>\n\n\n<div style=\"height:45px\" aria-hidden=\"true\" class=\"wp-block-spacer\"><\/div>\n\n\n<div class=\"wp-block-image\">\n<figure class=\"alignleft size-full is-resized\"><a href=\"https:\/\/enolife.com.ar\/es\/wp-content\/uploads\/2023\/09\/Imagen4-4.jpg\" data-rel=\"penci-gallery-image-content\" ><img loading=\"lazy\" decoding=\"async\" src=\"https:\/\/enolife.com.ar\/es\/wp-content\/uploads\/2023\/09\/Imagen4-4.jpg\" alt=\"\" class=\"wp-image-102419\" width=\"377\" height=\"362\" srcset=\"https:\/\/enolife.com.ar\/es\/wp-content\/uploads\/2023\/09\/Imagen4-4.jpg 417w, https:\/\/enolife.com.ar\/es\/wp-content\/uploads\/2023\/09\/Imagen4-4-300x288.jpg 300w\" sizes=\"auto, (max-width: 377px) 100vw, 377px\" \/><\/a><\/figure><\/div>\n\n\n<p>Con el objetivo de avanzar en la construcci\u00f3n de las bases del enoturismo sustentable de Argentina, el \u00e1rea de enoturismo \u201cCaminos del Vino\u201d de Bodegas de Argentina invita el <strong>jueves 5 de octubre a partir de las 9 hs<\/strong> a la <strong>\u00abConferencia Internacional de Enoturismo de Argentina\u00bb<\/strong> en la <strong>Bodega Alpamanta<\/strong>, en Calle Cobos S\/N, de Ugarteche, Luj\u00e1n de Cuyo.<\/p>\n\n\n\n<p>El encuentro contar\u00e1 con la presencia de expositores internacionales, nacionales y mendocinos que abordar\u00e1n tem\u00e1ticas vinculadas a destinos tur\u00edsticos inteligentes, turismo, econom\u00eda, sustentabilidad, enogastronom\u00eda y los Objetivos de Desarrollo Sostenible (ODS).<\/p>\n\n\n\n<p><em>\u201cSeguimos trabajando en enoturismo actualizando la mirada de su desarrollo hacia la sostenibilidad porque consideramos que transformar a toda la Rep\u00fablica Argentina en un destino sustentable, m\u00e1s que una visi\u00f3n es una obligaci\u00f3n. Por la realidad en la que transcurre el mundo actual, de la cual nuestro pa\u00eds es parte, y adem\u00e1s porque Bodegas de Argentina ya trabaja desde hace m\u00e1s de una d\u00e9cada en la certificaci\u00f3n de la sustentabilidad vitivin\u00edcola. As\u00ed es que el turismo como actividad creciente, con mano de obra intensiva que genera marca y mucho valor, debe ir en el mismo sentido\u201d<\/em>, expres\u00f3 el gerente de Relaciones Institucionales de Bodegas de Argentina<strong>, Walter Pav\u00f3n.<\/strong><\/p>\n\n\n\n<p>Como complemento, <strong>el viernes 6 de octubre<\/strong>, se har\u00e1 un <strong>taller<\/strong> con los referentes del cl\u00faster enotur\u00edstico de bodegas, hoteler\u00eda, instituciones locales y nacionales, referentes de gobiernos municipales y provinciales, agencias de viaje y servicios anexos.<\/p>\n\n\n\n<div style=\"height:15px\" aria-hidden=\"true\" class=\"wp-block-spacer\"><\/div>\n\n\n\n<p class=\"has-background\" style=\"background-color:#abb7c252\"><strong>Para participar se deber\u00e1 completar un el formulario <a href=\"https:\/\/docs.google.com\/forms\/d\/e\/1FAIpQLSeJHUQrVk5OxhyH4QzkH_jQvJbLekp0Nz-tqLFoF6MAEj4cpg\/formResponse\" title=\"\">AQU\u00cd<\/a>,<\/strong> el valor de la inscripci\u00f3n sin almuerzo es de  $7.500 para socios de Bodegas de Argentina y $8.500 para no socios. Con almuerzo incluido es de $15.500 para socios y $17.500 para no socios.<\/p>\n\n\n\n<div style=\"height:30px\" aria-hidden=\"true\" class=\"wp-block-spacer\"><\/div>\n\n\n\n<p class=\"has-medium-font-size\"><strong>Programa para el 5\/10<\/strong><\/p>\n\n\n\n<p><strong>9.15 hs &#8211; Palabras de bienvenida<\/strong> &#8211; <strong>Walter Bressia<\/strong>, presidente de Bodegas de Argentina; <strong>Nora Vicario<\/strong>,<br>ministra de Turismo y Cultura de Mendoza; <strong>Gabriel Fidel<\/strong>, vicerrector UNCuyo y <strong>Horacio Rapucci<\/strong>,<br>secretario de relaciones institucionales de la C\u00e1mara Argentina de Turismo.<\/p>\n\n\n\n<p><strong>9.30 hs &#8211; Lanzamiento mesa de Enoturismo Sustentable<\/strong> &#8211; Protocolo de Sustentabilidad de Bodegas de Argentina<\/p>\n\n\n\n<p><strong>10.00 hs &#8211; Organizaci\u00f3n Mundial del Turismo (OMT) <\/strong>&#8211; Tendencias globales del turismo por<strong> Gustavo Santos<\/strong>, director para Am\u00e9rica de la OMT; ex ministro y secretario de Turismo de la Naci\u00f3n. Fue presidente de la Agencia C\u00f3rdoba Turismo y del Consejo Ejecutivo de la OMT.<\/p>\n\n\n\n<p><strong>10.20 hs &#8211; Conversatorio <\/strong>&#8211; Moderado por Gabriel Fidel, vicerrector de la UNcuyo, ex ministro de Econom\u00eda de Mendoza y ex subsecretario de Turismo de Mendoza.<\/p>\n\n\n\n<p><strong>10.40 hs &#8211; Cofee break<\/strong><\/p>\n\n\n\n<p><strong>11.10 hs &#8211; Organizaci\u00f3n Internacional del Trabajo (OIT)<\/strong> &#8211; Pol\u00edticas de g\u00e9nero en el desarrollo del turismo sostenible por <strong>Elisenda Estruch-Puertas<\/strong> del Deparamento de Pol\u00edticas Sectoriales de la OIT en la sede de Ginebra.<\/p>\n\n\n\n<p><strong>11.40 hs &#8211;  <\/strong>Visi\u00f3n transversal &#8211; Cerificaci\u00f3n de destino sostenible, experiencia latinoamericana &#8211; La imporancia de contar con proveedores sostenibles.<\/p>\n\n\n\n<p><strong>12.40 hs &#8211; Econom\u00eda, turismo y sustentabilidad <\/strong>por<strong> Carmelo Le\u00f3n<\/strong>, catedr\u00e1tico de Econom\u00eda Aplicada en la Universidad de Las Palmas de Gran Canaria (Espa\u00f1a), director del Instituto de Turismo y Desarrollo Econ\u00f3mico Sostenible (TiDES) y de la C\u00e1tedra Unesco de Turismo y Desarrollo Econ\u00f3mico Sostenible.<\/p>\n\n\n\n<p><strong>13.20 hs &#8211; Cierre<\/strong>, palabras de <strong>Alejandro Vigil<\/strong>, vicepresidente de Bodegas de Argentina<\/p>\n\n\n\n<p><strong>13.40 hs &#8211; \u00c1gape y networking<\/strong><\/p>\n\n\n\n<div style=\"height:30px\" aria-hidden=\"true\" class=\"wp-block-spacer\"><\/div>\n\n\n\n<p><\/p>\n","protected":false},"excerpt":{"rendered":"<p>Bodegas de Argentina -la c\u00e1mara nacional de la industria del vino- realizar\u00e1 el 5\/10 la&hellip;<\/p>\n","protected":false},"author":3,"featured_media":102414,"comment_status":"open","ping_status":"open","sticky":false,"template":"","format":"standard","meta":{"footnotes":""},"categories":[47,11],"tags":[],"class_list":["post-102213","post","type-post","status-publish","format-standard","has-post-thumbnail","hentry","category-agenda","category-enoturismo"],"_links":{"self":[{"href":"https:\/\/enolife.com.ar\/es\/wp-json\/wp\/v2\/posts\/102213","targetHints":{"allow":["GET"]}}],"collection":[{"href":"https:\/\/enolife.com.ar\/es\/wp-json\/wp\/v2\/posts"}],"about":[{"href":"https:\/\/enolife.com.ar\/es\/wp-json\/wp\/v2\/types\/post"}],"author":[{"embeddable":true,"href":"https:\/\/enolife.com.ar\/es\/wp-json\/wp\/v2\/users\/3"}],"replies":[{"embeddable":true,"href":"https:\/\/enolife.com.ar\/es\/wp-json\/wp\/v2\/comments?post=102213"}],"version-history":[{"count":0,"href":"https:\/\/enolife.com.ar\/es\/wp-json\/wp\/v2\/posts\/102213\/revisions"}],"wp:featuredmedia":[{"embeddable":true,"href":"https:\/\/enolife.com.ar\/es\/wp-json\/wp\/v2\/media\/102414"}],"wp:attachment":[{"href":"https:\/\/enolife.com.ar\/es\/wp-json\/wp\/v2\/media?parent=102213"}],"wp:term":[{"taxonomy":"category","embeddable":true,"href":"https:\/\/enolife.com.ar\/es\/wp-json\/wp\/v2\/categories?post=102213"},{"taxonomy":"post_tag","embeddable":true,"href":"https:\/\/enolife.com.ar\/es\/wp-json\/wp\/v2\/tags?post=102213"}],"curies":[{"name":"wp","href":"https:\/\/api.w.org\/{rel}","templated":true}]}}