{"id":102201,"date":"2023-09-29T17:43:39","date_gmt":"2023-09-29T17:43:39","guid":{"rendered":"https:\/\/enolife.com.ar\/es\/?p=102201"},"modified":"2023-09-30T17:40:47","modified_gmt":"2023-09-30T17:40:47","slug":"wine-future-portugal-analizara-estrategias-disruptivas-e-ia-para-captar-nuevos-consumidores-de-vino","status":"publish","type":"post","link":"https:\/\/enolife.com.ar\/es\/wine-future-portugal-analizara-estrategias-disruptivas-e-ia-para-captar-nuevos-consumidores-de-vino\/","title":{"rendered":"Wine Future Portugal analizar\u00e1 estrategias disruptivas e IA para captar nuevos consumidores de vino"},"content":{"rendered":"\n<h4 class=\"wp-block-heading\"><em><strong>Con 7 conferencias, 6 paneles y 3 catas magistrales, la 4ta. edici\u00f3n de Wine Future 2023, que tendr\u00e1 lugar entre el 7 y el 9 de noviembre en Coimbra (Portugal), tratar\u00e1, entre otros temas, la adecuaci\u00f3n de la industria vitivin\u00edcola a las demandas de las nuevas generaciones de consumidores, que necesita an\u00e1lisis de tendencias y tecnolog\u00edas de vanguardia. Seg\u00fan anuncian los organizadores, expertos de todo el mundo debatir\u00e1n sobre c\u00f3mo llegar a un p\u00fablico cada vez m\u00e1s disperso con estrategias disruptivas, c\u00f3mo llevar el enoturismo a la virtualidad, el uso de la Inteligencia Artificial, la comunicaci\u00f3n a trav\u00e9s de redes sociales como Tik Tok, envases alternativos, trabajo con influencers y celebridades. El encuentro tambi\u00e9n incluir\u00e1 una feria comercial y acciones solidarias<\/strong><\/em>.<\/h4>\n\n\n\n<div style=\"height:35px\" aria-hidden=\"true\" class=\"wp-block-spacer\"><\/div>\n\n\n\n\n\n<div style=\"height:45px\" aria-hidden=\"true\" class=\"wp-block-spacer\"><\/div>\n\n\n\n<p>Del <strong>7 al 8\/11, <\/strong>en el Convento de S\u00e3o Francisco de <strong>Coimbra en Portugal<\/strong>, se llevar\u00e1 a cabo de manera presencial, la <strong>4\u00aa edici\u00f3n de Wine Future<\/strong>,  que reunir\u00e1 a destacadas personalidades del sector vitivin\u00edcola internacional, entre los cuales -representando a Argentina- estar\u00e1n<strong>  Mariano Braga y Laura Catena.<\/strong><\/p>\n\n\n\n<p>Esta edici\u00f3n est\u00e1 coorganizada por <strong>ViniPortugal<\/strong>, a trav\u00e9s de la marca <strong>Vinos de Portugal<\/strong>, y <strong>Chrand Events<\/strong>, y tiene como eslogan <strong>\u00abRompiendo Barreras\u00bb<\/strong>. De los numerosos temas que se tratar\u00e1n en este encuentro, los m\u00e1s importantes son la sensibilizaci\u00f3n de las generaciones m\u00e1s j\u00f3venes sobre el consumo moderado de alcohol, las nuevas estrategias para aumentar las ventas en tiempos de incertidumbre, la evoluci\u00f3n del enoturismo, los vinos emblem\u00e1ticos de Portugal, o las nuevas tecnolog\u00edas como motor de expansi\u00f3n, entre muchos otros temas relevantes para la industria vitivin\u00edcola.<\/p>\n\n\n\n<p>Seg\u00fan <strong>Frederico Falc\u00e3o<\/strong>, <strong>presidente de ViniPortugal, <\/strong><em>\u00abesta ser\u00e1 una oportunidad \u00fanica para los profesionales del sector de ponernos en contacto con grandes nombres de la industria vin\u00edcola internacional para compartir conocimientos y ayudar al sector a mejorar su promoci\u00f3n y las ventas, no solo en Portugal pero en todo el mundo.\u00bb<\/em><\/p>\n\n\n\n<p><strong>Pancho Campo, fundador de los congresos de Wine Future <\/strong>coment\u00f3: <em>\u00abTodos los temas que se van a analizar son muy importantes para el futuro de la industria del vino y deben debatirse para aportar soluciones efectivas. Queremos que sea un evento integral en el que los asistentes sientan que aprender y compartir experiencias les va a aportar beneficios palpables para sus negocios.\u00bb<\/em><\/p>\n\n\n\n<p class=\"has-background\" style=\"background-color:#f78da866\"><strong>Inscripciones: <a href=\"https:\/\/ticketline.sapo.pt\/en\/evento\/wine-future-2023-75233\" title=\"\">AQU\u00cd<\/a><\/strong><\/p>\n\n\n\n<div style=\"height:35px\" aria-hidden=\"true\" class=\"wp-block-spacer\"><\/div>\n\n\n\n<p class=\"has-medium-font-size\"><strong>Programa <\/strong><\/p>\n\n\n\n<p class=\"has-background\" style=\"background-color:#abb7c270\"><strong>Conferencias<\/strong><\/p>\n\n\n\n<p> <strong>\u201cEducar a las nuevas generaciones en el consumo de alcohol con moderaci\u00f3n y responsabilidad\u201d <\/strong>\u2013 por Max Trejo con la moderaci\u00f3n de Siobhan Turner MW.<\/p>\n\n\n\n<p><strong>\u201c\u00bfC\u00f3mo deber\u00eda trabajar la industria del vino con celebridades y grandes eventos?\u201d<\/strong> \u2013 por Paul Schaafsma con la moderaci\u00f3n de Richard Siddle.<\/p>\n\n\n\n<p><strong>\u201cDe estrella del Rock a hombre de negocios\u201d <\/strong>\u2013 por Bruce Dickinson con la moderaci\u00f3n de Joe Roberts y Mike Wangbickler.<\/p>\n\n\n\n<p><strong>\u201cEvoluci\u00f3n del enoturismo: de la bodega a los tours virtuales\u201d<\/strong> \u2013 por Adrian Bridge, Catherine Leparmentier, Marisah Nieuwoudt, Pedro Machado y el Dr. Michael Cheng (Moderador).<\/p>\n\n\n\n<p><strong>\u201cC\u00f3mo y por qu\u00e9 el vino podr\u00eda ser la bebida alcoh\u00f3lica m\u00e1s saludable\u201d<\/strong> &#8211; por la Dra. Laura Catena con la moderaci\u00f3n de Cyril Penn.<\/p>\n\n\n\n<p><strong>\u201cEl estado actual del sector vin\u00edcola\u201d<\/strong> &#8211; por Rob Mc Millan con la moderaci\u00f3n de Paul Mabray.<\/p>\n\n\n\n<p><strong>\u00abLa industria del vino, la econom\u00eda mundial y el trabajo en la era de la inteligencia artificial\u00bb<\/strong> por el Profesor Christopher Pissarides con la moderaci\u00f3n de Fabio Piccoli.<\/p>\n\n\n\n<div style=\"height:30px\" aria-hidden=\"true\" class=\"wp-block-spacer\"><\/div>\n\n\n\n<p class=\"has-background\" style=\"background-color:#abb7c270\"><strong>Paneles<\/strong><\/p>\n\n\n\n<p><strong>\u201cTikTok, Discord e influencers para llegar a nuevos clientes<\/strong>\u201d \u2013 por Mariano Braga, Emma Bertrand, Georgia Panagopoulou, Simone Roveda, Luke Flunder y Cristina Mercuri (Moderadora).<\/p>\n\n\n\n<p><strong>\u201cComo mejorar las ventas en tiempos de incertidumbre \u2013 Nuevas estrategias y tendencias\u201d <\/strong>\u2013 por Ulf Sjodin MW, Rafael del Rey, Don St. Pierre, Jo\u00e3o Gomes Da Silva, y Dra. Liz Thach MW (Moderadora).<\/p>\n\n\n\n<p><strong>\u201cC\u00f3mo comunicar mejor nuestra marca y actividades\u201d <\/strong>\u2013 por Alder Yarrow, Sonal Holland MW, Megan Greco, Natalie Wang, Ferr\u00e1n Centelles, y Mike Wangbickler (Moderador).<\/p>\n\n\n\n<p><strong>\u201cLa competencia est\u00e1 ganando: aprender y adoptar ideas de bebidas alternativas\u201d<\/strong> \u2013 por Cristina Miranda, Lulie Halstead, Iram Eren, Rita Nabeiro, y Robert Joseph (Moderador).<\/p>\n\n\n\n<p><strong>\u201cEvolucionar o morir: adoptar tecnolog\u00edas avanzadas para prosperar\u201d <\/strong>\u2013 por Maureen Downey, Justin Noland, Ian Ford, Antonio Amorim, Alessandro Bocchio y David Allen MW (Moderador).<\/p>\n\n\n\n<p><strong>\u201cM\u00e1s inclusivos, menos exclusivos: adoptar la diversidad, la equidad y la inclusi\u00f3n como oportunidades de negocio\u201d <\/strong>\u2013 por Mags Janjo, Queena Wong, Ntsiki Biyela, Bento Amaral y Stephen Wong MW (Moderador).<\/p>\n\n\n\n<div style=\"height:30px\" aria-hidden=\"true\" class=\"wp-block-spacer\"><\/div>\n\n\n\n<p class=\"has-background\" style=\"background-color:#abb7c270\"><strong>Catas magistrales<\/strong><\/p>\n\n\n\n<p><strong>\u201cGrandes Vinos Premium de Portugal\u201d<\/strong> &#8211; por Dirceu Vianna Jr. MW con la moderaci\u00f3n de Frederico Falcao<\/p>\n\n\n\n<p> <strong>\u00abLos 12 Magn\u00edficos\u00bb<\/strong> &#8211; por Mark Squires con la moderaci\u00f3n de Maureen Downey.<\/p>\n\n\n\n<p><strong>\u201cVinos legendarios e hist\u00f3ricos de Madeira y Oporto\u201d <\/strong>por Richard Mayson.<\/p>\n\n\n\n<div style=\"height:30px\" aria-hidden=\"true\" class=\"wp-block-spacer\"><\/div>\n","protected":false},"excerpt":{"rendered":"<p>Con 7 conferencias, 6 paneles y 3 catas magistrales, la 4ta. edici\u00f3n de Wine Future&hellip;<\/p>\n","protected":false},"author":3,"featured_media":102541,"comment_status":"open","ping_status":"open","sticky":false,"template":"","format":"standard","meta":{"footnotes":""},"categories":[10],"tags":[],"class_list":["post-102201","post","type-post","status-publish","format-standard","has-post-thumbnail","hentry","category-ferias"],"_links":{"self":[{"href":"https:\/\/enolife.com.ar\/es\/wp-json\/wp\/v2\/posts\/102201","targetHints":{"allow":["GET"]}}],"collection":[{"href":"https:\/\/enolife.com.ar\/es\/wp-json\/wp\/v2\/posts"}],"about":[{"href":"https:\/\/enolife.com.ar\/es\/wp-json\/wp\/v2\/types\/post"}],"author":[{"embeddable":true,"href":"https:\/\/enolife.com.ar\/es\/wp-json\/wp\/v2\/users\/3"}],"replies":[{"embeddable":true,"href":"https:\/\/enolife.com.ar\/es\/wp-json\/wp\/v2\/comments?post=102201"}],"version-history":[{"count":0,"href":"https:\/\/enolife.com.ar\/es\/wp-json\/wp\/v2\/posts\/102201\/revisions"}],"wp:featuredmedia":[{"embeddable":true,"href":"https:\/\/enolife.com.ar\/es\/wp-json\/wp\/v2\/media\/102541"}],"wp:attachment":[{"href":"https:\/\/enolife.com.ar\/es\/wp-json\/wp\/v2\/media?parent=102201"}],"wp:term":[{"taxonomy":"category","embeddable":true,"href":"https:\/\/enolife.com.ar\/es\/wp-json\/wp\/v2\/categories?post=102201"},{"taxonomy":"post_tag","embeddable":true,"href":"https:\/\/enolife.com.ar\/es\/wp-json\/wp\/v2\/tags?post=102201"}],"curies":[{"name":"wp","href":"https:\/\/api.w.org\/{rel}","templated":true}]}}