{"id":10216,"date":"2020-03-26T17:56:21","date_gmt":"2020-03-26T17:56:21","guid":{"rendered":"http:\/\/enolife.com.ar\/es\/?p=10216"},"modified":"2020-03-27T23:10:00","modified_gmt":"2020-03-27T23:10:00","slug":"unas-400-bodegas-pymes-de-mendoza-podrian-acceder-a-la-ayuda-nacional-para-pagar-salarios","status":"publish","type":"post","link":"https:\/\/enolife.com.ar\/es\/unas-400-bodegas-pymes-de-mendoza-podrian-acceder-a-la-ayuda-nacional-para-pagar-salarios\/","title":{"rendered":"Unas 400 bodegas pymes de Mendoza podr\u00edan acceder a la ayuda nacional para pagar salarios"},"content":{"rendered":"\n<h4 class=\"wp-block-heading\"><em><strong>Ayer 25\/3, el Gabinete econ\u00f3mico del gobierno nacional anunci\u00f3 medidas de ayuda para las micro y peque\u00f1as empresas (mipymes) con hasta 25 empleados, de las actividades m\u00e1s perjudicadas por las restricciones de la cuarentena, tales como el turismo, la gastronom\u00eda y los sectores del agro m\u00e1s sensible. En Mendoza, donde hay al menos 400 establecimientos vitivin\u00edcolas encuadrados en esas categor\u00edas, el ministerio de Econom\u00eda, Infraestructura y Energ\u00eda eval\u00faa como articular con la Naci\u00f3n ese alivio financiero. <\/strong><\/em><\/h4>\n\n\n\n<div style=\"height:69px\" aria-hidden=\"true\" class=\"wp-block-spacer\"><\/div>\n\n\n\n<p>Funcionarios de los ministerios de Trabajo, Econom\u00eda y Desarrollo Productivo de la Naci\u00f3n se reunieron ayer en Capital Federal para analizar la marcha de la econom\u00eda y de algunos sectores productivos en el actual contexto sanitario y de cuarentena obligatoria. En ese encuentro de trabajo -seg\u00fan da cuenta el sitio de noticias Infobae- \u00ablos&nbsp;ministros que integran el gabinete econ\u00f3mico avanzaron en la definici\u00f3n de detalles del conjunto de medidas<strong>&nbsp;<\/strong>que se est\u00e1n tomando para paliar la situaci\u00f3n de trabajadores y empresas\u00bb.<\/p>\n\n\n\n<p>Y agrega la nota de Infobae: \u00abEntre las decisiones que se discutieron, se destaca la&nbsp;definici\u00f3n de que la ayuda que dar\u00e1 el Estado para pagar los sueldos por los pr\u00f3ximos meses ser\u00e1 para empresas con hasta 25 empleados.&nbsp;Seg\u00fan trascendi\u00f3, se dispuso la agilizaci\u00f3n de los <strong>Repro (el programa de recuperaci\u00f3n productiva)<\/strong> para que&nbsp;las pymes de menos de 25 empleados pertenecientes a los sectores afectados tengan una ventanilla r\u00e1pida para acceder al pago parcial de los salarios de sus empleados\u201d.<\/p>\n\n\n\n<p>A\u00fan no trascendi\u00f3 qu\u00e9 recursos financieros ni qu\u00e9 montos del presupuesto se destinar\u00e1n a esa ayuda, pero s\u00ed se conoci\u00f3 que ser\u00e1n<strong> incluidos los sectores vinculados al turismo, como hoteler\u00eda y gastronom\u00eda, comercio y los sectores productivos sensibles.<\/strong>&nbsp;A diferencia de una serie de programas de ayuda que ya estaban en funcionamiento antes de la emergencia sanitaria, ahora, seg\u00fan especificaron los funcionarios \u00abya no ser\u00e1 necesario presentar documentaci\u00f3n de balances en rojo, sino que el tr\u00e1mite ser\u00e1 mucho m\u00e1s \u00e1gil y estar\u00e1 determinado por sectores\u00bb.<\/p>\n\n\n\n<div style=\"height:20px\" aria-hidden=\"true\" class=\"wp-block-spacer\"><\/div>\n\n\n\n<div class=\"wp-block-image\"><figure class=\"aligncenter is-resized\"><a href=\"https:\/\/twitter.com\/intent\/tweet?text=El%20Gobierno%20defini%C3%B3%20que%20ayudar%C3%A1%20a%20pagar%20salarios%20a%20las%20pymes%20de%20sectores%20afectados%20que%20tengan%20hasta%2025%20empleados&amp;url=https:\/\/www.infobae.com\/economia\/2020\/03\/25\/el-gobierno-definio-que-ayudara-a-pagar-salarios-a-las-pymes-de-sectores-afectados-que-tengan-hasta-25-empleados\/%23LUO743QGJJBSDAPUSXAMOMH7BM\" target=\"_blank\" rel=\"noreferrer noopener\"><img loading=\"lazy\" decoding=\"async\" src=\"https:\/\/www.infobae.com\/new-resizer\/rEZaxMzc5pGqJ5COFMhAzMUtwAM=\/750x0\/filters:quality(100)\/arc-anglerfish-arc2-prod-infobae.s3.amazonaws.com\/public\/LUO743QGJJBSDAPUSXAMOMH7BM.jpg\" alt=\"Los ministros de Econom\u00eda, Mart\u00edn Guzm\u00e1n, y de Trabajo, Claudio Moroni, est\u00e1n definiendo qu\u00e9 sectores se ver\u00e1n beneficiados con el nuevo Repro\" width=\"689\" height=\"387\"\/><\/a><figcaption><em><strong>Los ministros de Trabajo, Claudio Moroni, y de Econom\u00eda de la Naci\u00f3n, Mart\u00edn Guzm\u00e1n , durante la reuni\u00f3n del 25\/3 en Buenos Aires.<\/strong><\/em><\/figcaption><\/figure><\/div>\n\n\n\n<div style=\"height:20px\" aria-hidden=\"true\" class=\"wp-block-spacer\"><\/div>\n\n\n\n<p>Participaron de la reuni\u00f3n de Gabinete econ\u00f3mico los ministros de Trabajo,&nbsp;<strong>Claudio Moroni<\/strong>; y de Desarrollo Productivo,&nbsp;<strong>Mat\u00edas Kulfas<\/strong>; el jefe de Gabinete,<strong>&nbsp;Santiago Cafiero<\/strong>; y la vicejefa,&nbsp;<strong>Cecilia Todesca Bocco<\/strong>; el titular del Banco Central,&nbsp;<strong>Miguel Pesce<\/strong>; y la titular de la AFIP,&nbsp;<strong>Mercedes Marc\u00f3 del Pont<\/strong>.<\/p>\n\n\n\n<p>El Gabinete econ\u00f3mico tambi\u00e9n estudi\u00f3 la disposici\u00f3n de rebajar las contribuciones patronales, ya anunciada d\u00edas atr\u00e1s por los ministros Guzm\u00e1n y Kulfas. Seg\u00fan fuentes oficiales, \u201c<strong>en los pr\u00f3ximos d\u00edas se anunciar\u00e1 una reducci\u00f3n transitoria del pago de cargas patronales para los sectores afectados\u201d.<\/strong><\/p>\n\n\n\n<p>En Mendoza, seg\u00fan fuentes oficiales del <strong>Ministerio de Econom\u00eda<\/strong> consultadas por <strong>Enolife,<\/strong> el gobierno provincial est\u00e1 coordinando con la Naci\u00f3n c\u00f3mo articular la ayuda prevista. En los pr\u00f3ximos d\u00edas habr\u00eda novedades al respecto, que divulgaremos en este diario. <\/p>\n\n\n\n<div style=\"height:20px\" aria-hidden=\"true\" class=\"wp-block-spacer\"><\/div>\n\n\n\n<p class=\"has-background has-light-green-cyan-background-color\">Tomando en cuenta que a fines del a\u00f1o 2019 <strong>se presentaron unas 400 solicitudes de peque\u00f1as y medianas empresas vitivin\u00edcolas<\/strong> para acceder a los cr\u00e9ditos de cosecha y acarreo ofrecidos por el Fondo para la Transformaci\u00f3n y el Crecimiento de Mendoza, puede inferirse que al menos <strong>esa cantidad de pymes estar\u00edan en condiciones de acceder a la ayuda<\/strong> de los relanzados programas Repro (Recuperaci\u00f3n Productiva). <\/p>\n\n\n\n<div style=\"height:20px\" aria-hidden=\"true\" class=\"wp-block-spacer\"><\/div>\n\n\n\n<p>A esa cantidad de pymes vitivin\u00edcolas podr\u00edan agregarse cierto n\u00famero de establecimientos gastron\u00f3micos y hoteleros directamente relacionados con el enoturismo. <\/p>\n\n\n\n<div style=\"height:73px\" aria-hidden=\"true\" class=\"wp-block-spacer\"><\/div>\n","protected":false},"excerpt":{"rendered":"<p>Ayer 25\/3, el Gabinete econ\u00f3mico del gobierno nacional anunci\u00f3 medidas de ayuda para las micro&hellip;<\/p>\n","protected":false},"author":3,"featured_media":10241,"comment_status":"open","ping_status":"open","sticky":false,"template":"","format":"standard","meta":{"footnotes":""},"categories":[14],"tags":[],"class_list":["post-10216","post","type-post","status-publish","format-standard","has-post-thumbnail","hentry","category-news"],"_links":{"self":[{"href":"https:\/\/enolife.com.ar\/es\/wp-json\/wp\/v2\/posts\/10216","targetHints":{"allow":["GET"]}}],"collection":[{"href":"https:\/\/enolife.com.ar\/es\/wp-json\/wp\/v2\/posts"}],"about":[{"href":"https:\/\/enolife.com.ar\/es\/wp-json\/wp\/v2\/types\/post"}],"author":[{"embeddable":true,"href":"https:\/\/enolife.com.ar\/es\/wp-json\/wp\/v2\/users\/3"}],"replies":[{"embeddable":true,"href":"https:\/\/enolife.com.ar\/es\/wp-json\/wp\/v2\/comments?post=10216"}],"version-history":[{"count":0,"href":"https:\/\/enolife.com.ar\/es\/wp-json\/wp\/v2\/posts\/10216\/revisions"}],"wp:featuredmedia":[{"embeddable":true,"href":"https:\/\/enolife.com.ar\/es\/wp-json\/wp\/v2\/media\/10241"}],"wp:attachment":[{"href":"https:\/\/enolife.com.ar\/es\/wp-json\/wp\/v2\/media?parent=10216"}],"wp:term":[{"taxonomy":"category","embeddable":true,"href":"https:\/\/enolife.com.ar\/es\/wp-json\/wp\/v2\/categories?post=10216"},{"taxonomy":"post_tag","embeddable":true,"href":"https:\/\/enolife.com.ar\/es\/wp-json\/wp\/v2\/tags?post=10216"}],"curies":[{"name":"wp","href":"https:\/\/api.w.org\/{rel}","templated":true}]}}