{"id":102125,"date":"2023-09-27T18:12:28","date_gmt":"2023-09-27T18:12:28","guid":{"rendered":"https:\/\/enolife.com.ar\/es\/?p=102125"},"modified":"2023-09-28T21:06:33","modified_gmt":"2023-09-28T21:06:33","slug":"irrigacion-invirtio-1-000-millones-en-excavadoras-para-obras-hidricas-en-la-cuenca-del-rio-diamante","status":"publish","type":"post","link":"https:\/\/enolife.com.ar\/es\/irrigacion-invirtio-1-000-millones-en-excavadoras-para-obras-hidricas-en-la-cuenca-del-rio-diamante\/","title":{"rendered":"Irrigaci\u00f3n invirti\u00f3 $1.000 millones en excavadoras para obras h\u00eddricas en la cuenca del r\u00edo Diamante"},"content":{"rendered":"\n<h4 class=\"wp-block-heading\"><em><strong>Con el fin de optimizar la operaci\u00f3n y el mantenimiento del sistema de distribuci\u00f3n del agua, el Departamento General de Irrigaci\u00f3n de Mendoza entreg\u00f3 m\u00e1quinas a la Subdelegaci\u00f3n del r\u00edo Diamante, en San Rafael, Mendoza. Se trata de 14 veh\u00edculos y grandes m\u00e1quinas, entre ellas una retroexcavadora Hyundai y una excavadora Liu Gong, que servir\u00e1n para brindar asistencia en la zona a trav\u00e9s del programa de fortalecimiento a Inspecciones de Cauce.<\/strong><\/em><\/h4>\n\n\n\n<div style=\"height:35px\" aria-hidden=\"true\" class=\"wp-block-spacer\"><\/div>\n\n\n\n\n\n<div style=\"height:45px\" aria-hidden=\"true\" class=\"wp-block-spacer\"><\/div>\n\n\n\n<p>Para la provincia de Mendoza es clave invertir en este recurso, ya que es un elemento vital para la vida y para el desarrollo de la agroindustria de la regi\u00f3n.<\/p>\n\n\n\n<p>Al respecto, el superintendente de Irrigaci\u00f3n, Sergio Marinelli, expres\u00f3: <em>\u00abJunto al gobernador de la provincia, Rodolfo Su\u00e1rez, venimos haciendo tareas de planificaci\u00f3n a largo plazo. Por eso, justamente, le pude plantear la necesidad de actualizar el parque de m\u00e1quinas. Si bien hab\u00edamos hecho una compra bastante importante hace cuatro a\u00f1os, las mismas tuvieron un desgaste notorio porque trabajan todo el tiempo. As\u00ed fue como la provincia invirti\u00f3 $1.000 millones para adquirir siete excavadoras, las cuales son m\u00e1quinas grandes que se emplean en los r\u00edos, grandes canales y lugares de dif\u00edcil acceso. Tambi\u00e9n, se incorporaron siete retroexcavadoras que se utilizan del mismo modo, aunque son m\u00e1s peque\u00f1as. Adem\u00e1s, se sumaron otros elementos y un cami\u00f3n m\u00e1s. De ese total, se entregaron una retroexcavadora y una excavadora a cada subdelegaci\u00f3n\u00bb.<\/em><\/p>\n\n\n\n<div style=\"height:24px\" aria-hidden=\"true\" class=\"wp-block-spacer\"><\/div>\n\n\n\n<blockquote class=\"wp-block-quote is-layout-flow wp-block-quote-is-layout-flow\">\n<p>El 10 de octubre vamos a comunicar el pron\u00f3stico del caudal de agua de los r\u00edos de Mendoza. El dato que va a arrojar este estudio ser\u00e1 bueno, pero si se compara el per\u00edodo del 2001 al 2010, en promedio vamos a tener una disminuci\u00f3n entre el 8 y 20 % del recurso\u00bb.<\/p>\n<cite>Sergio Marinelli, superintendente general de Irrigaci\u00f3n<\/cite><\/blockquote>\n\n\n\n<div style=\"height:29px\" aria-hidden=\"true\" class=\"wp-block-spacer\"><\/div>\n\n\n\n<p>Y ampli\u00f3 el funcionario del organismo: <em>\u00abLa finalidad de este tipo de maquinaria es brindar asistencia a trav\u00e9s del programa de fortalecimiento a Inspecciones de Cauce. Adem\u00e1s, ayudar\u00e1n a reforzar las tareas operativas continuas de la Subdelegaci\u00f3n. Incluso, en los pr\u00f3ximos d\u00edas vamos a licitar las compras de camionetas y utilitarios para extender la presencia de Irrigaci\u00f3n en todo el territorio. Los veh\u00edculos que son reemplazados son otorgados a aquellas Inspecciones de Cauce para que puedan mejorar su parque automotor con el objetivo de que puedan estar a lo largo de toda la red y que haya una fluidez en la prestaci\u00f3n del servicio del agua<\/em>\u00ab.<\/p>\n\n\n\n<div style=\"height:25px\" aria-hidden=\"true\" class=\"wp-block-spacer\"><\/div>\n\n\n<div class=\"wp-block-image\">\n<figure class=\"aligncenter size-full\"><a href=\"https:\/\/enolife.com.ar\/es\/wp-content\/uploads\/2023\/09\/image-21.png\" data-rel=\"penci-gallery-image-content\" ><img loading=\"lazy\" decoding=\"async\" width=\"700\" height=\"397\" src=\"https:\/\/enolife.com.ar\/es\/wp-content\/uploads\/2023\/09\/image-21.png\" alt=\"\" class=\"wp-image-102129\" srcset=\"https:\/\/enolife.com.ar\/es\/wp-content\/uploads\/2023\/09\/image-21.png 700w, https:\/\/enolife.com.ar\/es\/wp-content\/uploads\/2023\/09\/image-21-300x170.png 300w, https:\/\/enolife.com.ar\/es\/wp-content\/uploads\/2023\/09\/image-21-585x332.png 585w\" sizes=\"auto, (max-width: 700px) 100vw, 700px\" \/><\/a><figcaption class=\"wp-element-caption\"><em><strong>Irrigaci\u00f3n entreg\u00f3 m\u00e1quinas a la Subdelegaci\u00f3n del r\u00edo Diamante, en San Rafael, Mendoza.<\/strong><\/em><\/figcaption><\/figure><\/div>\n\n\n<div style=\"height:37px\" aria-hidden=\"true\" class=\"wp-block-spacer\"><\/div>\n\n\n\n<p>Marinelli destac\u00f3 el proceso de compra y la importancia de poder contar con estos equipos: <em>\u00abLas m\u00e1quinas son fundamentales, por suerte hubo muchos oferentes en una \u00e9poca en la que es muy dif\u00edcil realizar compras. Se hizo toda una log\u00edstica previa antes de las adquisiciones. Como hubo m\u00e1s de seis ofertas, surgi\u00f3 una interesante disputa en cuanto a los valores y se consiguieron buenos precios. Adem\u00e1s, en lo que refiere a la mec\u00e1nica, hay una gran disponibilidad de repuestos en Mendoza y tienen un muy buen servicio t\u00e9cnico posventa que es a largo plazo. Tambi\u00e9n se les brind\u00f3 una capacitaci\u00f3n a nuestros maquinistas porque tienen tecnolog\u00eda avanzada. A su vez, estamos trabajando con los tomeros y diqueros porque son quienes operan el sistema\u00bb.<\/em><\/p>\n\n\n\n<div style=\"height:30px\" aria-hidden=\"true\" class=\"wp-block-spacer\"><\/div>\n\n\n\n<figure class=\"wp-block-gallery has-nested-images columns-default is-cropped wp-block-gallery-1 is-layout-flex wp-block-gallery-is-layout-flex\">\n<figure class=\"wp-block-image size-full\"><a href=\"https:\/\/enolife.com.ar\/es\/wp-content\/uploads\/2023\/09\/WhatsApp-Image-2023-09-15-at-18.30.29-1.jpeg\" data-rel=\"penci-gallery-image-content\" ><img loading=\"lazy\" decoding=\"async\" width=\"689\" height=\"500\" data-id=\"102183\" src=\"https:\/\/enolife.com.ar\/es\/wp-content\/uploads\/2023\/09\/WhatsApp-Image-2023-09-15-at-18.30.29-1.jpeg\" alt=\"\" class=\"wp-image-102183\" srcset=\"https:\/\/enolife.com.ar\/es\/wp-content\/uploads\/2023\/09\/WhatsApp-Image-2023-09-15-at-18.30.29-1.jpeg 689w, https:\/\/enolife.com.ar\/es\/wp-content\/uploads\/2023\/09\/WhatsApp-Image-2023-09-15-at-18.30.29-1-300x218.jpeg 300w, https:\/\/enolife.com.ar\/es\/wp-content\/uploads\/2023\/09\/WhatsApp-Image-2023-09-15-at-18.30.29-1-585x425.jpeg 585w\" sizes=\"auto, (max-width: 689px) 100vw, 689px\" \/><\/a><\/figure>\n\n\n\n<figure class=\"wp-block-image size-full\"><a href=\"https:\/\/enolife.com.ar\/es\/wp-content\/uploads\/2023\/09\/WhatsApp-Image-2023-09-15-at-18.30.30-1.jpeg\" data-rel=\"penci-gallery-image-content\" ><img loading=\"lazy\" decoding=\"async\" width=\"691\" height=\"500\" data-id=\"102185\" src=\"https:\/\/enolife.com.ar\/es\/wp-content\/uploads\/2023\/09\/WhatsApp-Image-2023-09-15-at-18.30.30-1.jpeg\" alt=\"\" class=\"wp-image-102185\" srcset=\"https:\/\/enolife.com.ar\/es\/wp-content\/uploads\/2023\/09\/WhatsApp-Image-2023-09-15-at-18.30.30-1.jpeg 691w, https:\/\/enolife.com.ar\/es\/wp-content\/uploads\/2023\/09\/WhatsApp-Image-2023-09-15-at-18.30.30-1-300x217.jpeg 300w, https:\/\/enolife.com.ar\/es\/wp-content\/uploads\/2023\/09\/WhatsApp-Image-2023-09-15-at-18.30.30-1-585x423.jpeg 585w\" sizes=\"auto, (max-width: 691px) 100vw, 691px\" \/><\/a><\/figure>\n<\/figure>\n\n\n\n<div style=\"height:35px\" aria-hidden=\"true\" class=\"wp-block-spacer\"><\/div>\n\n\n\n<p class=\"has-medium-font-size\"><strong>Las obras en San Rafael<\/strong><\/p>\n\n\n\n<p>Luego, Marinelli se refiri\u00f3 a las obras y los avances de las mismas en el sur provincial: <em>\u00abAhora estamos abocados sobre un plan a largo plazo que contempla la posibilidad de poder medir correctamente para localizar las grandes p\u00e9rdidas. En paralelo, se trabaja en los lugares donde el agua viene escaseando, all\u00ed se est\u00e1n haciendo perforaciones nuevas. Estamos buscando siempre alternativas con peque\u00f1as obras que flexibilizan el sistema. Otra noticia relevante es que se va a firmar un subacuerdo de pr\u00e9stamo entre la provincia y Naci\u00f3n para que tengamos otro reservorio como el del canal Vila. En este caso, se trata del agua del canal Bombal para hacer riego acordado, que es la forma de ser mucho m\u00e1s eficientes. La obra tiene un costo de un mill\u00f3n de d\u00f3lares, as\u00ed que calculo que con este preacuerdo se va a ir destrabando todo para entrar en el proceso de licitaci\u00f3n. Pienso que a principios del a\u00f1o que viene se comenzar\u00e1 a ejecutar. Las grandes obras est\u00e1n proyectadas para mediados del a\u00f1o que viene\u00bb.<\/em><\/p>\n\n\n\n<p>El titular de Irrigaci\u00f3n se refiri\u00f3 a la situaci\u00f3n h\u00eddrica en relaci\u00f3n a las \u00faltimas nevadas y las precipitaciones que se registraron en Mendoza: <em>\u00abPor suerte, esta temporada ser\u00e1 buena en cuanto a la cantidad de agua. No obstante, hay que recordar que el a\u00f1o pasado fue el peor de la historia que se tiene registro en el r\u00edo Diamante, por eso los embalses est\u00e1n en un nivel tan bajo. Entonces, lo que debemos hacer este a\u00f1o es guardar el agua y recuperar los embalses para tenerlos llenos en la primavera 2025. Hay que tener en cuenta que en las pr\u00f3ximas d\u00e9cadas vamos a tener una disminuci\u00f3n muy importante en la cantidad del agua, la cuenca del Diamante en particular va a tener una mayor afectaci\u00f3n como consecuencia de la variabilidad clim\u00e1tica. Un a\u00f1o bueno de nevadas no nos debe sacar de la senda de la eficiencia y el cuidado del recurso. El 10 de octubre vamos a hacer la presentaci\u00f3n del pron\u00f3stico anual para que la gente sepa cu\u00e1nta agua va a haber disponible en cada cuenca. El dato que va a arrojar este estudio ser\u00e1 bueno, pero si se compara el per\u00edodo del 2001 al 2010, que ha sido el m\u00e1s duro en cuanto a la cantidad de agua, se refiere con las d\u00e9cadas futuras, en promedio vamos a tener una disminuci\u00f3n entre el 8 y 20 % del recurso\u00bb<\/em>.<\/p>\n\n\n\n<p>Finalmente, Marinelli advirti\u00f3: <em>\u00abLa demanda siempre es creciente, en el sentido de que cada vez el mundo necesita m\u00e1s alimentos y el agro se ampl\u00eda. Sin contar que la poblaci\u00f3n crece y vamos a tener temperaturas m\u00e1s altas que afectar\u00e1n directamente en los cultivos. Como dije antes, hoy que tenemos la posici\u00f3n hay que recuperar nuestros embalses a pleno. Hay que lograr un equilibrio, San Rafael tiene la ventaja de contar con una gran cantidad de embalses para una superficie cultivada menor. La obra de El Baqueano nos dar\u00e1 una ventaja adicional en materia de reservas y en relaci\u00f3n a la situaci\u00f3n cr\u00edtica que se espera a futuro\u00bb.<\/em><\/p>\n\n\n\n<div style=\"height:23px\" aria-hidden=\"true\" class=\"wp-block-spacer\"><\/div>\n\n\n\n<p class=\"has-small-font-size\"><em><strong>Fuentes: FM Vos 94.5 de San Rafael y Diario de San Rafael<\/strong><\/em><\/p>\n\n\n\n<div style=\"height:25px\" aria-hidden=\"true\" class=\"wp-block-spacer\"><\/div>\n","protected":false},"excerpt":{"rendered":"<p>Con el fin de optimizar la operaci\u00f3n y el mantenimiento del sistema de distribuci\u00f3n del&hellip;<\/p>\n","protected":false},"author":3,"featured_media":102182,"comment_status":"open","ping_status":"open","sticky":false,"template":"","format":"standard","meta":{"footnotes":""},"categories":[14],"tags":[],"class_list":["post-102125","post","type-post","status-publish","format-standard","has-post-thumbnail","hentry","category-news"],"_links":{"self":[{"href":"https:\/\/enolife.com.ar\/es\/wp-json\/wp\/v2\/posts\/102125","targetHints":{"allow":["GET"]}}],"collection":[{"href":"https:\/\/enolife.com.ar\/es\/wp-json\/wp\/v2\/posts"}],"about":[{"href":"https:\/\/enolife.com.ar\/es\/wp-json\/wp\/v2\/types\/post"}],"author":[{"embeddable":true,"href":"https:\/\/enolife.com.ar\/es\/wp-json\/wp\/v2\/users\/3"}],"replies":[{"embeddable":true,"href":"https:\/\/enolife.com.ar\/es\/wp-json\/wp\/v2\/comments?post=102125"}],"version-history":[{"count":0,"href":"https:\/\/enolife.com.ar\/es\/wp-json\/wp\/v2\/posts\/102125\/revisions"}],"wp:featuredmedia":[{"embeddable":true,"href":"https:\/\/enolife.com.ar\/es\/wp-json\/wp\/v2\/media\/102182"}],"wp:attachment":[{"href":"https:\/\/enolife.com.ar\/es\/wp-json\/wp\/v2\/media?parent=102125"}],"wp:term":[{"taxonomy":"category","embeddable":true,"href":"https:\/\/enolife.com.ar\/es\/wp-json\/wp\/v2\/categories?post=102125"},{"taxonomy":"post_tag","embeddable":true,"href":"https:\/\/enolife.com.ar\/es\/wp-json\/wp\/v2\/tags?post=102125"}],"curies":[{"name":"wp","href":"https:\/\/api.w.org\/{rel}","templated":true}]}}