{"id":102068,"date":"2023-09-26T17:54:29","date_gmt":"2023-09-26T17:54:29","guid":{"rendered":"https:\/\/enolife.com.ar\/es\/?p=102068"},"modified":"2023-09-28T17:09:48","modified_gmt":"2023-09-28T17:09:48","slug":"hasta-el-14-10-contratistas-de-vina-pueden-adherirse-al-seguro-agricola-que-pagara-48-580-por-ha","status":"publish","type":"post","link":"https:\/\/enolife.com.ar\/es\/hasta-el-14-10-contratistas-de-vina-pueden-adherirse-al-seguro-agricola-que-pagara-48-580-por-ha\/","title":{"rendered":"Hasta el 14\/10 contratistas de vi\u00f1a pueden adherirse al Seguro Agr\u00edcola, que pagar\u00e1 $48.580 por ha"},"content":{"rendered":"\n<h4 class=\"wp-block-heading\"><em><strong>Como cada a\u00f1o, la Direcci\u00f3n de Contingencias Clim\u00e1ticas del Gobierno de Mendoza abri\u00f3 la inscripci\u00f3n para que los contratistas de vid y frutales puedan sumarse al Seguro Agr\u00edcola. El tr\u00e1mite se realiza on line a trav\u00e9s de la web de la entidad, donde se debe completar una declaraci\u00f3n jurada sobre los cultivos y superficie que trabajan. Para esta temporada -2023\/2024- se establece una&nbsp;compensaci\u00f3n de $48.580&nbsp;por hect\u00e1rea de vid o frutales&nbsp;cuando el da\u00f1o, causado por heladas y\/o granizo, equivalga al 100% de la producci\u00f3n.<\/strong><\/em><\/h4>\n\n\n\n<div style=\"height:35px\" aria-hidden=\"true\" class=\"wp-block-spacer\"><\/div>\n\n\n<a href=\"https:\/\/www.linkedin.com\/company\/agrinet-sa\/?originalSubdomain=ar\" aria-label=\"1700X500\"><img loading=\"lazy\" decoding=\"async\" src=\"https:\/\/enolife.com.ar\/es\/wp-content\/uploads\/2021\/11\/1700X500.gif\" alt=\"\"  width=\"1700\" height=\"500\"   \/><\/a>\n\n\n<div style=\"height:45px\" aria-hidden=\"true\" class=\"wp-block-spacer\"><\/div>\n\n\n\n<p>La cobertura del Seguro Agr\u00edcola para cultivos de vid y frutales que no est\u00e9n protegidos con malla contempla perjuicios por helada y granizo, y para aquellos cultivos que s\u00ed est\u00e9n bajo malla, la compensaci\u00f3n ser\u00e1 s\u00f3lo en caso de heladas. Para la temporada 2023\/2024 la compensaci\u00f3n ser\u00e1 de $&nbsp;48.580&nbsp;por hect\u00e1rea de vid o frutales&nbsp;cuando el da\u00f1o, causado por heladas y\/o granizo, equivalga al 100% de la producci\u00f3n.<\/p>\n\n\n\n<div style=\"height:13px\" aria-hidden=\"true\" class=\"wp-block-spacer\"><\/div>\n\n\n\n<p class=\"has-background\" style=\"background-color:#abb7c254\"><strong>Inscripci\u00f3n hasta el 14\/10: <a href=\"http:\/\/www.contingencias.mendoza.gov.ar\/web1\/segurocontratistas\/\" title=\"\">AQU\u00cd<\/a><\/strong><\/p>\n\n\n\n<div style=\"height:35px\" aria-hidden=\"true\" class=\"wp-block-spacer\"><\/div>\n\n\n\n<p class=\"has-medium-font-size\"><strong>Cuotas y vencimientos<\/strong><\/p>\n\n\n\n<p>El reglamento establece 5 cuotas consecutivas que deber\u00e1n abonarse en su totalidad y en tiempo y forma para quedar bajo la cobertura en caso de contingencias. Para abonar, las personas adheridas deber\u00e1n esperar&nbsp;<strong>hasta el 16 de octubre<\/strong>, fecha en la que los boletos de pago se podr\u00e1n descargar desde la p\u00e1gina de Contingencias Clim\u00e1ticas.<\/p>\n\n\n\n<p>Los vencimientos establecidos son los siguientes:<\/p>\n\n\n\n<ul class=\"wp-block-list\">\n<li><strong>1ra cuota: 31\/10\/2023<\/strong><\/li>\n\n\n\n<li><strong>2da cuota: 17\/11\/2023<\/strong><\/li>\n\n\n\n<li><strong>3ra cuota: 15\/12\/2023<\/strong><\/li>\n\n\n\n<li><strong>4ta cuota: 19\/01\/2024<\/strong><\/li>\n\n\n\n<li><strong>5ta cuota: 16\/02\/2024<\/strong><\/li>\n<\/ul>\n\n\n\n<div style=\"height:35px\" aria-hidden=\"true\" class=\"wp-block-spacer\"><\/div>\n\n\n\n<p class=\"has-medium-font-size\"><strong>Aportes<\/strong><\/p>\n\n\n\n<p>Los aportes est\u00e1n diferenciados por oasis, al igual que para los dem\u00e1s productores asociados al sistema de compensaci\u00f3n.<\/p>\n\n\n\n<p><strong>Vid y frutales: aporte por hect\u00e1rea<\/strong><\/p>\n\n\n\n<figure class=\"wp-block-table aligncenter is-style-stripes\"><table><tbody><tr><td><strong>VID Y FRUTALES<\/strong><\/td><td class=\"has-text-align-right\" data-align=\"right\">&nbsp;<strong>CENTRO Y NORTE<\/strong><\/td><td class=\"has-text-align-right\" data-align=\"right\"><strong>ESTE<\/strong><\/td><td class=\"has-text-align-right\" data-align=\"right\"><strong>SUR<\/strong><\/td><\/tr><tr><td><strong>Sin Malla<\/strong><\/td><td class=\"has-text-align-right\" data-align=\"right\"><strong>$1.985<\/strong><\/td><td class=\"has-text-align-right\" data-align=\"right\"><strong>$2.498<\/strong><\/td><td class=\"has-text-align-right\" data-align=\"right\"><strong>$2.991<\/strong><\/td><\/tr><tr><td><strong>Con Malla<\/strong><\/td><td class=\"has-text-align-right\" data-align=\"right\"><strong>$993<\/strong><\/td><td class=\"has-text-align-right\" data-align=\"right\"><strong>$1.249<\/strong><\/td><td class=\"has-text-align-right\" data-align=\"right\"><strong>$1.496<\/strong><\/td><\/tr><\/tbody><\/table><\/figure>\n\n\n\n<div style=\"height:30px\" aria-hidden=\"true\" class=\"wp-block-spacer\"><\/div>\n","protected":false},"excerpt":{"rendered":"<p>Como cada a\u00f1o, la Direcci\u00f3n de Contingencias Clim\u00e1ticas del Gobierno de Mendoza abri\u00f3 la inscripci\u00f3n&hellip;<\/p>\n","protected":false},"author":3,"featured_media":102108,"comment_status":"open","ping_status":"open","sticky":false,"template":"","format":"standard","meta":{"footnotes":""},"categories":[14],"tags":[],"class_list":["post-102068","post","type-post","status-publish","format-standard","has-post-thumbnail","hentry","category-news"],"_links":{"self":[{"href":"https:\/\/enolife.com.ar\/es\/wp-json\/wp\/v2\/posts\/102068","targetHints":{"allow":["GET"]}}],"collection":[{"href":"https:\/\/enolife.com.ar\/es\/wp-json\/wp\/v2\/posts"}],"about":[{"href":"https:\/\/enolife.com.ar\/es\/wp-json\/wp\/v2\/types\/post"}],"author":[{"embeddable":true,"href":"https:\/\/enolife.com.ar\/es\/wp-json\/wp\/v2\/users\/3"}],"replies":[{"embeddable":true,"href":"https:\/\/enolife.com.ar\/es\/wp-json\/wp\/v2\/comments?post=102068"}],"version-history":[{"count":0,"href":"https:\/\/enolife.com.ar\/es\/wp-json\/wp\/v2\/posts\/102068\/revisions"}],"wp:featuredmedia":[{"embeddable":true,"href":"https:\/\/enolife.com.ar\/es\/wp-json\/wp\/v2\/media\/102108"}],"wp:attachment":[{"href":"https:\/\/enolife.com.ar\/es\/wp-json\/wp\/v2\/media?parent=102068"}],"wp:term":[{"taxonomy":"category","embeddable":true,"href":"https:\/\/enolife.com.ar\/es\/wp-json\/wp\/v2\/categories?post=102068"},{"taxonomy":"post_tag","embeddable":true,"href":"https:\/\/enolife.com.ar\/es\/wp-json\/wp\/v2\/tags?post=102068"}],"curies":[{"name":"wp","href":"https:\/\/api.w.org\/{rel}","templated":true}]}}