{"id":101733,"date":"2023-09-25T14:24:01","date_gmt":"2023-09-25T14:24:01","guid":{"rendered":"https:\/\/enolife.com.ar\/es\/?p=101733"},"modified":"2023-09-27T18:12:54","modified_gmt":"2023-09-27T18:12:54","slug":"como-satisfacer-las-demandas-del-consumidor-en-un-foro-del-fondo-vitivinicola-en-san-juan","status":"publish","type":"post","link":"https:\/\/enolife.com.ar\/es\/como-satisfacer-las-demandas-del-consumidor-en-un-foro-del-fondo-vitivinicola-en-san-juan\/","title":{"rendered":"C\u00f3mo satisfacer las demandas del consumidor, en un foro del Fondo Vitivin\u00edcola en San Juan\u00a0"},"content":{"rendered":"\n<h4 class=\"wp-block-heading\"><em><strong>El martes 3 de octubre a las 17 hs, en el hotel Vi\u00f1as del Sol -Ruta 20 y General Roca, Santa Luc\u00eda, San Juan-, el Fondo Vitivin\u00edcola realizar\u00e1 una reuni\u00f3n en la que analizar\u00e1 informaci\u00f3n estrat\u00e9gica del mercado interno. Este foro contar\u00e1 con la presencia del consultor Guillermo Oliveto, quien expondr\u00e1 datos del mercado y presentar\u00e1 los hallazgos de una reciente investigaci\u00f3n que explora las demandas de los consumidores y c\u00f3mo el vino podr\u00eda ser m\u00e1s atractivo para el p\u00fablico comprador.<\/strong><\/em><\/h4>\n\n\n\n<div style=\"height:35px\" aria-hidden=\"true\" class=\"wp-block-spacer\"><\/div>\n\n\n\n\n\n<div style=\"height:45px\" aria-hidden=\"true\" class=\"wp-block-spacer\"><\/div>\n\n\n<div class=\"wp-block-image\">\n<figure class=\"alignleft size-full is-resized\"><a href=\"https:\/\/enolife.com.ar\/es\/wp-content\/uploads\/2023\/09\/84af0b96-c68f-689c-3dfa-78ffbb899470.jpeg\" data-rel=\"penci-gallery-image-content\" ><img loading=\"lazy\" decoding=\"async\" src=\"https:\/\/enolife.com.ar\/es\/wp-content\/uploads\/2023\/09\/84af0b96-c68f-689c-3dfa-78ffbb899470.jpeg\" alt=\"\" class=\"wp-image-101736\" width=\"263\" height=\"467\" srcset=\"https:\/\/enolife.com.ar\/es\/wp-content\/uploads\/2023\/09\/84af0b96-c68f-689c-3dfa-78ffbb899470.jpeg 400w, https:\/\/enolife.com.ar\/es\/wp-content\/uploads\/2023\/09\/84af0b96-c68f-689c-3dfa-78ffbb899470-169x300.jpeg 169w\" sizes=\"auto, (max-width: 263px) 100vw, 263px\" \/><\/a><\/figure><\/div>\n\n\n<p>Frente a la disminuci\u00f3n de las exportaciones argentinas de vino, por diferentes factores vinculados a la econom\u00eda global, el mercado interno, en renovaci\u00f3n aunque con distintas modalidades y tendencias en cuanto al consumo de vino, aparece como una oportunidad, cambiante pero siempre presente. <\/p>\n\n\n\n<p>Con este foco, el reconocido especialista y encuestador <strong>Guillermo Oliveto, titular de la consultora W<\/strong>, brindar\u00e1 sus conocimientos a los interesados de la industria vitivin\u00edcola, el pr\u00f3ximo <strong>3 de octubre a las 17 hs<\/strong>, en el <strong>\u00abForo de Mercado Interno\u00bb<\/strong> en el <strong>hotel Vi\u00f1as del Sol en <\/strong>Ruta 20 y General Roca de <strong>San Juan.<\/strong><\/p>\n\n\n\n<p>Se analizar\u00e1 c\u00f3mo se capta al consumidor, tendencias de conusmo y se brindar\u00e1 informaci\u00f3n estrat\u00e9gica.<\/p>\n\n\n\n<p>El encuentro cuenta con el apoyo de la <strong>C\u00e1mara Vitivin\u00edcola de San Juan<\/strong>, el <strong>Fondo Vitivin\u00edcola Mendoza<\/strong> y la <strong>Corporaci\u00f3n Vitivin\u00edcola Argentina (Coviar)<\/strong>.<\/p>\n\n\n\n<p class=\"has-background\" style=\"background-color:#abb7c25e\">Los interesados en asistir deben inscribirse y confirmar su asistencia escribiendo al email<strong> <a href=\"mailto:comunicacion@fondovitivinicola.com.ar\">comunicacion@fondovitivinicola.com.ar<\/a><\/strong><\/p>\n\n\n\n<div style=\"height:25px\" aria-hidden=\"true\" class=\"wp-block-spacer\"><\/div>\n","protected":false},"excerpt":{"rendered":"<p>El martes 3 de octubre a las 17 hs, en el hotel Vi\u00f1as del Sol&hellip;<\/p>\n","protected":false},"author":3,"featured_media":102029,"comment_status":"open","ping_status":"open","sticky":false,"template":"","format":"standard","meta":{"footnotes":""},"categories":[47],"tags":[],"class_list":["post-101733","post","type-post","status-publish","format-standard","has-post-thumbnail","hentry","category-agenda"],"_links":{"self":[{"href":"https:\/\/enolife.com.ar\/es\/wp-json\/wp\/v2\/posts\/101733","targetHints":{"allow":["GET"]}}],"collection":[{"href":"https:\/\/enolife.com.ar\/es\/wp-json\/wp\/v2\/posts"}],"about":[{"href":"https:\/\/enolife.com.ar\/es\/wp-json\/wp\/v2\/types\/post"}],"author":[{"embeddable":true,"href":"https:\/\/enolife.com.ar\/es\/wp-json\/wp\/v2\/users\/3"}],"replies":[{"embeddable":true,"href":"https:\/\/enolife.com.ar\/es\/wp-json\/wp\/v2\/comments?post=101733"}],"version-history":[{"count":0,"href":"https:\/\/enolife.com.ar\/es\/wp-json\/wp\/v2\/posts\/101733\/revisions"}],"wp:featuredmedia":[{"embeddable":true,"href":"https:\/\/enolife.com.ar\/es\/wp-json\/wp\/v2\/media\/102029"}],"wp:attachment":[{"href":"https:\/\/enolife.com.ar\/es\/wp-json\/wp\/v2\/media?parent=101733"}],"wp:term":[{"taxonomy":"category","embeddable":true,"href":"https:\/\/enolife.com.ar\/es\/wp-json\/wp\/v2\/categories?post=101733"},{"taxonomy":"post_tag","embeddable":true,"href":"https:\/\/enolife.com.ar\/es\/wp-json\/wp\/v2\/tags?post=101733"}],"curies":[{"name":"wp","href":"https:\/\/api.w.org\/{rel}","templated":true}]}}