{"id":101569,"date":"2023-09-20T02:37:47","date_gmt":"2023-09-20T02:37:47","guid":{"rendered":"https:\/\/enolife.com.ar\/es\/?p=101569"},"modified":"2023-09-22T14:52:45","modified_gmt":"2023-09-22T14:52:45","slug":"alumnos-de-agronomia-de-bolivia-y-del-iesdyt-san-martin-se-capacitaran-juntos-en-mendoza","status":"publish","type":"post","link":"https:\/\/enolife.com.ar\/es\/alumnos-de-agronomia-de-bolivia-y-del-iesdyt-san-martin-se-capacitaran-juntos-en-mendoza\/","title":{"rendered":"Alumnos de agronom\u00eda de Bolivia y del IESDyT  San Mart\u00edn se capacitar\u00e1n juntos en Mendoza"},"content":{"rendered":"\n<h4 class=\"wp-block-heading\"><em><strong>Del 25 al  29\/9, el Instituto de Educaci\u00f3n Superior Docente y T\u00e9cnica 9-001 (IESDyT N\u00ba 9-001) General Jos\u00e9 de San Mart\u00edn, del departamento hom\u00f3nimo del Este mendocino, realizar\u00e1 las \u00abJornadas de capacitaci\u00f3n en innovaci\u00f3n agron\u00f3mica\u00bb junto con la Facultad Integral del Chaco de Bolivia (Santa Cruz de la Sierra) de la carrera de Ingenier\u00eda Agropecuaria. Se han planificado actividades educativas, visitas guiadas y charlas en diferentes locaciones del Instituto Nacional de Tecnolog\u00eda Agropecuaria (INTA), La Facultad de Ciencias Agrarias de la UNCuyo, la Bodega Santa Julia y Finca Los Sauces, sobre innovaci\u00f3n en la vitivinicultura, ensayos agrot\u00e9cnicos, producci\u00f3n de frutos secos, arom\u00e1ticas y hortalizas, actividad oliv\u00edcola, obtenci\u00f3n ap\u00edcola, hidropon\u00eda, enoturismo, pr\u00e1cticas de maridaje y el uso del agua.<\/strong><\/em><\/h4>\n\n\n\n<div style=\"height:35px\" aria-hidden=\"true\" class=\"wp-block-spacer\"><\/div>\n\n\n<a href=\"https:\/\/jmzeballos.com\/\" aria-label=\"PUBLICIDAD ENOLIFE 2023_\u00c1NFORAS 1700 x 500\"><img loading=\"lazy\" decoding=\"async\" src=\"https:\/\/enolife.com.ar\/es\/wp-content\/uploads\/2020\/12\/PUBLICIDAD-ENOLIFE-2023_ANFORAS-1700-x-500.jpg\" alt=\"\"  srcset=\"https:\/\/enolife.com.ar\/es\/wp-content\/uploads\/2020\/12\/PUBLICIDAD-ENOLIFE-2023_ANFORAS-1700-x-500.jpg 1700w, https:\/\/enolife.com.ar\/es\/wp-content\/uploads\/2020\/12\/PUBLICIDAD-ENOLIFE-2023_ANFORAS-1700-x-500-300x88.jpg 300w, https:\/\/enolife.com.ar\/es\/wp-content\/uploads\/2020\/12\/PUBLICIDAD-ENOLIFE-2023_ANFORAS-1700-x-500-1024x301.jpg 1024w, https:\/\/enolife.com.ar\/es\/wp-content\/uploads\/2020\/12\/PUBLICIDAD-ENOLIFE-2023_ANFORAS-1700-x-500-768x226.jpg 768w, https:\/\/enolife.com.ar\/es\/wp-content\/uploads\/2020\/12\/PUBLICIDAD-ENOLIFE-2023_ANFORAS-1700-x-500-1536x452.jpg 1536w, https:\/\/enolife.com.ar\/es\/wp-content\/uploads\/2020\/12\/PUBLICIDAD-ENOLIFE-2023_ANFORAS-1700-x-500-1170x344.jpg 1170w, https:\/\/enolife.com.ar\/es\/wp-content\/uploads\/2020\/12\/PUBLICIDAD-ENOLIFE-2023_ANFORAS-1700-x-500-585x172.jpg 585w\" sizes=\"auto, (max-width: 1700px) 100vw, 1700px\" width=\"1700\" height=\"500\"   \/><\/a>\n\n\n<div style=\"height:45px\" aria-hidden=\"true\" class=\"wp-block-spacer\"><\/div>\n\n\n\n<p>Seg\u00fan explican del <strong>IESDyT N\u00ba 9-001 General Jos\u00e9 de San Mart\u00edn<\/strong>, <em>\u00abla propuesta de las Jornadas de Capacitaci\u00f3n en Innovaci\u00f3n Agron\u00f3mica, tienen como finalidad hacer observables y asequibles las herramientas y enfoques para abordar las condiciones y desaf\u00edos en el sector agron\u00f3mico\u00bb<\/em>. Es por ello que la selecci\u00f3n de las tem\u00e1ticas intenta ofrecer un panorama que brinde a los asistentes visualizaciones de las realidades de la provincia de Mendoza en especial de la regi\u00f3n Este en lo que refiere a la innovaci\u00f3n en la vitivinicultura, ensayos agrot\u00e9cnicos, la producci\u00f3n de frutos secos, arom\u00e1ticas y hortalizas, la actividad oliv\u00edcola, la obtenci\u00f3n ap\u00edcola, experiencias en hidropon\u00eda, el enoturismo, pr\u00e1cticas de maridaje, condiciones y modalidad de la administraci\u00f3n de vi\u00f1edos y tecnolog\u00eda para el cambio clim\u00e1tico. En \u00e9ste \u00faltimo punto, se mostrar\u00e1n los procesos actuales de tecnificaci\u00f3n en el riego y las formas de cultivo hidrop\u00f3nico, a fin de conciliar la innovaci\u00f3n y la sustentabilidad bajo la consigna del cuidado de los recursos naturales y el ecosistema.<\/p>\n\n\n\n<p><em>\u00abSin duda, la singularidad de estas jornadas ser\u00e1 el valor del encuentro y la vinculaci\u00f3n entre docentes y alumnos locales y de la Facultad Integral del Chaco de Bolivia, de la carrera Ingenier\u00eda Agropecuaria. Luego de padecer una pandemia, con todas sus implicancias, la relaci\u00f3n con otras personas e instituciones es un privilegio y una gran oportunidad de asistir a la articulaci\u00f3n de experiencias en el sector, y resultar\u00e1 de valor la apertura a la oferta de la provincia de Mendoza en las tem\u00e1ticas anteriormente mencionadas\u00bb<\/em>, aseguran desde la instituci\u00f3n.<\/p>\n\n\n\n<p>De este modo, la articulaci\u00f3n con la <strong>Facultad Integral del Chaco de Bolivia <\/strong>busca sumar valor a la formaci\u00f3n profesional de docentes y estudiantes de ambos pa\u00edses y generar acuerdos de movilidad estudiantil y pr\u00e1cticas profesionales, ponencias conjuntas para la participaci\u00f3n de la investigaci\u00f3n en el sector y la constituci\u00f3n de una agenda de trabajo anual para asegurar los v\u00ednculos y avances de desarrollos espec\u00edficos.<\/p>\n\n\n\n<p><strong>Destinatarios<\/strong>: Estudiantes y egresados de la Tecnicatura Superior en Agronom\u00eda de IES DyT 9-001 y estudiantes y docentes de Ingeniar\u00eda Agropecuaria de la Facultad Integral del Chaco, Bolivia.<\/p>\n\n\n\n<p><strong>Fecha: <\/strong>Del lunes 25 al viernes 29\/9, con una duraci\u00f3n de 45 hs.<\/p>\n\n\n\n<div style=\"height:35px\" aria-hidden=\"true\" class=\"wp-block-spacer\"><\/div>\n\n\n\n<p class=\"has-medium-font-size\"><strong>Programa<\/strong><\/p>\n\n\n<div class=\"wp-block-image\">\n<figure class=\"aligncenter size-large is-resized\"><a href=\"https:\/\/enolife.com.ar\/es\/wp-content\/uploads\/2023\/09\/programa.jpg\" data-rel=\"penci-gallery-image-content\" ><img loading=\"lazy\" decoding=\"async\" src=\"https:\/\/enolife.com.ar\/es\/wp-content\/uploads\/2023\/09\/programa-754x1024.jpg\" alt=\"\" class=\"wp-image-101596\" width=\"562\" height=\"764\" srcset=\"https:\/\/enolife.com.ar\/es\/wp-content\/uploads\/2023\/09\/programa-754x1024.jpg 754w, https:\/\/enolife.com.ar\/es\/wp-content\/uploads\/2023\/09\/programa-221x300.jpg 221w, https:\/\/enolife.com.ar\/es\/wp-content\/uploads\/2023\/09\/programa-768x1043.jpg 768w, https:\/\/enolife.com.ar\/es\/wp-content\/uploads\/2023\/09\/programa-585x795.jpg 585w, https:\/\/enolife.com.ar\/es\/wp-content\/uploads\/2023\/09\/programa.jpg 921w\" sizes=\"auto, (max-width: 562px) 100vw, 562px\" \/><\/a><\/figure><\/div>\n\n\n<div style=\"height:35px\" aria-hidden=\"true\" class=\"wp-block-spacer\"><\/div>\n\n\n\n<p class=\"has-medium-font-size\"><strong>Locaciones<\/strong><\/p>\n\n\n\n<ul class=\"wp-block-list\">\n<li>Instalaciones de INTA La Consulta<\/li>\n\n\n\n<li>Instalaciones de INTA Jun\u00edn<\/li>\n\n\n\n<li>Instalaciones de INTA Lujan de Cuyo<\/li>\n\n\n\n<li>Instalaciones de la Facultad de Ciencias Agrarias UNCuyo<\/li>\n\n\n\n<li>Instalaciones Bodega Santa Julia<\/li>\n\n\n\n<li>Instalaciones Finca Los Sauces<\/li>\n<\/ul>\n\n\n\n<p><strong>Colaboran:<\/strong> Municipalidad de San Mart\u00edn y Municipalidad de Rivadavia<\/p>\n\n\n\n<div style=\"height:30px\" aria-hidden=\"true\" class=\"wp-block-spacer\"><\/div>\n","protected":false},"excerpt":{"rendered":"<p>Del 25 al 29\/9, el Instituto de Educaci\u00f3n Superior Docente y T\u00e9cnica 9-001 (IESDyT N\u00ba&hellip;<\/p>\n","protected":false},"author":3,"featured_media":101639,"comment_status":"open","ping_status":"open","sticky":false,"template":"","format":"standard","meta":{"footnotes":""},"categories":[14],"tags":[],"class_list":["post-101569","post","type-post","status-publish","format-standard","has-post-thumbnail","hentry","category-news"],"_links":{"self":[{"href":"https:\/\/enolife.com.ar\/es\/wp-json\/wp\/v2\/posts\/101569","targetHints":{"allow":["GET"]}}],"collection":[{"href":"https:\/\/enolife.com.ar\/es\/wp-json\/wp\/v2\/posts"}],"about":[{"href":"https:\/\/enolife.com.ar\/es\/wp-json\/wp\/v2\/types\/post"}],"author":[{"embeddable":true,"href":"https:\/\/enolife.com.ar\/es\/wp-json\/wp\/v2\/users\/3"}],"replies":[{"embeddable":true,"href":"https:\/\/enolife.com.ar\/es\/wp-json\/wp\/v2\/comments?post=101569"}],"version-history":[{"count":0,"href":"https:\/\/enolife.com.ar\/es\/wp-json\/wp\/v2\/posts\/101569\/revisions"}],"wp:featuredmedia":[{"embeddable":true,"href":"https:\/\/enolife.com.ar\/es\/wp-json\/wp\/v2\/media\/101639"}],"wp:attachment":[{"href":"https:\/\/enolife.com.ar\/es\/wp-json\/wp\/v2\/media?parent=101569"}],"wp:term":[{"taxonomy":"category","embeddable":true,"href":"https:\/\/enolife.com.ar\/es\/wp-json\/wp\/v2\/categories?post=101569"},{"taxonomy":"post_tag","embeddable":true,"href":"https:\/\/enolife.com.ar\/es\/wp-json\/wp\/v2\/tags?post=101569"}],"curies":[{"name":"wp","href":"https:\/\/api.w.org\/{rel}","templated":true}]}}