{"id":10147,"date":"2020-03-26T03:27:56","date_gmt":"2020-03-26T03:27:56","guid":{"rendered":"http:\/\/enolife.com.ar\/es\/?p=10147"},"modified":"2020-03-28T15:45:07","modified_gmt":"2020-03-28T15:45:07","slug":"foeva-exige-a-las-bodegas-mejores-condiciones-sanitarias-para-el-personal-de-finca-y-bodega","status":"publish","type":"post","link":"https:\/\/enolife.com.ar\/es\/foeva-exige-a-las-bodegas-mejores-condiciones-sanitarias-para-el-personal-de-finca-y-bodega\/","title":{"rendered":"Foeva exige a las bodegas mejores condiciones sanitarias para el personal de finca y bodega"},"content":{"rendered":"\n<h4 class=\"wp-block-heading\"><em><strong>La cosecha avanza pese a los problemas que enfrentan los trabajadores en las vi\u00f1as por la cuarentena del coronavirus y las fuertes lluvias del 25\/3. Van 18 semanas desde el inicio, faltan unos 15 d\u00edas para terminar y ya se ha levantado alrededor del 80% de las uvas.<\/strong><\/em><strong><em> <\/em><\/strong><\/h4>\n\n\n\n<hr class=\"wp-block-separator\"\/>\n\n\n\n<h4 class=\"wp-block-heading\"><em><strong>Desde que se declar\u00f3 la pandemia, la Federaci\u00f3n de Obreros y Empleados Vitivin\u00edcolas de Argentina (Foeva), liderada por el rivadaviense Jos\u00e9 Antonio Arias, ha logrado mejorar la seguridad sanitaria de los cosechadores sin parar la recolecci\u00f3n, gracias a su negociaci\u00f3n con los bodegueros. Y ahora reclama que no se obligue a los trabajadores a fraccionar en planta justo en este momento, para evitar riesgos innecesarios. \u00abSe puede fraccionar m\u00e1s adelante; hoy las g\u00f3ndolas de los supermercados y los dep\u00f3sitos de las bodegas est\u00e1n llenos de vino\u00bb .<\/strong><\/em><strong><em> <\/em><\/strong> <\/h4>\n\n\n\n<div style=\"height:20px\" aria-hidden=\"true\" class=\"wp-block-spacer\"><\/div>\n\n\n\n<p>Cuando alrededor del 18 de marzo los dirigentes sindicales de los cosechadores se plantaron firme frente a los bodegueros para exigir la m\u00e1xima seguridad sanitaria para la dura tarea de recolectar la uva, algunos medios nacionales anunciaron, de modo catastr\u00f3fico, \u00abPeligra la cosecha\u00bb, \u00abLos cosechadores entran en cuarentena y la uva no se levanta\u00bb y otros titulares parecidos. Sin embargo, como siempre, los trabajadores pusieron el lomo y los dirigentes de ambas partes, a\u00fan en medio de una tensi\u00f3n evidente, acordaron continuar las labores. La otra opci\u00f3n, el parate total, s\u00ed hubiera sido un golpe a la econom\u00eda regional y un perjuicio para todos.<\/p>\n\n\n\n<p>La presi\u00f3n sindical y la comprensi\u00f3n empresaria mejoraron un poco -no totalmente- las condiciones laborales. Hasta hoy mismo 25\/3, las delegaciones mendocinas del Sindicato de Obreros y Empleados de la Vitivinicultura de Argentina (Soeva) y las oficinas de Foeva segu\u00edan recibiendo denuncias de falta de medidas de seguridad sanitaria y de hacinamiento en los camiones y trafics que llevan a los cosechadores a las fincas. Pero ahora, seg\u00fan la dirigencia de Foeva, el problema central se traslad\u00f3 de la vi\u00f1a a la bodega, porque adentro de los establecimientos se est\u00e1 fraccionando vino, con una cantidad considerable de trabajadores concentrada en lugares cerrados.<\/p>\n\n\n\n<p>Para referirse al conflicto, el secretario general de Foeva, el rivadaviense Jos\u00e9 Antonio Arias, dialog\u00f3 con Enolife. \u00abNo hemos llegado a ning\u00fan acuerdo con los bodegueros -advirti\u00f3 desde el vamos-; nos hemos estado reuniendo, pero a\u00fan no hay ning\u00fan tipo de acuerdo\u00bb.<\/p>\n\n\n\n<div style=\"height:48px\" aria-hidden=\"true\" class=\"wp-block-spacer\"><\/div>\n\n\n\n<p class=\"has-medium-font-size\"><strong>\u00abNo hay necesidad de fraccionar justo ahora\u00bb<\/strong><\/p>\n\n\n\n<div style=\"height:20px\" aria-hidden=\"true\" class=\"wp-block-spacer\"><\/div>\n\n\n\n<p>\u00abLa intenci\u00f3n nuestra es que les den a los trabajadores todos los cuidados necesarios, y que la parte empresaria se haga realmente responsable\u00bb, manifest\u00f3 Arias. Y agreg\u00f3: \u00abHay una situaci\u00f3n de desidia de las empresas con respecto a la gente, los transportan en camiones sin mayores cuidados; ayer mismo hemos sido testigos, en Tunuy\u00e1n, de que los llevan en camiones llenos de gente, hacinados\u00bb. Y reflexion\u00f3: \u00abHay una realidad que tenemos que aceptar: es tan grande el universo de la vitivinicultura y las empresas en Mendoza, que no pod\u00e9s inspeccionar a todo el mundo, no pod\u00e9s vigilar en todos lados&#8230; Adem\u00e1s, nadie se esperaba esta situaci\u00f3n tan repentina\u00bb.<\/p>\n\n\n\n<div style=\"height:20px\" aria-hidden=\"true\" class=\"wp-block-spacer\"><\/div>\n\n\n\n<div class=\"wp-block-image\"><figure class=\"alignleft size-large is-resized\"><img loading=\"lazy\" decoding=\"async\" src=\"https:\/\/enolife.com.ar\/es\/wp-content\/uploads\/2020\/03\/image-47.png\" alt=\"\" class=\"wp-image-10188\" width=\"349\" height=\"273\" srcset=\"https:\/\/enolife.com.ar\/es\/wp-content\/uploads\/2020\/03\/image-47.png 411w, https:\/\/enolife.com.ar\/es\/wp-content\/uploads\/2020\/03\/image-47-300x236.png 300w\" sizes=\"auto, (max-width: 349px) 100vw, 349px\" \/><figcaption><strong><em>Antonio Arias<\/em><\/strong><\/figcaption><\/figure><\/div>\n\n\n\n<p>Luego Arias se refiri\u00f3 a otra situaci\u00f3n conflictiva que buscan resolver en di\u00e1logo con los empresarios: el fraccionamiento. \u00abAhora en las bodegas no hay necesidad de fraccionar -asegur\u00f3-, y est\u00e1n fraccionando igual&#8230; Entendemos que es necesario que el producto no se quede en el vi\u00f1edo, y que en la bodega se elabore inmediatamente, pero no hay necesidad de estar fraccionando justo ahora, y sin embargo est\u00e1n obligando a la gente a que fraccione, hay una postura desmedida de parte de los empresarios\u00bb. Y argument\u00f3: \u00abEl consumo est\u00e1 cayendo cada vez m\u00e1s, los supermercados tienen las g\u00f3ndolas llenas de vino, los dep\u00f3sitos de las bodegas est\u00e1n llenos de vino, as\u00ed que no urge el fraccionamiento, pero lo que quieren hacer igual porque saben que esto va para largo\u00bb.<\/p>\n\n\n\n<p>Finalmente, Arias se refiri\u00f3 a un tema cr\u00edtico: el ingreso de los cosechadores y de los trabajadores de bodega. \u00abEl tema de las paritarias -cont\u00f3- todav\u00eda est\u00e1 abierto, sin definir; est\u00e1bamos preparando una reuni\u00f3n para cerrar los n\u00fameros y justo empez\u00f3 la emergencia de la pandemia, as\u00ed que bueno, el Ministerio de Trabajo pidi\u00f3 que nos reuni\u00e9ramos fuera del \u00e1mbito de gobierno y la reuni\u00f3n ha pasado para m\u00e1s adelante&#8230; Est\u00e1 faltando una reuni\u00f3n para cerrar, as\u00ed que esperamos llegar a buen t\u00e9rmino cuando pase esta situaci\u00f3n. Y aclar\u00f3 Arias: \u00abCuando esto se acuerde, los aumentos se har\u00e1n retroactivos a marzo o abril, porque los acuerdos van de a\u00f1o a a\u00f1o y el acuerdo del a\u00f1o pasado termin\u00f3 en febrero\u00bb.<\/p>\n\n\n\n<p>Por \u00faltimo, volviendo al tema de la seguridad laboral por la emergencia sanitaria, Arias grafic\u00f3: \u00abEsto es una guerra, y en cualquier momento le puede caer una bala a cualquiera\u00bb.<\/p>\n\n\n\n<div style=\"height:41px\" aria-hidden=\"true\" class=\"wp-block-spacer\"><\/div>\n","protected":false},"excerpt":{"rendered":"<p>La cosecha avanza pese a los problemas que enfrentan los trabajadores en las vi\u00f1as por&hellip;<\/p>\n","protected":false},"author":3,"featured_media":10187,"comment_status":"open","ping_status":"open","sticky":false,"template":"","format":"standard","meta":{"footnotes":""},"categories":[14],"tags":[],"class_list":["post-10147","post","type-post","status-publish","format-standard","has-post-thumbnail","hentry","category-news"],"_links":{"self":[{"href":"https:\/\/enolife.com.ar\/es\/wp-json\/wp\/v2\/posts\/10147","targetHints":{"allow":["GET"]}}],"collection":[{"href":"https:\/\/enolife.com.ar\/es\/wp-json\/wp\/v2\/posts"}],"about":[{"href":"https:\/\/enolife.com.ar\/es\/wp-json\/wp\/v2\/types\/post"}],"author":[{"embeddable":true,"href":"https:\/\/enolife.com.ar\/es\/wp-json\/wp\/v2\/users\/3"}],"replies":[{"embeddable":true,"href":"https:\/\/enolife.com.ar\/es\/wp-json\/wp\/v2\/comments?post=10147"}],"version-history":[{"count":0,"href":"https:\/\/enolife.com.ar\/es\/wp-json\/wp\/v2\/posts\/10147\/revisions"}],"wp:featuredmedia":[{"embeddable":true,"href":"https:\/\/enolife.com.ar\/es\/wp-json\/wp\/v2\/media\/10187"}],"wp:attachment":[{"href":"https:\/\/enolife.com.ar\/es\/wp-json\/wp\/v2\/media?parent=10147"}],"wp:term":[{"taxonomy":"category","embeddable":true,"href":"https:\/\/enolife.com.ar\/es\/wp-json\/wp\/v2\/categories?post=10147"},{"taxonomy":"post_tag","embeddable":true,"href":"https:\/\/enolife.com.ar\/es\/wp-json\/wp\/v2\/tags?post=10147"}],"curies":[{"name":"wp","href":"https:\/\/api.w.org\/{rel}","templated":true}]}}