{"id":101275,"date":"2023-09-19T01:35:20","date_gmt":"2023-09-19T01:35:20","guid":{"rendered":"https:\/\/enolife.com.ar\/es\/?p=101275"},"modified":"2023-09-20T02:38:32","modified_gmt":"2023-09-20T02:38:32","slug":"expo-sitevinitech-2024-incluira-premios-a-la-innovacion-y-los-concursos-vinandino-y-malbec-al-mundo","status":"publish","type":"post","link":"https:\/\/enolife.com.ar\/es\/expo-sitevinitech-2024-incluira-premios-a-la-innovacion-y-los-concursos-vinandino-y-malbec-al-mundo\/","title":{"rendered":"Expo Sitevinitech 2024 incluir\u00e1 premios a la innovaci\u00f3n y los concursos Vinandino y Malbec al Mundo"},"content":{"rendered":"\n<h4 class=\"wp-block-heading\"><em><strong>Del 15 al 17 de mayo de 2024, en el complejo Nave Cultural-Nave Universitaria del Parque Central en la Capital de Mendoza, se volver\u00e1 a realizar, luego de 2 a\u00f1os y medio, la ya tradicional Exposici\u00f3n Sitevinitech, un espacio que permite conocer las novedades de la industria vitivin\u00edcola argentina y global, acercar a las empresas con sus clientes y concretar negocios.<\/strong><\/em> <\/h4>\n\n\n\n<div style=\"height:35px\" aria-hidden=\"true\" class=\"wp-block-spacer\"><\/div>\n\n\n<a href=\"https:\/\/www.instagram.com\/vinventions.sudamerica\/\" aria-label=\"Banner_Subr_1700x500\"><img loading=\"lazy\" decoding=\"async\" src=\"https:\/\/enolife.com.ar\/es\/wp-content\/uploads\/2019\/07\/Banner_Subr_1700x500.gif\" alt=\"\"  width=\"1700\" height=\"501\"   \/><\/a>\n\n\n<div style=\"height:45px\" aria-hidden=\"true\" class=\"wp-block-spacer\"><\/div>\n\n\n\n<p>La organizaci\u00f3n de la <strong>Exposici\u00f3n Sitevinitech<\/strong> confirm\u00f3 recientemente que el encuentro se realizar\u00e1 en Mendoza durante 3 jornadas, <strong>del 15 al 17 de mayo de 2024<\/strong>. La presentaci\u00f3n oficial de la actividad se realiz\u00f3 el jueves 14 de setiembre en el <strong>Espacio Lodo<\/strong> de Luj\u00e1n, Mendoza, y estuvo a cargo del director general de Sitevinitech, Arturo Yaci\u00f3fano, quien estuvo acompa\u00f1ado de funcionarios de gobierno y representantes de empresas de la industria.<\/p>\n\n\n\n<div style=\"height:30px\" aria-hidden=\"true\" class=\"wp-block-spacer\"><\/div>\n\n\n<div class=\"wp-block-image\">\n<figure class=\"aligncenter size-full is-resized\"><a href=\"https:\/\/enolife.com.ar\/es\/wp-content\/uploads\/2023\/09\/Juan-Zaniuk-Arturo-Yaciofano-Luis-Steindl-y-Massimo-Nanni-.jpg\" data-rel=\"penci-gallery-image-content\" ><img loading=\"lazy\" decoding=\"async\" src=\"https:\/\/enolife.com.ar\/es\/wp-content\/uploads\/2023\/09\/Juan-Zaniuk-Arturo-Yaciofano-Luis-Steindl-y-Massimo-Nanni-.jpg\" alt=\"\" class=\"wp-image-101528\" width=\"499\" height=\"425\" srcset=\"https:\/\/enolife.com.ar\/es\/wp-content\/uploads\/2023\/09\/Juan-Zaniuk-Arturo-Yaciofano-Luis-Steindl-y-Massimo-Nanni-.jpg 485w, https:\/\/enolife.com.ar\/es\/wp-content\/uploads\/2023\/09\/Juan-Zaniuk-Arturo-Yaciofano-Luis-Steindl-y-Massimo-Nanni--300x255.jpg 300w\" sizes=\"auto, (max-width: 499px) 100vw, 499px\" \/><\/a><figcaption class=\"wp-element-caption\"><em><strong>Arturo Yaci\u00f3fano, Luis Steindl y Massimo Nanni (Della Toffola). <\/strong><\/em><\/figcaption><\/figure><\/div>\n\n<div class=\"wp-block-image\">\n<figure class=\"aligncenter size-full\"><a href=\"https:\/\/enolife.com.ar\/es\/wp-content\/uploads\/2023\/09\/Andres-Belinsky-Alejandro-Rodriguez-de-Vinventionsy-Eduardo-Castellino.jpg\" data-rel=\"penci-gallery-image-content\" ><img loading=\"lazy\" decoding=\"async\" width=\"500\" height=\"652\" src=\"https:\/\/enolife.com.ar\/es\/wp-content\/uploads\/2023\/09\/Andres-Belinsky-Alejandro-Rodriguez-de-Vinventionsy-Eduardo-Castellino.jpg\" alt=\"\" class=\"wp-image-101531\" srcset=\"https:\/\/enolife.com.ar\/es\/wp-content\/uploads\/2023\/09\/Andres-Belinsky-Alejandro-Rodriguez-de-Vinventionsy-Eduardo-Castellino.jpg 500w, https:\/\/enolife.com.ar\/es\/wp-content\/uploads\/2023\/09\/Andres-Belinsky-Alejandro-Rodriguez-de-Vinventionsy-Eduardo-Castellino-230x300.jpg 230w\" sizes=\"auto, (max-width: 500px) 100vw, 500px\" \/><\/a><figcaption class=\"wp-element-caption\"><em><strong>Andres Belinsky, Alejandro Rodriguez (Vinventions) y Eduardo Castellino (Sitevinitech)<\/strong><\/em>.<\/figcaption><\/figure><\/div>\n\n<div class=\"wp-block-image\">\n<figure class=\"aligncenter size-full is-resized\"><a href=\"https:\/\/enolife.com.ar\/es\/wp-content\/uploads\/2023\/09\/Juan-Arizu-Magdalena-Pesce-Gustavo-Navarro-y-Miguel-Codatto.jpg\" data-rel=\"penci-gallery-image-content\" ><img loading=\"lazy\" decoding=\"async\" src=\"https:\/\/enolife.com.ar\/es\/wp-content\/uploads\/2023\/09\/Juan-Arizu-Magdalena-Pesce-Gustavo-Navarro-y-Miguel-Codatto.jpg\" alt=\"\" class=\"wp-image-101529\" width=\"513\" height=\"434\" srcset=\"https:\/\/enolife.com.ar\/es\/wp-content\/uploads\/2023\/09\/Juan-Arizu-Magdalena-Pesce-Gustavo-Navarro-y-Miguel-Codatto.jpg 591w, https:\/\/enolife.com.ar\/es\/wp-content\/uploads\/2023\/09\/Juan-Arizu-Magdalena-Pesce-Gustavo-Navarro-y-Miguel-Codatto-300x254.jpg 300w, https:\/\/enolife.com.ar\/es\/wp-content\/uploads\/2023\/09\/Juan-Arizu-Magdalena-Pesce-Gustavo-Navarro-y-Miguel-Codatto-585x495.jpg 585w\" sizes=\"auto, (max-width: 513px) 100vw, 513px\" \/><\/a><figcaption class=\"wp-element-caption\"><em><strong>Juan Arizu (Della Toffola), Magdalena Pesce (Wofa), Gustavo Navarro y Miguel Codatto (Consejo Profesional de Graduados en Enolog\u00eda de Mendoza)<\/strong><\/em>.<\/figcaption><\/figure><\/div>\n\n<div class=\"wp-block-image\">\n<figure class=\"aligncenter size-full is-resized\"><a href=\"https:\/\/enolife.com.ar\/es\/wp-content\/uploads\/2023\/09\/Julio-Chretien-y-Milton-kuret-de-Bodegas-de-Argentina-1.jpg\" data-rel=\"penci-gallery-image-content\" ><img loading=\"lazy\" decoding=\"async\" src=\"https:\/\/enolife.com.ar\/es\/wp-content\/uploads\/2023\/09\/Julio-Chretien-y-Milton-kuret-de-Bodegas-de-Argentina-1.jpg\" alt=\"\" class=\"wp-image-101534\" width=\"530\" height=\"491\" srcset=\"https:\/\/enolife.com.ar\/es\/wp-content\/uploads\/2023\/09\/Julio-Chretien-y-Milton-kuret-de-Bodegas-de-Argentina-1.jpg 540w, https:\/\/enolife.com.ar\/es\/wp-content\/uploads\/2023\/09\/Julio-Chretien-y-Milton-kuret-de-Bodegas-de-Argentina-1-300x278.jpg 300w\" sizes=\"auto, (max-width: 530px) 100vw, 530px\" \/><\/a><figcaption class=\"wp-element-caption\"><em><strong>Julio Chretien y Milton Kuret (Bodegas de Argentina). <\/strong><\/em><\/figcaption><\/figure><\/div>\n\n\n<div style=\"height:30px\" aria-hidden=\"true\" class=\"wp-block-spacer\"><\/div>\n\n\n\n<p>La Sitevinitech vuelve a escena luego de un intervalo desde noviembre de 2021, cuando tuvo lugar en los mismos escenarios del Parque Central de Mendoza. All\u00ed, seg\u00fan anticiparon los organizadores, los asistentes tendr\u00e1n la oportunidad de explorar las \u00faltimas tendencias en tecnolog\u00eda vitivin\u00edcola y las novedad del agro en general, descubrir las innovaciones de los expositores y participar en conferencias y talleres.<\/p>\n\n\n\n<div style=\"height:30px\" aria-hidden=\"true\" class=\"wp-block-spacer\"><\/div>\n\n\n<div class=\"wp-block-image\">\n<figure class=\"aligncenter size-full is-resized\"><a href=\"https:\/\/enolife.com.ar\/es\/wp-content\/uploads\/2023\/09\/Juan-Sobrino-de-ARPEX-y-Danilo-Ingrassia-INTI.jpg\" data-rel=\"penci-gallery-image-content\" ><img loading=\"lazy\" decoding=\"async\" src=\"https:\/\/enolife.com.ar\/es\/wp-content\/uploads\/2023\/09\/Juan-Sobrino-de-ARPEX-y-Danilo-Ingrassia-INTI.jpg\" alt=\"\" class=\"wp-image-101530\" width=\"526\" height=\"373\" srcset=\"https:\/\/enolife.com.ar\/es\/wp-content\/uploads\/2023\/09\/Juan-Sobrino-de-ARPEX-y-Danilo-Ingrassia-INTI.jpg 634w, https:\/\/enolife.com.ar\/es\/wp-content\/uploads\/2023\/09\/Juan-Sobrino-de-ARPEX-y-Danilo-Ingrassia-INTI-300x213.jpg 300w, https:\/\/enolife.com.ar\/es\/wp-content\/uploads\/2023\/09\/Juan-Sobrino-de-ARPEX-y-Danilo-Ingrassia-INTI-585x415.jpg 585w\" sizes=\"auto, (max-width: 526px) 100vw, 526px\" \/><\/a><figcaption class=\"wp-element-caption\"><em><strong>Juan Sobrino (Arpex) y Danilo Ingrassia (INTI). <\/strong><\/em><\/figcaption><\/figure><\/div>\n\n<div class=\"wp-block-image\">\n<figure class=\"aligncenter size-full is-resized\"><a href=\"https:\/\/enolife.com.ar\/es\/wp-content\/uploads\/2023\/09\/Roberto-Burgos-de-Espacio-Lodo-Juan-Chirca-y-Martin-Sanchez-de-Agromaq-Virdo.jpg\" data-rel=\"penci-gallery-image-content\" ><img loading=\"lazy\" decoding=\"async\" src=\"https:\/\/enolife.com.ar\/es\/wp-content\/uploads\/2023\/09\/Roberto-Burgos-de-Espacio-Lodo-Juan-Chirca-y-Martin-Sanchez-de-Agromaq-Virdo.jpg\" alt=\"\" class=\"wp-image-101535\" width=\"537\" height=\"428\" srcset=\"https:\/\/enolife.com.ar\/es\/wp-content\/uploads\/2023\/09\/Roberto-Burgos-de-Espacio-Lodo-Juan-Chirca-y-Martin-Sanchez-de-Agromaq-Virdo.jpg 627w, https:\/\/enolife.com.ar\/es\/wp-content\/uploads\/2023\/09\/Roberto-Burgos-de-Espacio-Lodo-Juan-Chirca-y-Martin-Sanchez-de-Agromaq-Virdo-300x239.jpg 300w, https:\/\/enolife.com.ar\/es\/wp-content\/uploads\/2023\/09\/Roberto-Burgos-de-Espacio-Lodo-Juan-Chirca-y-Martin-Sanchez-de-Agromaq-Virdo-585x467.jpg 585w\" sizes=\"auto, (max-width: 537px) 100vw, 537px\" \/><\/a><figcaption class=\"wp-element-caption\"><em><strong>Roberto Burgos (Espacio Lodo), Juan Chirca (Chirca OVC) y Martin S\u00e1nchez (Agromaq Vird\u00f3). <\/strong><\/em><\/figcaption><\/figure><\/div>\n\n\n<div style=\"height:24px\" aria-hidden=\"true\" class=\"wp-block-spacer\"><\/div>\n\n\n\n<p class=\"has-background\" style=\"background-color:#abb7c240\"><strong>C\u00f3mo exponer en Sitevinitech<\/strong><br><br>Para unirse a esta experiencia, los interesados pueden obtener m\u00e1s informaci\u00f3n en el sitio web oficial del evento: <a href=\"http:\/\/www.sitevinitech.com.ar\/\"><strong>www.sitevinitech.com.ar<\/strong><\/a>. Se recomienda asegurar la participaci\u00f3n con suficiente antelaci\u00f3n, dado que se prev\u00e9 una asistencia significativa.<\/p>\n\n\n\n<div style=\"height:30px\" aria-hidden=\"true\" class=\"wp-block-spacer\"><\/div>\n\n\n<div class=\"wp-block-image\">\n<figure class=\"aligncenter size-full is-resized\"><a href=\"https:\/\/enolife.com.ar\/es\/wp-content\/uploads\/2023\/09\/Equipo-SITEVINITECH.jpg\" data-rel=\"penci-gallery-image-content\" ><img loading=\"lazy\" decoding=\"async\" src=\"https:\/\/enolife.com.ar\/es\/wp-content\/uploads\/2023\/09\/Equipo-SITEVINITECH.jpg\" alt=\"\" class=\"wp-image-101542\" width=\"698\" height=\"414\" srcset=\"https:\/\/enolife.com.ar\/es\/wp-content\/uploads\/2023\/09\/Equipo-SITEVINITECH.jpg 842w, https:\/\/enolife.com.ar\/es\/wp-content\/uploads\/2023\/09\/Equipo-SITEVINITECH-300x178.jpg 300w, https:\/\/enolife.com.ar\/es\/wp-content\/uploads\/2023\/09\/Equipo-SITEVINITECH-768x456.jpg 768w, https:\/\/enolife.com.ar\/es\/wp-content\/uploads\/2023\/09\/Equipo-SITEVINITECH-585x347.jpg 585w\" sizes=\"auto, (max-width: 698px) 100vw, 698px\" \/><\/a><figcaption class=\"wp-element-caption\"><em><strong>Equipo Sitevinitech: Andy Stoddart, Jorge Gulle, Arturo Yaci\u00f3fano, Cecilia Flores, Bel\u00e9n Graffigna, Eduardo Castellino Gago, Juan Zaniuk, Arturo Yaci\u00f3fano (hijo), Diego Escayol y Rodrigo Baez<\/strong><\/em><\/figcaption><\/figure><\/div>\n\n\n<div style=\"height:30px\" aria-hidden=\"true\" class=\"wp-block-spacer\"><\/div>\n\n\n\n<p>Sitevinitech 2024 pondr\u00e1 foco en la innovaci\u00f3n y en la creaci\u00f3n de alianzas estrat\u00e9gicas, por lo cual se incluir\u00e1n m\u00faltiples colaboraciones, desde concursos de innovaci\u00f3n y sustentabilidad hasta premiaciones en cert\u00e1menes de renombre como <strong>Vinonandino<\/strong> y <strong>Malbec al Mundo<\/strong>. Adem\u00e1s, se encamina el fortalecimiento de la relaci\u00f3n con <strong>Francia<\/strong> a trav\u00e9s de <strong>Vinitech-Sifel<\/strong>, feria madre, invitando a los expositores a participar con beneficios aprovechando la avanzada tecnolog\u00eda agr\u00edcola de <strong>Interco Aquitaine<\/strong> y abriendo oportunidades en el mercado europeo para las empresas argentinas.<\/p>\n\n\n\n<div style=\"height:30px\" aria-hidden=\"true\" class=\"wp-block-spacer\"><\/div>\n","protected":false},"excerpt":{"rendered":"<p>Del 15 al 17 de mayo de 2024, en el complejo Nave Cultural-Nave Universitaria del&hellip;<\/p>\n","protected":false},"author":3,"featured_media":101546,"comment_status":"open","ping_status":"open","sticky":false,"template":"","format":"standard","meta":{"footnotes":""},"categories":[10],"tags":[],"class_list":["post-101275","post","type-post","status-publish","format-standard","has-post-thumbnail","hentry","category-ferias"],"_links":{"self":[{"href":"https:\/\/enolife.com.ar\/es\/wp-json\/wp\/v2\/posts\/101275","targetHints":{"allow":["GET"]}}],"collection":[{"href":"https:\/\/enolife.com.ar\/es\/wp-json\/wp\/v2\/posts"}],"about":[{"href":"https:\/\/enolife.com.ar\/es\/wp-json\/wp\/v2\/types\/post"}],"author":[{"embeddable":true,"href":"https:\/\/enolife.com.ar\/es\/wp-json\/wp\/v2\/users\/3"}],"replies":[{"embeddable":true,"href":"https:\/\/enolife.com.ar\/es\/wp-json\/wp\/v2\/comments?post=101275"}],"version-history":[{"count":0,"href":"https:\/\/enolife.com.ar\/es\/wp-json\/wp\/v2\/posts\/101275\/revisions"}],"wp:featuredmedia":[{"embeddable":true,"href":"https:\/\/enolife.com.ar\/es\/wp-json\/wp\/v2\/media\/101546"}],"wp:attachment":[{"href":"https:\/\/enolife.com.ar\/es\/wp-json\/wp\/v2\/media?parent=101275"}],"wp:term":[{"taxonomy":"category","embeddable":true,"href":"https:\/\/enolife.com.ar\/es\/wp-json\/wp\/v2\/categories?post=101275"},{"taxonomy":"post_tag","embeddable":true,"href":"https:\/\/enolife.com.ar\/es\/wp-json\/wp\/v2\/tags?post=101275"}],"curies":[{"name":"wp","href":"https:\/\/api.w.org\/{rel}","templated":true}]}}