{"id":101155,"date":"2023-09-15T17:56:25","date_gmt":"2023-09-15T17:56:25","guid":{"rendered":"https:\/\/enolife.com.ar\/es\/?p=101155"},"modified":"2023-09-18T22:53:57","modified_gmt":"2023-09-18T22:53:57","slug":"acovi-pidio-a-los-candidatos-a-gobernador-soluciones-ante-la-sequia-inseguridad-y-costos-en-alza","status":"publish","type":"post","link":"https:\/\/enolife.com.ar\/es\/acovi-pidio-a-los-candidatos-a-gobernador-soluciones-ante-la-sequia-inseguridad-y-costos-en-alza\/","title":{"rendered":"Acovi pidi\u00f3 a los candidatos a gobernador soluciones ante la sequ\u00eda, inseguridad y costos en alza"},"content":{"rendered":"\n<h4 class=\"wp-block-heading\"><em><strong>La&nbsp;Asociaci\u00f3n de Cooperativas Vitivin\u00edcolas (Acovi) ha mantenido recientes reuniones con los principales candidatos a gobernador de la provincia de Mendoza -Alfredo Cornejo (radical), Omar de Marchi (dem\u00f3crata, Uni\u00f3n Mendocina) y Omar Parisi (peronista)- para plantearles las inquietudes manifestadas por sus productores y presentarles propuestas para enfrentar la crisis h\u00eddrica, los altos costos de la energ\u00eda, la inseguridad rural, la falta de conectividad en el campo, la necesidad de transformaci\u00f3n digital, el desarraigo, el desinter\u00e9s generacional, la falta de capacitaci\u00f3n en trabajadores agrarios y los da\u00f1os que provoca la plaga polilla de la vid.<\/strong><\/em><\/h4>\n\n\n\n<div style=\"height:35px\" aria-hidden=\"true\" class=\"wp-block-spacer\"><\/div>\n\n\n\n\n\n<div style=\"height:45px\" aria-hidden=\"true\" class=\"wp-block-spacer\"><\/div>\n\n\n\n<p>El presidente de Acovi,&nbsp;<strong>Fabi\u00e1n Ruggeri<\/strong>,&nbsp;recibi\u00f3 entre el 31\/8 y el 13\/9 a los candidatos&nbsp;a gobernador de la provincia de Mendoza para las pr\u00f3ximas elecciones del 24\/9, <strong>Alfredo Cornejo (radical, Frente Cambia Mendoza), Omar De Marchi (dem\u00f3crata, Uni\u00f3n Mendocina)<\/strong> y <strong>Omar Parisi<\/strong> <strong>(peronista, Frente Eleg\u00ed Mendoza)<\/strong>. Durante los encuentros, los postulantes al cargo de mandatario fueron interiorizados acerca de los ejes de acci\u00f3n estructurales para el desarrollo de la vitivinicultura que lleva a cabo&nbsp;la entidad, tanto en materia h\u00eddrica, energ\u00e9tica, conectividad, lobesia, entre otros. Adem\u00e1s se mostraron algunos datos de un relevamiento interno de la entidad donde la principal preocupaci\u00f3n de los productores radic\u00f3 en el financiamiento, la falta de obras h\u00eddricas.<\/p>\n\n\n\n<p>En este contexto, Acovi present\u00f3 un documento con propuestas y como agenda para la continuidad de futuras acciones pol\u00edticas, en el cual se reflej\u00f3 la situaci\u00f3n actual de la vitivinicultura en la provincia. <\/p>\n\n\n\n<p><strong>Ruggeri <\/strong>manifest\u00f3 a los candidatos que <em>\u201cla mejora de la infraestructura h\u00eddrica es primordial para nosotros, hay varias propuestas para ejecutar. Otro de los temas que interpelan al sector es la lucha contra la lobesia, tenemos la necesidad de adquirir los fondos\u201d.<\/em><\/p>\n\n\n\n<p>Por su parte, <strong>Alfredo Cornejo<\/strong>, hizo \u00e9nfasis en la capacidad que tiene la provincia para producir: <em>\u201cTenemos todo para hacer m\u00e1s de lo que hacemos, podemos exportar el doble de vinos y todo esto en un corto plazo. Con un orden macroecon\u00f3mico Mendoza puede crecer m\u00e1s<\/em>\u201d. Y agreg\u00f3: <em>\u201cHay propuestas importantes para la mejora de los caminos rurales, conectividad rural y tambi\u00e9n para prevenir los delitos rurales; las tomamos para trabajarlas con nuestros equipos t\u00e9cnicos\u201c<\/em>.<\/p>\n\n\n\n<div style=\"height:30px\" aria-hidden=\"true\" class=\"wp-block-spacer\"><\/div>\n\n\n<div class=\"wp-block-image\">\n<figure class=\"aligncenter size-full is-resized\"><a href=\"https:\/\/enolife.com.ar\/es\/wp-content\/uploads\/2023\/09\/MG_0275-1536x1024-1.jpg\" data-rel=\"penci-gallery-image-content\" ><img loading=\"lazy\" decoding=\"async\" src=\"https:\/\/enolife.com.ar\/es\/wp-content\/uploads\/2023\/09\/MG_0275-1536x1024-1.jpg\" alt=\"\" class=\"wp-image-101246\" width=\"613\" height=\"417\" srcset=\"https:\/\/enolife.com.ar\/es\/wp-content\/uploads\/2023\/09\/MG_0275-1536x1024-1.jpg 735w, https:\/\/enolife.com.ar\/es\/wp-content\/uploads\/2023\/09\/MG_0275-1536x1024-1-300x204.jpg 300w, https:\/\/enolife.com.ar\/es\/wp-content\/uploads\/2023\/09\/MG_0275-1536x1024-1-585x398.jpg 585w\" sizes=\"auto, (max-width: 613px) 100vw, 613px\" \/><\/a><figcaption class=\"wp-element-caption\"><em><strong>Reuni\u00f3n con Alfredo Cornejo y su equipo<\/strong><\/em>.<\/figcaption><\/figure><\/div>\n\n\n<div style=\"height:30px\" aria-hidden=\"true\" class=\"wp-block-spacer\"><\/div>\n\n\n\n<p>A su turno, el candidato de la <strong>Uni\u00f3n Mendocina, Omar De Marchi<\/strong>, remarc\u00f3 los temas centrales para la producci\u00f3n a tratar en su gesti\u00f3n: <em>\u201cEl tema h\u00eddrico es central para el sector vitivin\u00edcola, y hoy en d\u00eda tiene varios obst\u00e1culos que hay destrabarlos. Buscaremos generar pol\u00edticas activas para la ruralidad, invertir en infraestructura, conectividad y dem\u00e1s\u201d<\/em>. Respecto a las exportaciones, asever\u00f3: <em>\u201cHay que encontrar las estrategias para vender m\u00e1s vino, exportar m\u00e1s, hoy se exporta muy poco. Son muchos los desaf\u00edos, y tendremos esto como eje principal en nuestra gesti\u00f3n\u201d<\/em>.<\/p>\n\n\n\n<div style=\"height:30px\" aria-hidden=\"true\" class=\"wp-block-spacer\"><\/div>\n\n\n<div class=\"wp-block-image\">\n<figure class=\"aligncenter size-full is-resized\"><a href=\"https:\/\/enolife.com.ar\/es\/wp-content\/uploads\/2023\/09\/F48WXrZWYAAUsOP.jpg\" data-rel=\"penci-gallery-image-content\" ><img loading=\"lazy\" decoding=\"async\" src=\"https:\/\/enolife.com.ar\/es\/wp-content\/uploads\/2023\/09\/F48WXrZWYAAUsOP.jpg\" alt=\"\" class=\"wp-image-101247\" width=\"628\" height=\"387\" srcset=\"https:\/\/enolife.com.ar\/es\/wp-content\/uploads\/2023\/09\/F48WXrZWYAAUsOP.jpg 811w, https:\/\/enolife.com.ar\/es\/wp-content\/uploads\/2023\/09\/F48WXrZWYAAUsOP-300x185.jpg 300w, https:\/\/enolife.com.ar\/es\/wp-content\/uploads\/2023\/09\/F48WXrZWYAAUsOP-768x473.jpg 768w, https:\/\/enolife.com.ar\/es\/wp-content\/uploads\/2023\/09\/F48WXrZWYAAUsOP-585x361.jpg 585w\" sizes=\"auto, (max-width: 628px) 100vw, 628px\" \/><\/a><figcaption class=\"wp-element-caption\"><em><strong>Omar De Marchi y equipo en las oficinas de Acovi<\/strong><\/em>.<\/figcaption><\/figure><\/div>\n\n\n<div style=\"height:30px\" aria-hidden=\"true\" class=\"wp-block-spacer\"><\/div>\n\n\n\n<p>Durante su encuentro, el candidato <strong>Omar Parisi<\/strong>, declar\u00f3: <em>\u201cTenemos muchos puntos en com\u00fan con Acovi, sobre todo en lo que es tecnificaci\u00f3n de riego y obras h\u00eddricas. El sector p\u00fablico debe darle un acompa\u00f1amiento permanente al sector privado, podemos mejorar en muchos aspectos\u201d<\/em>.<\/p>\n\n\n\n<div style=\"height:30px\" aria-hidden=\"true\" class=\"wp-block-spacer\"><\/div>\n\n\n<div class=\"wp-block-image\">\n<figure class=\"aligncenter size-full is-resized\"><a href=\"https:\/\/enolife.com.ar\/es\/wp-content\/uploads\/2023\/09\/F57qKL1XsAAum1H.jpg\" data-rel=\"penci-gallery-image-content\" ><img loading=\"lazy\" decoding=\"async\" src=\"https:\/\/enolife.com.ar\/es\/wp-content\/uploads\/2023\/09\/F57qKL1XsAAum1H.jpg\" alt=\"\" class=\"wp-image-101248\" width=\"647\" height=\"374\" srcset=\"https:\/\/enolife.com.ar\/es\/wp-content\/uploads\/2023\/09\/F57qKL1XsAAum1H.jpg 863w, https:\/\/enolife.com.ar\/es\/wp-content\/uploads\/2023\/09\/F57qKL1XsAAum1H-300x174.jpg 300w, https:\/\/enolife.com.ar\/es\/wp-content\/uploads\/2023\/09\/F57qKL1XsAAum1H-768x445.jpg 768w, https:\/\/enolife.com.ar\/es\/wp-content\/uploads\/2023\/09\/F57qKL1XsAAum1H-585x339.jpg 585w\" sizes=\"auto, (max-width: 647px) 100vw, 647px\" \/><\/a><figcaption class=\"wp-element-caption\"><strong><em>La reuni\u00f3n con el equipo de Frente Eleg\u00ed Mendoza, con Lucas Ilardo, Omar Parisi, Mart\u00edn Hinojosa y el directorio de Acovi<\/em>.<\/strong><\/figcaption><\/figure><\/div>\n\n\n<div style=\"height:35px\" aria-hidden=\"true\" class=\"wp-block-spacer\"><\/div>\n\n\n\n<p class=\"has-medium-font-size\"><strong>Propuestas de Acovi<\/strong><\/p>\n\n\n\n<p>Las propuestas est\u00e1n basadas en relevamientos realizados por la entidad con diferentes t\u00f3picos a sus productores asociados.<\/p>\n\n\n\n<p class=\"has-background\" style=\"background-color:#abb7c254\"><strong>Desarrollo h\u00eddrico y energ\u00e9tico<\/strong><\/p>\n\n\n\n<p>Es el t\u00f3pico que m\u00e1s preocupaci\u00f3n genera, el 70% de los productores relevados afirm\u00f3 que ha realizado inversiones intra finca para mejorar su eficiencia en el uso del recurso. Con el fin de generar alternativas de pol\u00edticas h\u00eddricas para el mejoramiento de la disponibilidad del recurso propone:<\/p>\n\n\n\n<p>1) Desarrollo de un Plan de acci\u00f3n para el corto y mediano plazo.<\/p>\n\n\n\n<p>2) Creaci\u00f3n de un banco de proyectos de obras estrat\u00e9gicas por oasis.<\/p>\n\n\n\n<p>3) Financiamiento para infraestructura h\u00eddrica:<\/p>\n\n\n\n<ul class=\"wp-block-list\">\n<li>Posibilidad de generar un Fideicomiso de afectaci\u00f3n espec\u00edfica con el fin de realizar obras estrat\u00e9gicas como el Trasvase del R\u00edo Grande por la cuenca alta del R\u00edo Atuel m\u00e1s las obras complementarias y que busquen el mejoramiento de la distribuci\u00f3n y aprovechamiento del uso h\u00eddrico. Adem\u00e1s, este fondo podr\u00eda ser nutrido por una parte de las regal\u00edas petroleras, hidroel\u00e9ctricas y mineras; Fondos Portezuelo y aportes del Gobierno Nacional; siendo tambi\u00e9n una herramienta de apalancamiento para la b\u00fasqueda y potenciaci\u00f3n de cr\u00e9ditos externos.<\/li>\n\n\n\n<li>Inspecciones como sujetos de cr\u00e9dito del Fondo de la Transformaci\u00f3n y organismos de financiamiento.<\/li>\n<\/ul>\n\n\n\n<div style=\"height:30px\" aria-hidden=\"true\" class=\"wp-block-spacer\"><\/div>\n\n\n<div class=\"wp-block-image\">\n<figure class=\"aligncenter size-full is-resized\"><a href=\"https:\/\/enolife.com.ar\/es\/wp-content\/uploads\/2023\/09\/Imagen1-9.jpg\" data-rel=\"penci-gallery-image-content\" ><img loading=\"lazy\" decoding=\"async\" src=\"https:\/\/enolife.com.ar\/es\/wp-content\/uploads\/2023\/09\/Imagen1-9.jpg\" alt=\"\" class=\"wp-image-101211\" width=\"576\" height=\"351\" srcset=\"https:\/\/enolife.com.ar\/es\/wp-content\/uploads\/2023\/09\/Imagen1-9.jpg 608w, https:\/\/enolife.com.ar\/es\/wp-content\/uploads\/2023\/09\/Imagen1-9-300x183.jpg 300w, https:\/\/enolife.com.ar\/es\/wp-content\/uploads\/2023\/09\/Imagen1-9-585x356.jpg 585w\" sizes=\"auto, (max-width: 576px) 100vw, 576px\" \/><\/a><\/figure><\/div>\n\n\n<div style=\"height:30px\" aria-hidden=\"true\" class=\"wp-block-spacer\"><\/div>\n\n\n\n<p>El problema de la sequ\u00eda, trajo aparejado un incremento del uso de energ\u00eda con el objeto de cubrir los requerimientos de riego con extracci\u00f3n de agua subterr\u00e1nea. De este modo la factura de la categor\u00eda de Riego Agr\u00edcola est\u00e1 compuesta por Consumo de Energ\u00eda en Alta (21%), Consumo de Energ\u00eda en Baja (80%), Impuestos y Contribuciones (29%), sumando el 131% del total de la factura y el Subsidio Espec\u00edfico que representa un descuento del 31% del monto final de la factura.<\/p>\n\n\n\n<div style=\"height:30px\" aria-hidden=\"true\" class=\"wp-block-spacer\"><\/div>\n\n\n<div class=\"wp-block-image\">\n<figure class=\"aligncenter size-full is-resized\"><a href=\"https:\/\/enolife.com.ar\/es\/wp-content\/uploads\/2023\/09\/Imagen2-5.jpg\" data-rel=\"penci-gallery-image-content\" ><img loading=\"lazy\" decoding=\"async\" src=\"https:\/\/enolife.com.ar\/es\/wp-content\/uploads\/2023\/09\/Imagen2-5.jpg\" alt=\"\" class=\"wp-image-101210\" width=\"533\" height=\"268\" srcset=\"https:\/\/enolife.com.ar\/es\/wp-content\/uploads\/2023\/09\/Imagen2-5.jpg 609w, https:\/\/enolife.com.ar\/es\/wp-content\/uploads\/2023\/09\/Imagen2-5-300x151.jpg 300w, https:\/\/enolife.com.ar\/es\/wp-content\/uploads\/2023\/09\/Imagen2-5-585x294.jpg 585w\" sizes=\"auto, (max-width: 533px) 100vw, 533px\" \/><\/a><\/figure><\/div>\n\n\n<div style=\"height:30px\" aria-hidden=\"true\" class=\"wp-block-spacer\"><\/div>\n\n\n\n<p>A modo ejemplo el caso de un usuario con consumo compensado entre septiembre y marzo de 27.800 kw\/h (75% del consumo anual) y un consumo de potencia de 17 KW, que en Agosto de 2022 pagaba unos $25.450. Se estima que el usuario del ejemplo pag\u00f3 en Agosto de 2023 un importe de $65.240, con lo cual el incremento acumulado del monto final de la factura entre Agosto de 2022 y Agosto de 2023 ser\u00e1 cercano al 156%. Ser\u00e1 vital llevar a cabo gestiones que permitan excluir del ajuste nacional al sector productivo de pymes de las econom\u00edas regionales que est\u00e1n tratando de sostener el motor de empleo del pa\u00eds.<\/p>\n\n\n\n<div style=\"height:30px\" aria-hidden=\"true\" class=\"wp-block-spacer\"><\/div>\n\n\n<div class=\"wp-block-image\">\n<figure class=\"aligncenter size-full is-resized\"><a href=\"https:\/\/enolife.com.ar\/es\/wp-content\/uploads\/2023\/09\/Imagen3-3.jpg\" data-rel=\"penci-gallery-image-content\" ><img loading=\"lazy\" decoding=\"async\" src=\"https:\/\/enolife.com.ar\/es\/wp-content\/uploads\/2023\/09\/Imagen3-3.jpg\" alt=\"\" class=\"wp-image-101215\" width=\"532\" height=\"325\" srcset=\"https:\/\/enolife.com.ar\/es\/wp-content\/uploads\/2023\/09\/Imagen3-3.jpg 568w, https:\/\/enolife.com.ar\/es\/wp-content\/uploads\/2023\/09\/Imagen3-3-300x183.jpg 300w\" sizes=\"auto, (max-width: 532px) 100vw, 532px\" \/><\/a><\/figure><\/div>\n\n\n<div style=\"height:30px\" aria-hidden=\"true\" class=\"wp-block-spacer\"><\/div>\n\n\n\n<p>Al respecto las propuestas presentadas fueron:<\/p>\n\n\n\n<p>1) Reducir la carga impositiva presente en la factura el\u00e9ctrica (Actualmente de cada $100 de facturaci\u00f3n en riego agr\u00edcola, m\u00e1s de $25 son impuestos), concretamente:<\/p>\n\n\n\n<ul class=\"wp-block-list\">\n<li>C\u00e1lculo de tasa de fiscalizaci\u00f3n y control y CCCE sobre subtotal b\u00e1sico sin IVA.<\/li>\n\n\n\n<li>Reducci\u00f3n de 25% en la al\u00edcuota de IVA (Contemplado en Art. 28 del Decreto 280\/97 y modificatorias).<\/li>\n<\/ul>\n\n\n\n<p>Se estima que todas estas medidas en conjunto generar\u00edan un ahorro anual de 10% para bodegas y 15% en riego agr\u00edcola.<\/p>\n\n\n\n<p>2) Es necesario un abordaje conjunto, planificado y proyectado del tema h\u00eddrico y energ\u00e9tico desde el Estado. Se requiere que los organismos p\u00fablicos competentes en la materia trabajen coordinadamente para orientar pol\u00edticas p\u00fablicas que busquen una mayor eficiencia h\u00eddrica y energ\u00e9tica para la producci\u00f3n. En relaci\u00f3n con esto creemos que debe trabajarse fuertemente en el fomento de cuestiones como la generaci\u00f3n distribuida en la producci\u00f3n primaria, construcci\u00f3n de reservorios, tecnificaci\u00f3n del riego, etc. Es necesario la reactivaci\u00f3n de pozos que se encuentren en desuso, como as\u00ed tambi\u00e9n promover opciones de financiamiento urgentes para la utilizaci\u00f3n conjunta de los pozos a trav\u00e9s de las inspecciones de cauce.<\/p>\n\n\n\n<p>3) Solicitar a las autoridades de la Secretar\u00eda de Energ\u00eda de la Naci\u00f3n que se modifique la segmentaci\u00f3n de los usuarios de riego agr\u00edcola implementada en la Resoluci\u00f3n SEN 54\/23, de manera de que el beneficio de dicha segmentaci\u00f3n pueda ser aprovechado por la mayor\u00eda de los productores de la provincia y de manera permanente. Para ello deber\u00edan modificarse los l\u00edmites establecidos para acceder a tales beneficios. Esto requiere un estudio conjunto previo entre la Secretar\u00eda de Servicios P\u00fablicos y el EPRE para elevar una propuesta que sea factible de ser implementada, aunque la misma deber\u00eda adecuarse a los l\u00edmites tarifarios impuestos en nuestra provincia de manera de facilitar su aplicaci\u00f3n en futuras modificaciones tarifarias.<\/p>\n\n\n\n<p>4) Rever el esquema de subsidios para riego agr\u00edcola de manera de eficientizar el uso de los fondos, dirigiendo los recursos principalmente a productores de baja escala y a aquellos que apuestan por una tecnificaci\u00f3n y eficiencia en el riego. Como asimismo la instrumentaci\u00f3n de programas de asesoramiento respecto de la correcta contrataci\u00f3n del servicio el\u00e9ctrico de dichos usuarios.<\/p>\n\n\n\n<p>5) Permitir la contrataci\u00f3n bimestral de potencia para bodegas. Esto permitir\u00eda que las bodegas puedan ajustar su contrataci\u00f3n a las caracter\u00edsticas propias del proceso productivo, el cual var\u00eda a\u00f1o a a\u00f1o, pudiendo alargarse, acortarse, adelantarse o retrasarse, con lo cual la potencia contratada se ajusta a la efectivamente demandada solo por casualidad.<\/p>\n\n\n\n<p>6) Difusi\u00f3n masiva del mecanismo de estabilizaci\u00f3n de la factura el\u00e9ctrica para RA y T2.<\/p>\n\n\n\n<p>7) Asistencia para el uso eficiente y correcto de los sistemas de riego y de bombeo. Organizar un Programa Permanente de Capacitaci\u00f3n a regantes de modo de garantizar resultados vinculados al uso racional de la energ\u00eda, a trav\u00e9s del cual, por ejemplo, sea posible identificar situaciones en las que se est\u00e9 realizando un uso significativamente superior de la energ\u00eda en alta, en relaci\u00f3n con el realizado en baja.<\/p>\n\n\n\n<div style=\"height:30px\" aria-hidden=\"true\" class=\"wp-block-spacer\"><\/div>\n\n\n<div class=\"wp-block-image\">\n<figure class=\"aligncenter size-full is-resized\"><a href=\"https:\/\/enolife.com.ar\/es\/wp-content\/uploads\/2023\/09\/Imagen4-2.jpg\" data-rel=\"penci-gallery-image-content\" ><img loading=\"lazy\" decoding=\"async\" src=\"https:\/\/enolife.com.ar\/es\/wp-content\/uploads\/2023\/09\/Imagen4-2.jpg\" alt=\"\" class=\"wp-image-101217\" width=\"492\" height=\"319\" srcset=\"https:\/\/enolife.com.ar\/es\/wp-content\/uploads\/2023\/09\/Imagen4-2.jpg 461w, https:\/\/enolife.com.ar\/es\/wp-content\/uploads\/2023\/09\/Imagen4-2-300x195.jpg 300w\" sizes=\"auto, (max-width: 492px) 100vw, 492px\" \/><\/a><\/figure><\/div>\n\n\n<div style=\"height:30px\" aria-hidden=\"true\" class=\"wp-block-spacer\"><\/div>\n\n\n\n<p class=\"has-background\" style=\"background-color:#abb7c254\"><strong>Inseguridad rural<\/strong><\/p>\n\n\n\n<p>En el relevamiento mencionado anteriormente el segundo tema sobre el cual los productores expresaron mayor preocupaci\u00f3n es la inseguridad rural que generan p\u00e9rdidas en maquinaria de productores en las fincas y elementos en bodegas, sumado al peligro sobre la vida del productor y su familia. Propuestas:<\/p>\n\n\n\n<p>1) Creaci\u00f3n de unidades fiscales especializadas en delitos rurales con capacitaci\u00f3n para fiscales y ayudantes fiscales sobre las particularidades del delito rural.<\/p>\n\n\n\n<p>2) Protocolo para proceder en caso de delitos rurales para que sea aplicado por la polic\u00eda y la justicia.<\/p>\n\n\n\n<p>3) Implementar mejoras en la forma de actuaci\u00f3n del 911 en referencia a la geolocalizaci\u00f3n de las fincas (uso de whatsapp y google maps)<\/p>\n\n\n\n<p>4) Aplicaci\u00f3n efectiva de la ley 6721 art 9 que establece: ART. 9 \u2013 El poder ejecutivo deber\u00e1 implementar en todo el territorio de la provincia un sistema de consejos de seguridad departamentales y de foros vecinales, atendiendo a criterios de flexibilidad, operatividad y eficacia.<\/p>\n\n\n\n<div style=\"height:30px\" aria-hidden=\"true\" class=\"wp-block-spacer\"><\/div>\n\n\n<div class=\"wp-block-image\">\n<figure class=\"aligncenter size-full is-resized\"><a href=\"https:\/\/enolife.com.ar\/es\/wp-content\/uploads\/2023\/09\/Imagen8-1.jpg\" data-rel=\"penci-gallery-image-content\" ><img loading=\"lazy\" decoding=\"async\" src=\"https:\/\/enolife.com.ar\/es\/wp-content\/uploads\/2023\/09\/Imagen8-1.jpg\" alt=\"\" class=\"wp-image-101221\" width=\"419\" height=\"225\" srcset=\"https:\/\/enolife.com.ar\/es\/wp-content\/uploads\/2023\/09\/Imagen8-1.jpg 815w, https:\/\/enolife.com.ar\/es\/wp-content\/uploads\/2023\/09\/Imagen8-1-300x161.jpg 300w, https:\/\/enolife.com.ar\/es\/wp-content\/uploads\/2023\/09\/Imagen8-1-768x413.jpg 768w, https:\/\/enolife.com.ar\/es\/wp-content\/uploads\/2023\/09\/Imagen8-1-585x314.jpg 585w\" sizes=\"auto, (max-width: 419px) 100vw, 419px\" \/><\/a><figcaption class=\"wp-element-caption\"><strong><em>Figura A: 7 de cada 10 productores sufrieron un hecho de inseguridad en los \u00faltimos 6 meses &#8211; Figura B: De ellos, el 53% sufri\u00f3 2 hechos de inseguridad<\/em><\/strong><\/figcaption><\/figure><\/div>\n\n\n<div style=\"height:30px\" aria-hidden=\"true\" class=\"wp-block-spacer\"><\/div>\n\n\n\n<p class=\"has-background\" style=\"background-color:#abb7c254\"><strong>Arraigo y continuidad generacional<\/strong><\/p>\n\n\n\n<p>Por el promedio de edad de los productores (65 a\u00f1os) la entidad ve como necesario generar acciones que fomenten la continuidad generacional y motiven que los hijos de los mismos contin\u00faen con la actividad, a trav\u00e9s de la aplicaci\u00f3n de pol\u00edticas p\u00fablicas que favorezcan la continuidad de las unidades productivas:<\/p>\n\n\n\n<p>1) Registro Provincial de Sucesiones indivisas con unidades productivas.<\/p>\n\n\n\n<p>2) Financiamiento espec\u00edfico para productores que quieran comprar su parte a los dem\u00e1s herederos.<\/p>\n\n\n\n<p>3) Reformas normativas para favorecer la continuidad de la explotaci\u00f3n y disminuir los costos de los proceso sucesorios cuando hay unidades productivas en el acervo hereditario. Y beneficios impositivos para las sucesiones que tengan dentro del acervo hereditario unidades productivas y los herederos quieran continuar con la explotaci\u00f3n.<\/p>\n\n\n\n<p>4) Programa de Regularizaci\u00f3n Dominial para permitir la continuidad de la explotaci\u00f3n y el acceso al cr\u00e9dito, los casos que provocan mayores irregularidades son los siguientes: medidas cautelares, t\u00edtulos insuficientes o t\u00edtulos inexistentes, inhibiciones, cotitularidades, procesos sucesorios no iniciados o no terminados, t\u00edtulos sujetos a derecho de reversi\u00f3n, t\u00edtulos controvertidos, titularidad dominial limitada por  otros derechos reales, posesi\u00f3n sin t\u00edtulo, prescripciones adquisitivas no terminadas o no iniciadas.<\/p>\n\n\n\n<p>5) Cumplimiento efectivo de la ley de ordenamiento territorial por parte de los municipios y el gobierno provincial a los fines de poder zonificar seg\u00fan la vocaci\u00f3n territorial los \u00e1mbitos rurales y urbanos, ya que el avance desordenado de la urbanizaci\u00f3n se da en detrimento de zonas productivas teniendo en cuentas nuestras caracter\u00edsticas como o\u00e1sis. Consideramos que es importante trabajar sobre el concepto de unidad productiva.<\/p>\n\n\n\n<div style=\"height:30px\" aria-hidden=\"true\" class=\"wp-block-spacer\"><\/div>\n\n\n\n<p class=\"has-background\" style=\"background-color:#abb7c254\"><strong>Conectividad y transformaci\u00f3n digital<\/strong><\/p>\n\n\n\n<p>Los productores agr\u00edcolas dependen cada vez m\u00e1s de las nuevas tecnolog\u00edas para poder lograr una mayor productividad en sus actividades, para ello es indispensable el acceso a la conectividad para poder desarrollar todo su potencial. Adem\u00e1s, conectar el \u00e1mbito rural tambi\u00e9n implica el mejoramiento de rutas y caminos que permitan a las familias trasladarse con mayor facilidad a la vez que favorece el transporte de productos del agro reduciendo sus costos. Del mismo modo, se considera importante trabajar en la mejora del sistema de transporte de media y larga distancia rural ampliando la red de cobertura de manera de que la poblaci\u00f3n rural pueda trasladarse con mayor facilidad hacia hospitales, escuelas, universidades, centros urbanos, etc.<\/p>\n\n\n\n<p>Seg\u00fan un relevamiento realizado por el observatorio de Acovi, el 40% de los productores encuestados no puede utilizar el servicio de datos m\u00f3viles provisto por la empresa de telefon\u00eda celular en su finca y un 26% respondi\u00f3 que si bien puede utilizarlo, lo puede hacer s\u00f3lo en algunos lugares y\/o de manera intermitente. El 94% piensa que con el uso de la tecnolog\u00eda puede mejorar la productividad y\/o disminuir los costos. El 89% considera que la conectividad es indispensable para la continuidad de los hijos en la actividad vitivin\u00edcola.<\/p>\n\n\n\n<p>Para enfrentar estas problem\u00e1ticas se propone: <\/p>\n\n\n\n<p>1) Articulaci\u00f3n con programas de la provincia de Mza &#8211; Agencia de Innovaci\u00f3n y Direcci\u00f3n de Innovaci\u00f3n<\/p>\n\n\n\n<p>2) Plan de desarrollo de conectividad rural en toda la provincia.<\/p>\n\n\n\n<p>3) Propuesta de creaci\u00f3n de puntos digitales rurales.<\/p>\n\n\n\n<p>4) Estudio para analizar el aumento de la productividad y disminuci\u00f3n de costos con la incorporaci\u00f3n de tecnolog\u00eda.<\/p>\n\n\n\n<p>5) Potenciar los programas de capacitaci\u00f3n del gobierno provincial en transformaci\u00f3n digital.<\/p>\n\n\n\n<p>6) Fomentar estudios t\u00e9cnicos que permitan reflejar en detalle la realidad en las distintas zonas de la provincia, los cuales servir\u00e1n de base para la implementaci\u00f3n de pol\u00edticas p\u00fablicas que mejoren el acceso a tecnolog\u00eda y transporte para la ruralidad mendocina.<\/p>\n\n\n\n<p>7) Estudio de la figura de Consorcios Camineros seg\u00fan la zona.<\/p>\n\n\n\n<div style=\"height:30px\" aria-hidden=\"true\" class=\"wp-block-spacer\"><\/div>\n\n\n\n<p class=\"has-background\" style=\"background-color:#abb7c254\"><strong>Educaci\u00f3n rural<\/strong><\/p>\n\n\n\n<p>1) Mejoramiento de infraestructura de las escuelas rurales (falta de sillas, bancos, computadoras, internet, pocas escuelas).<\/p>\n\n\n\n<p>2) Incorporaci\u00f3n dentro de la curr\u00edcula de formaci\u00f3n en cooperativismo y econom\u00eda social para emprender.<\/p>\n\n\n\n<p>3) Dise\u00f1o de programas educativos adaptados a la matriz productiva de cada zona y que contemplen contenido te\u00f3rico-pr\u00e1ctico que instruyan a los estudiantes en las pr\u00e1cticas agr\u00edcolas m\u00e1s recientes, a trav\u00e9s del uso de la tecnolog\u00eda.<\/p>\n\n\n\n<p>4) Participaci\u00f3n activa de las familias y la comunidad: generar mayor espacio de participaci\u00f3n activa por parte de las familias, dando mayor lugar a tareas escolares familiares. Promover la existencia de cooperadoras y cooperativas.<\/p>\n\n\n\n<div style=\"height:30px\" aria-hidden=\"true\" class=\"wp-block-spacer\"><\/div>\n\n\n\n<p class=\"has-background\" style=\"background-color:#abb7c254\"><strong>Lobesia<\/strong><\/p>\n\n\n\n<p>Es necesaria la sanci\u00f3n de un proyecto de ley nacional con fondos espec\u00edficos para disponer en el Plan de Erradicaci\u00f3n y Control de la plaga que se determine.<\/p>\n\n\n\n<div style=\"height:30px\" aria-hidden=\"true\" class=\"wp-block-spacer\"><\/div>\n","protected":false},"excerpt":{"rendered":"<p>La&nbsp;Asociaci\u00f3n de Cooperativas Vitivin\u00edcolas (Acovi) ha mantenido recientes reuniones con los principales candidatos a gobernador&hellip;<\/p>\n","protected":false},"author":3,"featured_media":101245,"comment_status":"open","ping_status":"open","sticky":false,"template":"","format":"standard","meta":{"footnotes":""},"categories":[14],"tags":[],"class_list":["post-101155","post","type-post","status-publish","format-standard","has-post-thumbnail","hentry","category-news"],"_links":{"self":[{"href":"https:\/\/enolife.com.ar\/es\/wp-json\/wp\/v2\/posts\/101155","targetHints":{"allow":["GET"]}}],"collection":[{"href":"https:\/\/enolife.com.ar\/es\/wp-json\/wp\/v2\/posts"}],"about":[{"href":"https:\/\/enolife.com.ar\/es\/wp-json\/wp\/v2\/types\/post"}],"author":[{"embeddable":true,"href":"https:\/\/enolife.com.ar\/es\/wp-json\/wp\/v2\/users\/3"}],"replies":[{"embeddable":true,"href":"https:\/\/enolife.com.ar\/es\/wp-json\/wp\/v2\/comments?post=101155"}],"version-history":[{"count":0,"href":"https:\/\/enolife.com.ar\/es\/wp-json\/wp\/v2\/posts\/101155\/revisions"}],"wp:featuredmedia":[{"embeddable":true,"href":"https:\/\/enolife.com.ar\/es\/wp-json\/wp\/v2\/media\/101245"}],"wp:attachment":[{"href":"https:\/\/enolife.com.ar\/es\/wp-json\/wp\/v2\/media?parent=101155"}],"wp:term":[{"taxonomy":"category","embeddable":true,"href":"https:\/\/enolife.com.ar\/es\/wp-json\/wp\/v2\/categories?post=101155"},{"taxonomy":"post_tag","embeddable":true,"href":"https:\/\/enolife.com.ar\/es\/wp-json\/wp\/v2\/tags?post=101155"}],"curies":[{"name":"wp","href":"https:\/\/api.w.org\/{rel}","templated":true}]}}