{"id":101127,"date":"2023-09-14T21:24:53","date_gmt":"2023-09-14T21:24:53","guid":{"rendered":"https:\/\/enolife.com.ar\/es\/?p=101127"},"modified":"2023-09-15T22:58:55","modified_gmt":"2023-09-15T22:58:55","slug":"un-vino-para-cada-musica-el-nuevo-espectaculo-de-envasadas-en-origen-el-15-9-en-la-nave-cultural","status":"publish","type":"post","link":"https:\/\/enolife.com.ar\/es\/un-vino-para-cada-musica-el-nuevo-espectaculo-de-envasadas-en-origen-el-15-9-en-la-nave-cultural\/","title":{"rendered":"Un vino para cada m\u00fasica: el nuevo espect\u00e1culo de Envasadas en Origen, el 15\/9 en la Nave Cultural"},"content":{"rendered":"\n<h4 class=\"wp-block-heading\"><em><strong>Como parte de un ciclo de recitales que han recorrido con \u00e9xito numerosos escenarios de Mendoza, vuelve ma\u00f1ana 15 de setiembre \u201cEnvasadas en origen, vinos y canciones de autor\u201d, un espect\u00e1culo que marida el arte musical con el talento interpretativo de sus protagonistas, el vino y la poes\u00eda. Eugenia Ferrer y Leo Gasco, con sus respectivas bandas, resultan una atractiva propuesta para locales y visitantes, desde las 20.30 en la Nave Cultural del Parque Central de la Capital mendocina.<\/strong><\/em><\/h4>\n\n\n\n<div style=\"height:35px\" aria-hidden=\"true\" class=\"wp-block-spacer\"><\/div>\n\n\n<a href=\"https:\/\/ar.verallia.com\/\" aria-label=\"VERALLIA 1700 x 500\"><img loading=\"lazy\" decoding=\"async\" src=\"https:\/\/enolife.com.ar\/es\/wp-content\/uploads\/2021\/04\/VERALLIA-1700-x-500.jpg\" alt=\"\"  srcset=\"https:\/\/enolife.com.ar\/es\/wp-content\/uploads\/2021\/04\/VERALLIA-1700-x-500.jpg 1700w, https:\/\/enolife.com.ar\/es\/wp-content\/uploads\/2021\/04\/VERALLIA-1700-x-500-300x88.jpg 300w, https:\/\/enolife.com.ar\/es\/wp-content\/uploads\/2021\/04\/VERALLIA-1700-x-500-1024x301.jpg 1024w, https:\/\/enolife.com.ar\/es\/wp-content\/uploads\/2021\/04\/VERALLIA-1700-x-500-768x226.jpg 768w, https:\/\/enolife.com.ar\/es\/wp-content\/uploads\/2021\/04\/VERALLIA-1700-x-500-1536x452.jpg 1536w, https:\/\/enolife.com.ar\/es\/wp-content\/uploads\/2021\/04\/VERALLIA-1700-x-500-1170x344.jpg 1170w, https:\/\/enolife.com.ar\/es\/wp-content\/uploads\/2021\/04\/VERALLIA-1700-x-500-585x172.jpg 585w\" sizes=\"auto, (max-width: 1700px) 100vw, 1700px\" width=\"1700\" height=\"500\"   \/><\/a>\n\n\n<div style=\"height:45px\" aria-hidden=\"true\" class=\"wp-block-spacer\"><\/div>\n\n\n<div class=\"wp-block-image\">\n<figure class=\"alignleft size-full is-resized\"><a href=\"https:\/\/enolife.com.ar\/es\/wp-content\/uploads\/2023\/09\/MDIA-8b3c0427.jpg\" data-rel=\"penci-gallery-image-content\" ><img loading=\"lazy\" decoding=\"async\" src=\"https:\/\/enolife.com.ar\/es\/wp-content\/uploads\/2023\/09\/MDIA-8b3c0427.jpg\" alt=\"\" class=\"wp-image-101133\" width=\"335\" height=\"335\" srcset=\"https:\/\/enolife.com.ar\/es\/wp-content\/uploads\/2023\/09\/MDIA-8b3c0427.jpg 400w, https:\/\/enolife.com.ar\/es\/wp-content\/uploads\/2023\/09\/MDIA-8b3c0427-300x300.jpg 300w, https:\/\/enolife.com.ar\/es\/wp-content\/uploads\/2023\/09\/MDIA-8b3c0427-150x150.jpg 150w\" sizes=\"auto, (max-width: 335px) 100vw, 335px\" \/><\/a><\/figure><\/div>\n\n\n<p><strong>Eugenia Ferrer<\/strong> y <strong>Leo Gasco<\/strong> invitan a disfrutar de <strong>\u201cEnvasadas en origen, el concierto\u201d<\/strong> con un maridaje singular de canciones y vinos de autor. <\/p>\n\n\n\n<p>Cada uno de los artistas se subir\u00e1 al escenario acompa\u00f1ado de sus m\u00fasicos en formato banda. El show se completar\u00e1 con interludios donde el p\u00fablico podr\u00e1 disfrutar de la degustaci\u00f3n de vinos de reconocidas bodegas de Mendoza.<\/p>\n\n\n\n<p>La cata y degustaci\u00f3n se realizar\u00e1 de la mano del sommelier Leo Gasco, esta vez de una manera original. \u201cEnvasadas en origen- el concierto\u201d se desarrollar\u00e1 en cuatro momentos, una introducci\u00f3n y la presentaci\u00f3n de cada uno de los artistas con sus bandas: <strong>Eugenia Ferrer y Alma de Soul<\/strong>; Leo Gasco y <strong>Los Ermita\u00f1os que Bajan al Valle;<\/strong> y luego un cierre con sorpresas. <\/p>\n\n\n\n<p>Seg\u00fan explicaron los cantautores, <em>\u00abcada uno de estos momentos ser\u00e1 una ocasi\u00f3n especial para abrir los cinco sentidos, maridando la m\u00fasica y las melod\u00edas con vinos de diferente intensidad&#8230; Los esperamos para disfrutar de un show \u00fanico, con un formato innovador, donde confluyen el arte, la m\u00fasica y el vino\u00bb.<\/em><\/p>\n\n\n\n<ul class=\"wp-block-list\">\n<li>\u201cEnvasadas en origen &#8211; el concierto\u201d<\/li>\n\n\n\n<li>Lugar: La Nave Cultural, Las Cubas 201, ciudad<\/li>\n\n\n\n<li>D\u00eda y hora: Viernes 15 de Septiembre, 20.30hs<\/li>\n\n\n\n<li>Entradas anticipadas por EntradaWeb: $3500<\/li>\n\n\n\n<li>Entradas en taquilla: $4000<\/li>\n\n\n\n<li>Idea original: Leo Gasco<\/li>\n\n\n\n<li>Producci\u00f3n General Envasadas: Leo Gasco y Eugenia Ferrer <\/li>\n<\/ul>\n\n\n\n<div style=\"height:12px\" aria-hidden=\"true\" class=\"wp-block-spacer\"><\/div>\n\n\n\n<p class=\"has-background\" style=\"background-color:#abb7c24f\"><strong>Entradas <a href=\"https:\/\/www.entradaweb.com.ar\/index.php?r=site\/detalles&amp;d=4a6d8c85\" title=\"\">AQU\u00cd<\/a><\/strong><\/p>\n\n\n\n<div style=\"height:17px\" aria-hidden=\"true\" class=\"wp-block-spacer\"><\/div>\n\n\n\n<p class=\"has-medium-font-size\"><br><strong>Sobre los m\u00fasicos y cantautores<\/strong><\/p>\n\n\n\n<p><strong>Eugenia Ferrer: <\/strong>La l\u00edder de la banda Alma de Soul es docente de Artes Pl\u00e1sticas, comunicadora y gestora cultural, apasionada por las artes y la cultura. Como int\u00e9rprete y cantautora ha transitado las mixturas entre el soul\/jazz, el folk\/rock, el funky y el pop en diferentes idiomas, fundando la agrupaci\u00f3n Alma de Soul junto a los talentosos m\u00fasicos <strong>Carlos N\u00fa\u00f1ez<\/strong> en guitarra, <strong>Paloma Manchento<\/strong> en piano y<strong> Marcelo P\u00e1ez<\/strong> en percusi\u00f3n. Con sentidas interpretaciones, Alma de Soul recorre en sus conciertos temas cl\u00e1sicos y emblem\u00e1ticos de los g\u00e9neros mencionados, tales como <em>\u201cKilling me softly\u201d<\/em> o <em>\u201cJe veux\u201d<\/em>, y canciones escritas y compuestas por la propia Ferrer. Cabe se\u00f1alar que muchas de sus performances est\u00e1n disponibles gratuitamente en su canal de Youtube.<\/p>\n\n\n\n<div style=\"height:30px\" aria-hidden=\"true\" class=\"wp-block-spacer\"><\/div>\n\n\n\n<figure class=\"wp-block-gallery has-nested-images columns-default is-cropped wp-block-gallery-1 is-layout-flex wp-block-gallery-is-layout-flex\">\n<figure class=\"wp-block-image size-full\"><a href=\"https:\/\/enolife.com.ar\/es\/wp-content\/uploads\/2023\/09\/eugenia.jpeg\" data-rel=\"penci-gallery-image-content\" ><img loading=\"lazy\" decoding=\"async\" width=\"400\" height=\"530\" data-id=\"101136\" src=\"https:\/\/enolife.com.ar\/es\/wp-content\/uploads\/2023\/09\/eugenia.jpeg\" alt=\"\" class=\"wp-image-101136\" srcset=\"https:\/\/enolife.com.ar\/es\/wp-content\/uploads\/2023\/09\/eugenia.jpeg 400w, https:\/\/enolife.com.ar\/es\/wp-content\/uploads\/2023\/09\/eugenia-226x300.jpeg 226w\" sizes=\"auto, (max-width: 400px) 100vw, 400px\" \/><\/a><figcaption class=\"wp-element-caption\"><em><strong>Eugenia Ferrer<\/strong><\/em><\/figcaption><\/figure>\n\n\n\n<figure class=\"wp-block-image size-full\"><a href=\"https:\/\/enolife.com.ar\/es\/wp-content\/uploads\/2023\/09\/leo-gasco.jpg\" data-rel=\"penci-gallery-image-content\" ><img loading=\"lazy\" decoding=\"async\" width=\"312\" height=\"312\" data-id=\"101135\" src=\"https:\/\/enolife.com.ar\/es\/wp-content\/uploads\/2023\/09\/leo-gasco.jpg\" alt=\"\" class=\"wp-image-101135\" srcset=\"https:\/\/enolife.com.ar\/es\/wp-content\/uploads\/2023\/09\/leo-gasco.jpg 312w, https:\/\/enolife.com.ar\/es\/wp-content\/uploads\/2023\/09\/leo-gasco-300x300.jpg 300w, https:\/\/enolife.com.ar\/es\/wp-content\/uploads\/2023\/09\/leo-gasco-150x150.jpg 150w\" sizes=\"auto, (max-width: 312px) 100vw, 312px\" \/><\/a><figcaption class=\"wp-element-caption\"><em><strong>Leo Gasco<\/strong><\/em><\/figcaption><\/figure>\n<\/figure>\n\n\n\n<div style=\"height:30px\" aria-hidden=\"true\" class=\"wp-block-spacer\"><\/div>\n\n\n\n<p><strong>Leo Gasco y Los Ermita\u00f1os Que Bajan al Valle:  <\/strong>Leo Gasco hizo sus primeras presentaciones en el a\u00f1o 2000 en el m\u00edtico bar <strong>El<\/strong> <strong>Escaramujo<\/strong> de Mendoza, con su primera banda, <strong>Pedro el Ermita\u00f1o<\/strong>. La formaci\u00f3n ha ofrecido recitales en toda Mendoza, ciudades argentinas, Chile, Italia y M\u00e9xico. Gasco ha sido, adem\u00e1s, productor del festival solidario <strong>Pascual Rock<\/strong> que se realiz\u00f3 en forma ininterrumpida durante 10 a\u00f1os en diferentes locaciones de la provincia. En el show de ma\u00f1ana en la Nave Cultural, Gasco se presentar\u00e1 con Los Ermita\u00f1os que Bajan al Valle junto a <strong>Willie Martinez<\/strong> en guitarras y producci\u00f3n musical, <strong>Nico Plaza<\/strong> en bajo y <strong>Walter Daniel<\/strong> en bater\u00eda.<\/p>\n\n\n\n<p>Adem\u00e1s de m\u00fasico, Gasco es licenciado en Comercio Exterior, sommelier y productor vitivin\u00edcola. En Chubut, se ha especializado en vinos org\u00e1nicos y biodin\u00e1micos, abriendo mercado y promocionando reconocidas bodegas en la regi\u00f3n patag\u00f3nica. Con su proyecto personal Wine Experience ha desarrollado su propia colecci\u00f3n de vinos org\u00e1nicos <strong>Meibion &amp; Gawynt<\/strong>, 4 vinos y un espumante que cuentan en su etiqueta la historia de la llegada de los Galeses a la Patagonia y su encuentro pac\u00edfico con el pueblo Tehuelche. <\/p>\n\n\n\n<div style=\"height:31px\" aria-hidden=\"true\" class=\"wp-block-spacer\"><\/div>\n\n\n\n<div style=\"height:33px\" aria-hidden=\"true\" class=\"wp-block-spacer\"><\/div>\n","protected":false},"excerpt":{"rendered":"<p>Como parte de un ciclo de recitales que han recorrido con \u00e9xito numerosos escenarios de&hellip;<\/p>\n","protected":false},"author":3,"featured_media":101140,"comment_status":"open","ping_status":"open","sticky":false,"template":"","format":"standard","meta":{"footnotes":""},"categories":[47],"tags":[],"class_list":["post-101127","post","type-post","status-publish","format-standard","has-post-thumbnail","hentry","category-agenda"],"_links":{"self":[{"href":"https:\/\/enolife.com.ar\/es\/wp-json\/wp\/v2\/posts\/101127","targetHints":{"allow":["GET"]}}],"collection":[{"href":"https:\/\/enolife.com.ar\/es\/wp-json\/wp\/v2\/posts"}],"about":[{"href":"https:\/\/enolife.com.ar\/es\/wp-json\/wp\/v2\/types\/post"}],"author":[{"embeddable":true,"href":"https:\/\/enolife.com.ar\/es\/wp-json\/wp\/v2\/users\/3"}],"replies":[{"embeddable":true,"href":"https:\/\/enolife.com.ar\/es\/wp-json\/wp\/v2\/comments?post=101127"}],"version-history":[{"count":0,"href":"https:\/\/enolife.com.ar\/es\/wp-json\/wp\/v2\/posts\/101127\/revisions"}],"wp:featuredmedia":[{"embeddable":true,"href":"https:\/\/enolife.com.ar\/es\/wp-json\/wp\/v2\/media\/101140"}],"wp:attachment":[{"href":"https:\/\/enolife.com.ar\/es\/wp-json\/wp\/v2\/media?parent=101127"}],"wp:term":[{"taxonomy":"category","embeddable":true,"href":"https:\/\/enolife.com.ar\/es\/wp-json\/wp\/v2\/categories?post=101127"},{"taxonomy":"post_tag","embeddable":true,"href":"https:\/\/enolife.com.ar\/es\/wp-json\/wp\/v2\/tags?post=101127"}],"curies":[{"name":"wp","href":"https:\/\/api.w.org\/{rel}","templated":true}]}}