{"id":101057,"date":"2023-09-13T18:32:09","date_gmt":"2023-09-13T18:32:09","guid":{"rendered":"https:\/\/enolife.com.ar\/es\/?p=101057"},"modified":"2023-09-14T21:56:34","modified_gmt":"2023-09-14T21:56:34","slug":"con-cortes-y-quebradas-por-los-caminos-del-vino-el-tango-copa-mendoza-del-17-al-19-de-setiembre","status":"publish","type":"post","link":"https:\/\/enolife.com.ar\/es\/con-cortes-y-quebradas-por-los-caminos-del-vino-el-tango-copa-mendoza-del-17-al-19-de-setiembre\/","title":{"rendered":"Con cortes y quebradas por los Caminos del Vino, el tango copa Mendoza del 17 al 19 de setiembre"},"content":{"rendered":"\n<h4 class=\"wp-block-heading\"><em><strong>En 3 d\u00edas seguidos, el ya afamado festival que recorre vi\u00f1as, bodegas y teatros de la principal provincia vitivin\u00edcola de Argentina pone en escena 100 m\u00fasicos y 20 parejas de baile, con la posibilidad de disfrutar al mismo tiempo de la t\u00edpica gastronom\u00eda cuyana. Este a\u00f1o ser\u00e1n 20 los espect\u00e1culos, con una apertura a cargo de la Orquesta Filarm\u00f3nica de Mendoza junto a Amelita Baltar en el Teatro Independencia. <\/strong><\/em><\/h4>\n\n\n\n<div style=\"height:35px\" aria-hidden=\"true\" class=\"wp-block-spacer\"><\/div>\n\n\n<a href=\"https:\/\/jmzeballos.com\/\" aria-label=\"PUBLICIDAD ENOLIFE 2023_\u00c1NFORAS 1700 x 500\"><img loading=\"lazy\" decoding=\"async\" src=\"https:\/\/enolife.com.ar\/es\/wp-content\/uploads\/2020\/12\/PUBLICIDAD-ENOLIFE-2023_ANFORAS-1700-x-500.jpg\" alt=\"\"  srcset=\"https:\/\/enolife.com.ar\/es\/wp-content\/uploads\/2020\/12\/PUBLICIDAD-ENOLIFE-2023_ANFORAS-1700-x-500.jpg 1700w, https:\/\/enolife.com.ar\/es\/wp-content\/uploads\/2020\/12\/PUBLICIDAD-ENOLIFE-2023_ANFORAS-1700-x-500-300x88.jpg 300w, https:\/\/enolife.com.ar\/es\/wp-content\/uploads\/2020\/12\/PUBLICIDAD-ENOLIFE-2023_ANFORAS-1700-x-500-1024x301.jpg 1024w, https:\/\/enolife.com.ar\/es\/wp-content\/uploads\/2020\/12\/PUBLICIDAD-ENOLIFE-2023_ANFORAS-1700-x-500-768x226.jpg 768w, https:\/\/enolife.com.ar\/es\/wp-content\/uploads\/2020\/12\/PUBLICIDAD-ENOLIFE-2023_ANFORAS-1700-x-500-1536x452.jpg 1536w, https:\/\/enolife.com.ar\/es\/wp-content\/uploads\/2020\/12\/PUBLICIDAD-ENOLIFE-2023_ANFORAS-1700-x-500-1170x344.jpg 1170w, https:\/\/enolife.com.ar\/es\/wp-content\/uploads\/2020\/12\/PUBLICIDAD-ENOLIFE-2023_ANFORAS-1700-x-500-585x172.jpg 585w\" sizes=\"auto, (max-width: 1700px) 100vw, 1700px\" width=\"1700\" height=\"500\"   \/><\/a>\n\n\n<div style=\"height:45px\" aria-hidden=\"true\" class=\"wp-block-spacer\"><\/div>\n\n\n\n<p>Con el transcurso de los a\u00f1os, el festival <strong>Tango por los Caminos del Vino<\/strong>, organizado por el <strong>Ministerio de Cultura y Turismo<\/strong> de Mendoza, ha posicionado a la provincia como destino cultural para vecinos locales y visitantes extranjeros, ofreciendo una experiencia \u00fanica que conjuga paisajes, m\u00fasica, danza, enoturismo y gastronom\u00eda identitaria.<\/p>\n\n\n\n<p>La nueva edici\u00f3n del Festival fue presentada en el <strong>Museo Carlos Alonso-Mansi\u00f3n Stoppel<\/strong> por la ministra de Cultura y Turismo, <strong>Nora Vicario<\/strong>, y el subsecretario de Cultura, <strong>Fabi\u00e1n Sama<\/strong>.<\/p>\n\n\n\n<div style=\"height:30px\" aria-hidden=\"true\" class=\"wp-block-spacer\"><\/div>\n\n\n<div class=\"wp-block-image\">\n<figure class=\"aligncenter size-full is-resized\"><a href=\"https:\/\/enolife.com.ar\/es\/wp-content\/uploads\/2023\/09\/WhatsApp-Image-2023-09-12-at-14.39.36-1.jpeg\" data-rel=\"penci-gallery-image-content\" ><img loading=\"lazy\" decoding=\"async\" src=\"https:\/\/enolife.com.ar\/es\/wp-content\/uploads\/2023\/09\/WhatsApp-Image-2023-09-12-at-14.39.36-1.jpeg\" alt=\"\" class=\"wp-image-101061\" width=\"643\" height=\"436\" srcset=\"https:\/\/enolife.com.ar\/es\/wp-content\/uploads\/2023\/09\/WhatsApp-Image-2023-09-12-at-14.39.36-1.jpeg 737w, https:\/\/enolife.com.ar\/es\/wp-content\/uploads\/2023\/09\/WhatsApp-Image-2023-09-12-at-14.39.36-1-300x204.jpeg 300w, https:\/\/enolife.com.ar\/es\/wp-content\/uploads\/2023\/09\/WhatsApp-Image-2023-09-12-at-14.39.36-1-585x397.jpeg 585w\" sizes=\"auto, (max-width: 643px) 100vw, 643px\" \/><\/a><figcaption class=\"wp-element-caption\"><em><strong>Fabian Sama y Nora Vicario<\/strong><\/em><\/figcaption><\/figure><\/div>\n\n\n<div style=\"height:30px\" aria-hidden=\"true\" class=\"wp-block-spacer\"><\/div>\n\n\n\n<p><em>\u201cEs un placer para nosotros presentarles una nueva edici\u00f3n de Tango por los Caminos del Vino, que pone el valor el talento de los artistas mendocinos, del que participan 100 m\u00fasicos y 20 parejas de baile. Por otro lado, es importante destacar la sinergia entre el sector p\u00fablico y privado, que trabajan para brindar una amplia agenda cultural, tur\u00edstica y del vino, sostenida durante todo el a\u00f1o. Mendoza es&nbsp;Capital Mundial del Vino&nbsp;y&nbsp;Capital Iberoamericana de la Armon\u00eda Gastron\u00f3mica. Protagonista el Vino&nbsp;y, en esa l\u00ednea, presentamos este festival como una oportunidad para celebrar su riqueza y diversidad, en el \u00e1mbito del enoturismo y el arte\u201d<\/em>, destac\u00f3 la <strong>ministra Vicario<\/strong>.<\/p>\n\n\n\n<p>La programaci\u00f3n de este nuevo encuentro con el tango y el vino posibilitar\u00e1 que mendocinos y turistas aprecien el talento de los artistas locales, quienes recorrer\u00e1n la provincia, con 20 espect\u00e1culos distribuidos en el Valle de Uco, el Sur mendocino, el Este, Lavalle y el Gran Mendoza.<\/p>\n\n\n\n<p>Por su parte, <strong>el subsecretario Sama<\/strong> afirm\u00f3:<em> \u201cSiguiendo una l\u00ednea de gesti\u00f3n, hicimos un llamado p\u00fablico con jurado, donde quedaron seleccionadas las 20 parejas de tango que van a estar en cada locaci\u00f3n y los 100 m\u00fasicos mendocinos que recrean el tango. Tiene Mendoza tradici\u00f3n de tango y han vuelto a florecer las formaciones y las orquestas t\u00edpicas, por lo tanto, invitamos a todos los mendocinos, mendocinas y turistas a sumarse a este ciclo, que tiene entrada libre y gratuita en los espacios oficiales y tiene una entrada muy accesible en las bodegas de Mendoza\u201d<\/em>.<\/p>\n\n\n\n<p>Esta puesta en escena tur\u00edstico-cultural coincide en parte con la fecha patria chilena, el 18 de setiembre, d\u00eda en la que los turistas del pa\u00eds vecino buscan en Argentina disfrutar experiencias gastron\u00f3micas, recorrer bodegas y asistir a espect\u00e1culos de tango, un g\u00e9nero reconocido como bien patrimonial intangible de la humanidad.<\/p>\n\n\n\n<div style=\"height:35px\" aria-hidden=\"true\" class=\"wp-block-spacer\"><\/div>\n\n\n\n<figure class=\"wp-block-embed aligncenter is-type-video is-provider-youtube wp-block-embed-youtube wp-embed-aspect-16-9 wp-has-aspect-ratio\"><div class=\"wp-block-embed__wrapper\">\n<iframe loading=\"lazy\" title=\"Tango por los caminos del vino  2023\" width=\"1170\" height=\"658\" src=\"https:\/\/www.youtube.com\/embed\/mD-2UtP6aNA?feature=oembed\" frameborder=\"0\" allow=\"accelerometer; autoplay; clipboard-write; encrypted-media; gyroscope; picture-in-picture; web-share\" allowfullscreen><\/iframe>\n<\/div><\/figure>\n\n\n\n<div style=\"height:45px\" aria-hidden=\"true\" class=\"wp-block-spacer\"><\/div>\n\n\n\n<p class=\"has-medium-font-size\"><strong>Concierto apertura: Amelita Baltar y la Orquesta Filarm\u00f3nica de Mendoza<\/strong><\/p>\n\n\n\n<p>La edici\u00f3n 2023 de Tango por los Caminos del Vino, tendr\u00e1 una apertura con&nbsp;la ya m\u00edtica int\u00e9rprete <strong>Amelita Baltar y la Orquesta Filarm\u00f3nica de Mendoza<\/strong><em>&nbsp;<\/em>en el <strong>Teatro Independencia<\/strong>. La programaci\u00f3n incluir\u00e1 cl\u00e1sicos del tango como&nbsp;<em>Adi\u00f3s Nonino, Fuga y Misterio, Milonga de la Anunciaci\u00f3n, Chiquil\u00edn de Bach\u00edn, Oblivion, Yuyo verde, Preludio para el a\u00f1o 3001, Balada para un loco, La \u00faltima grela, Los mareados, Balada para mi muerte, Uno, Amelitango.<\/em><\/p>\n\n\n\n<div style=\"height:20px\" aria-hidden=\"true\" class=\"wp-block-spacer\"><\/div>\n\n\n\n<p class=\"has-background\" style=\"background-color:#abb7c257\"><strong>La entrada al Teatro Independencia para el espect\u00e1culo de Amelita Baltar y la Filarm\u00f3nica de Mendoza tendr\u00e1 un valor de $2.000 y podr\u00e1 adquirirse a trav\u00e9s de&nbsp;<a href=\"http:\/\/entradaweb.com.ar\/\" target=\"_blank\" rel=\"noreferrer noopener\">entradaweb.com.ar<\/a>&nbsp;o en boleter\u00eda del teatro de mi\u00e9rcoles a domingo, de 18 a 21.<\/strong><\/p>\n\n\n\n<div style=\"height:20px\" aria-hidden=\"true\" class=\"wp-block-spacer\"><\/div>\n\n\n\n<p><strong>Amelita Baltar<\/strong> es una cantante, actriz, conductora, int\u00e9rprete, compositora y profesora de m\u00fasica, con m\u00e1s de cincuenta a\u00f1os de trayectoria. Descubierta por \u00c1stor Piazzolla en 1968, fue voz indiscutible de los temas del d\u00fao Piazzolla y Ferrer. Se present\u00f3 entre m\u00faltiples escenarios en Estambul, Par\u00eds, Alemania, Finlandia, Suecia, Brasil, Espa\u00f1a, Colombia, EEUU, Jap\u00f3n y Corea del Sur. Realiz\u00f3 conciertos con distintas orquestas sinf\u00f3nicas y de m\u00fasica popular. Multipremiada.<\/p>\n\n\n\n<div style=\"height:35px\" aria-hidden=\"true\" class=\"wp-block-spacer\"><\/div>\n\n\n\n<p class=\"has-medium-font-size\"><strong>Programa completo<\/strong><\/p>\n\n\n\n<p>La propuesta ofrece una particular armon\u00eda entre la m\u00fasica ciudadana y el enoturismo. Desde el 17 al 19 de septiembre, se realizar\u00e1n 20 conciertos con la participaci\u00f3n de 100 m\u00fasicos y 20 parejas de baile. Se recorrer\u00e1n 15 bodegas y espacios culturales de la provincia. Hay opciones pagas y gratuitas.<\/p>\n\n\n\n<p><strong>Las entradas podr\u00e1n adquirirse a trav\u00e9s de&nbsp;<a href=\"https:\/\/www.entradaweb.com.ar\/index.php?r=\/site\/listado&amp;g=193\" target=\"_blank\" rel=\"noreferrer noopener\">entradaweb.com.ar<\/a><\/strong><\/p>\n\n\n\n<p class=\"has-black-color has-text-color has-background\" style=\"background-color:#abb7c266\"><strong>Domingo 17\/9<\/strong><\/p>\n\n\n\n<p><strong>12 hs &#8211; Bodega Grand Estate<\/strong><\/p>\n\n\n\n<ul class=\"wp-block-list\">\n<li>M\u00fasica: Lewin-Ratier-Velasco Tr\u00edo<\/li>\n\n\n\n<li>Bailarines: Giovanna Tomba y Gabriel Sosa&nbsp;&nbsp;&nbsp;&nbsp;&nbsp;&nbsp;&nbsp;&nbsp;<\/li>\n\n\n\n<li>Entrada con costo<\/li>\n\n\n\n<li>Ubicaci\u00f3n: Castelli 1331, San Rafael<\/li>\n<\/ul>\n\n\n\n<p><strong>12. 30 hs &#8211;  Bodega Salentein<\/strong><\/p>\n\n\n\n<ul class=\"wp-block-list\">\n<li>M\u00fasicos: Entramadas<\/li>\n\n\n\n<li>Bailarines: Paola Valdivia y Javier Jofr\u00e9&nbsp;<\/li>\n\n\n\n<li>Entrada con costo<\/li>\n\n\n\n<li>Ubicaci\u00f3n: Ruta Provincial 89 S\/N Km 14, Los \u00c1rboles, Tunuy\u00e1n<\/li>\n<\/ul>\n\n\n\n<p><strong>13 hs &#8211; Bodega Finca Del Nunca Jam\u00e1s<\/strong><\/p>\n\n\n\n<ul class=\"wp-block-list\">\n<li>M\u00fasicos: La Mundial Orquesta<\/li>\n\n\n\n<li>Bailarines: Rosario Gim\u00e9nez y Juan Pablo Valdebenito<\/li>\n\n\n\n<li>Entrada con costo<\/li>\n\n\n\n<li>Ubicaci\u00f3n: Tabanera s-n, Colonia Las Rosas, Tunuy\u00e1n<\/li>\n<\/ul>\n\n\n\n<p><strong>16 hs &#8211; Finca Cosmos<\/strong><\/p>\n\n\n\n<ul class=\"wp-block-list\">\n<li>M\u00fasicos: Strapatango<\/li>\n\n\n\n<li>Bailarines: Carla Campagnolo y Luis Campos<\/li>\n\n\n\n<li>Entrada: Alimento no perecedero para merenderos de la zona<\/li>\n\n\n\n<li>Ubicaci\u00f3n: San Mart\u00edn S\/N (esquina 9 de julio), Villa Tulumaya, Lavalle<\/li>\n<\/ul>\n\n\n\n<p><strong>16 hs &#8211; Lamadrid Estate Wines<\/strong><\/p>\n\n\n\n<ul class=\"wp-block-list\">\n<li>M\u00fasicos: Albertina Crescitelli Ensemble<\/li>\n\n\n\n<li>Bailarines: Cecilia P\u00e9rez y Dami\u00e1n Romera<\/li>\n\n\n\n<li>Entrada con costo<\/li>\n\n\n\n<li>Ubicaci\u00f3n: Roque S\u00e1enz Pe\u00f1a 8450, Las Compuertas, Luj\u00e1n<\/li>\n<\/ul>\n\n\n\n<p><strong>17 hs &#8211; Bodega Chandon<\/strong><\/p>\n\n\n\n<ul class=\"wp-block-list\">\n<li>M\u00fasicos: S4E \u2013 Saxo 4 Ensamble<\/li>\n\n\n\n<li>Bailarines: Luciana Antonella Izquierdo&nbsp; Grippi y Santiago Bragagnolo Giunchi<\/li>\n\n\n\n<li>Entrada con costo<\/li>\n\n\n\n<li>Ubicaci\u00f3n: Km 29, Ruta Nacional 15, Agrelo, Luj\u00e1n<\/li>\n<\/ul>\n\n\n\n<p><strong>17.30 hs &#8211; Bodega Familia Crotta<\/strong><\/p>\n\n\n\n<ul class=\"wp-block-list\">\n<li>M\u00fasicos: Malevaje<\/li>\n\n\n\n<li>Bailarines: Lis Santander y&nbsp; Eduardo Tevez&nbsp;&nbsp;&nbsp;&nbsp;&nbsp;&nbsp;&nbsp;&nbsp;&nbsp;<\/li>\n\n\n\n<li>Entrada con costo<\/li>\n\n\n\n<li>Ubicaci\u00f3n: Carril Chimbas y Panamericana, Palmira. San Mart\u00edn<\/li>\n<\/ul>\n\n\n\n<p><strong>21.30&nbsp;hs &#8211;&nbsp; Teatro Independencia<\/strong><\/p>\n\n\n\n<ul class=\"wp-block-list\">\n<li>Concierto apertura. Amelita Baltar y la Orquesta Filarm\u00f3nica de Mendoza<\/li>\n\n\n\n<li>Entrada con costo<\/li>\n\n\n\n<li>Ubicaci\u00f3n: Chile y Espejo, Ciudad de Mendoza<\/li>\n<\/ul>\n\n\n\n<div style=\"height:30px\" aria-hidden=\"true\" class=\"wp-block-spacer\"><\/div>\n\n\n\n<p class=\"has-background\" style=\"background-color:#abb7c266\"><strong>Lunes 18<\/strong><\/p>\n\n\n\n<p><strong>12 hs &#8211; Bodega Alpamanta&nbsp;&nbsp;&nbsp;&nbsp;&nbsp;&nbsp;&nbsp;&nbsp;&nbsp;&nbsp;&nbsp;&nbsp;<\/strong><\/p>\n\n\n\n<ul class=\"wp-block-list\">\n<li>M\u00fasicos: Contramarca Tango<\/li>\n\n\n\n<li>Bailarines: Virginia P\u00e1ez y Jes\u00fas Garay<\/li>\n\n\n\n<li>Entrada con costo<\/li>\n\n\n\n<li>Ubicaci\u00f3n: Calle 4, Calle Cobos S\/N, Ugarteche, Luj\u00e1n<\/li>\n<\/ul>\n\n\n\n<p><strong>13 hs &#8211; Bodega Boutique Ibarra<\/strong><\/p>\n\n\n\n<ul class=\"wp-block-list\">\n<li>M\u00fasicos: R.O.B. y sus m\u00fasicos<\/li>\n\n\n\n<li>Bailarines: \u00c1ngela Lineros y Andr\u00e9s Olave<\/li>\n\n\n\n<li>Entrada con costo<\/li>\n\n\n\n<li>Ubicaci\u00f3n: Cubillos 3550, Rama Ca\u00edda, San Rafael<\/li>\n<\/ul>\n\n\n\n<p><strong>16 hs &#8211; Casa Bermell\u00f3n&nbsp;&nbsp;&nbsp;<\/strong><\/p>\n\n\n\n<ul class=\"wp-block-list\">\n<li>M\u00fasicos: Quinteto Argentino de Tango<\/li>\n\n\n\n<li>Bailarines: Roc\u00edo Valencia y Gonzalo Ju\u00e1rez<\/li>\n\n\n\n<li>Entrada con costo<\/li>\n\n\n\n<li>Ubicaci\u00f3n: Cobos 4397, Perdriel, Luj\u00e1n<\/li>\n<\/ul>\n\n\n\n<p><strong>19 hs &#8211; Museo Provincial de Bellas Artes Emiliano Gui\u00f1az\u00fa \u2013 Casa de Fader<\/strong><\/p>\n\n\n\n<ul class=\"wp-block-list\">\n<li>M\u00fasicos: Araca Aires Urbanos<\/li>\n\n\n\n<li>Bailarines: Cecilia Herrera y Carlos Trigo<\/li>\n\n\n\n<li>Entrada sin costo<\/li>\n\n\n\n<li>Ubicaci\u00f3n: San Mart\u00edn s\/n \u2013 Mayor Drumond, Luj\u00e1n<\/li>\n<\/ul>\n\n\n\n<p><strong>19 hs &#8211; Explanada Ministerio de Cultura y Turismo<\/strong><\/p>\n\n\n\n<ul class=\"wp-block-list\">\n<li>M\u00fasicos: ClariNotes<\/li>\n\n\n\n<li>Bailarines: Agueda Mansilla y Joel Tempesti<\/li>\n\n\n\n<li>Entrada sin costo<\/li>\n\n\n\n<li>Ubicaci\u00f3n: Espa\u00f1a y Guti\u00e9rrez, Ciudad de Mendoza<\/li>\n<\/ul>\n\n\n\n<p><strong>19 hs &#8211; Chocolezza<\/strong><\/p>\n\n\n\n<ul class=\"wp-block-list\">\n<li>M\u00fasicos: D\u00fao Paula y Pablo Guerra<\/li>\n\n\n\n<li>Bailarines: Sol Albert y Lucas Mar\u00edn<\/li>\n\n\n\n<li>Entrada con reserva<\/li>\n\n\n\n<li>Ubicaci\u00f3n: Coronel D\u00edaz 343, Las Heras<\/li>\n<\/ul>\n\n\n\n<p><strong>19 hs &#8211; Planta 1<\/strong><\/p>\n\n\n\n<ul class=\"wp-block-list\">\n<li>M\u00fasicos: Ser\u00e9 Tango<\/li>\n\n\n\n<li>Bailarines: Papirusa Tango<\/li>\n\n\n\n<li>Entradas con costo<\/li>\n\n\n\n<li>Ubicaci\u00f3n: Calle Col\u00f3n&nbsp; esquina Ceretti<\/li>\n<\/ul>\n\n\n\n<p><strong>21 hs &#8211; Mansi\u00f3n Stoppel \u2013 Museo Carlos Alonso<\/strong><\/p>\n\n\n\n<ul class=\"wp-block-list\">\n<li>M\u00fasicos: Aura D\u00fao<\/li>\n\n\n\n<li>Bailarines: Eugenia Moyano y Pablo Fern\u00e1ndez<\/li>\n\n\n\n<li>Entrada sin costo<\/li>\n\n\n\n<li>Ubicaci\u00f3n: Av. Emilio Civit 348, Ciudad de Mendoza<\/li>\n<\/ul>\n\n\n\n<div style=\"height:30px\" aria-hidden=\"true\" class=\"wp-block-spacer\"><\/div>\n\n\n\n<p class=\"has-background\" style=\"background-color:#abb7c266\"><strong>Martes 19<\/strong><\/p>\n\n\n\n<p><strong>11 hs &#8211; Bodega La Rural&nbsp;&nbsp;<\/strong><\/p>\n\n\n\n<ul class=\"wp-block-list\">\n<li>M\u00fasicos: D\u00fao M\u00e9ndez \u2013 Ledda y Javier Franco<\/li>\n\n\n\n<li>Bailarines: Ansuya Difonso y Diego P\u00e9rez<\/li>\n\n\n\n<li>Entrada con costo<\/li>\n\n\n\n<li>Ubicaci\u00f3n: Montecaseros 2625, Coquimbito, Maip\u00fa<\/li>\n<\/ul>\n\n\n\n<p><strong>16 hs &#8211; Rinc\u00f3n Atamisque&nbsp;&nbsp;&nbsp;&nbsp;&nbsp;&nbsp;&nbsp;&nbsp;&nbsp;&nbsp;&nbsp;&nbsp;&nbsp;<\/strong><\/p>\n\n\n\n<ul class=\"wp-block-list\">\n<li>M\u00fasicos: Ser\u00e9 Tango<\/li>\n\n\n\n<li>Bailarines: Damaris Aveiro y Carlos Chamorro<\/li>\n\n\n\n<li>Entrada con costo<\/li>\n\n\n\n<li>Ubicaci\u00f3n: Calle La Gloria 2054, San Jos\u00e9, Tupungato<\/li>\n<\/ul>\n\n\n\n<p><strong>18 hs &#8211; Bodega Los Haroldos<\/strong><\/p>\n\n\n\n<ul class=\"wp-block-list\">\n<li>M\u00fasicos: D\u00fao Bilen \u2013 Fereira<\/li>\n\n\n\n<li>Bailarines: Luciana Romero y Emanuel Baez<\/li>\n\n\n\n<li>Entrada con costo<\/li>\n\n\n\n<li>Ubicaci\u00f3n: Ruta Panamericana y, C. Miguez, San Martin<\/li>\n<\/ul>\n\n\n\n<p><strong>21 hs &#8211; Bodega Aleph Wine Co.&nbsp;&nbsp;<\/strong><\/p>\n\n\n\n<ul class=\"wp-block-list\">\n<li>M\u00fasicos: Barrag\u00e1n Maroglio Vega<\/li>\n\n\n\n<li>Bailarines: Flavia Marino y Mauricio Palacios<\/li>\n\n\n\n<li>Entrada con costo<\/li>\n\n\n\n<li>Ubicaci\u00f3n: Carril Barriales, Jun\u00edn<\/li>\n<\/ul>\n\n\n\n<div style=\"height:30px\" aria-hidden=\"true\" class=\"wp-block-spacer\"><\/div>\n","protected":false},"excerpt":{"rendered":"<p>En 3 d\u00edas seguidos, el ya afamado festival que recorre vi\u00f1as, bodegas y teatros de&hellip;<\/p>\n","protected":false},"author":3,"featured_media":101063,"comment_status":"open","ping_status":"open","sticky":false,"template":"","format":"standard","meta":{"footnotes":""},"categories":[11],"tags":[],"class_list":["post-101057","post","type-post","status-publish","format-standard","has-post-thumbnail","hentry","category-enoturismo"],"_links":{"self":[{"href":"https:\/\/enolife.com.ar\/es\/wp-json\/wp\/v2\/posts\/101057","targetHints":{"allow":["GET"]}}],"collection":[{"href":"https:\/\/enolife.com.ar\/es\/wp-json\/wp\/v2\/posts"}],"about":[{"href":"https:\/\/enolife.com.ar\/es\/wp-json\/wp\/v2\/types\/post"}],"author":[{"embeddable":true,"href":"https:\/\/enolife.com.ar\/es\/wp-json\/wp\/v2\/users\/3"}],"replies":[{"embeddable":true,"href":"https:\/\/enolife.com.ar\/es\/wp-json\/wp\/v2\/comments?post=101057"}],"version-history":[{"count":0,"href":"https:\/\/enolife.com.ar\/es\/wp-json\/wp\/v2\/posts\/101057\/revisions"}],"wp:featuredmedia":[{"embeddable":true,"href":"https:\/\/enolife.com.ar\/es\/wp-json\/wp\/v2\/media\/101063"}],"wp:attachment":[{"href":"https:\/\/enolife.com.ar\/es\/wp-json\/wp\/v2\/media?parent=101057"}],"wp:term":[{"taxonomy":"category","embeddable":true,"href":"https:\/\/enolife.com.ar\/es\/wp-json\/wp\/v2\/categories?post=101057"},{"taxonomy":"post_tag","embeddable":true,"href":"https:\/\/enolife.com.ar\/es\/wp-json\/wp\/v2\/tags?post=101057"}],"curies":[{"name":"wp","href":"https:\/\/api.w.org\/{rel}","templated":true}]}}