{"id":10104,"date":"2020-03-25T13:24:06","date_gmt":"2020-03-25T13:24:06","guid":{"rendered":"http:\/\/enolife.com.ar\/es\/?p=10104"},"modified":"2020-03-27T01:45:20","modified_gmt":"2020-03-27T01:45:20","slug":"vos-que-podes-quedate-en-casa-aconsejan-enologos-en-un-video-mientras-elaboran-vino","status":"publish","type":"post","link":"https:\/\/enolife.com.ar\/es\/vos-que-podes-quedate-en-casa-aconsejan-enologos-en-un-video-mientras-elaboran-vino\/","title":{"rendered":"\u00abVos que pod\u00e9s, quedate en casa\u00bb, aconsejan en\u00f3logos en un video mientras elaboran vino"},"content":{"rendered":"\n<h4 class=\"wp-block-heading\"><em><strong>Ayer 24\/3, un grupo de 16 profesionales de la industria vitivin\u00edcola de diferentes bodegas de Mendoza, coordinaron filmar un video para promover el #yomequedoencasa. Cada uno us\u00f3 su celular para grabarse y subir las im\u00e1genes editadas a las redes. Algunos de ellos aparecen en sus lugares de trabajo, otros no porque, o acaban de regresar de un viaje y est\u00e1n en cuarentena, o tienen funciones no encuadradas dentro de las excepciones. <\/strong><\/em><\/h4>\n\n\n\n<div style=\"height:20px\" aria-hidden=\"true\" class=\"wp-block-spacer\"><\/div>\n\n\n\n<p>En el video, la primera en hablar es <strong>Julia Halupczok (<\/strong>39),  i<strong>ngeniera agr\u00f3noma y gerente de Producci\u00f3n de Finca Sophenia<\/strong>. Su mensaje es:  <strong>\u00abvos que pod\u00e9s quedate en casa\u00bb,<\/strong> y est\u00e1 grabado desde su puesto de trabajo en la bodega.<strong> <\/strong>A partir de ah\u00ed contin\u00faan, por orden de aparici\u00f3n:<\/p>\n\n\n\n<p>Paula Gonz\u00e1lez &#8211; en\u00f3loga &#8211; Bodega Puros<br>Mat\u00edas Berrondo &#8211; en\u00f3logo &#8211; Beba Wines<br>Marcos Fern\u00e1ndez  &#8211; en\u00f3logo &#8211; Terrazas de los Andes<br>Rodrigo Serrano &#8211; en\u00f3logo &#8211; Domaine Bousquet<br>Mauricio Vegetti &#8211; en\u00f3logo &#8211; Lui Wines<br>Agustina Hanna &#8211; en\u00f3loga &#8211; Nieto Senetiner<br>Fernando Buscema &#8211; en\u00f3logo &#8211; Bodegas Caro<br>Cristian Moor &#8211; en\u00f3logo &#8211; Coraz\u00f3n del Sol<br>Leonardo Querceti &#8211; en\u00f3logo &#8211; MonteQuieto<br>Jorge Cabrera &#8211; titular de caminosdelvino.com<br>Germ\u00e1n Di Cesare &#8211; en\u00f3logo &#8211; Trivento<br>Juan Ventureyra  &#8211; chef en Riccitelli Wines<br>Francisco Mu\u00f1\u00edz &#8211; comercial &#8211; Grupo Altasur<br>Mat\u00edas Ciciani &#8211; en\u00f3logo &#8211; Escorihuela Gasc\u00f3n<br>Andr\u00e9s Vignoni &#8211; en\u00f3logo &#8211; Vi\u00f1a Cobos<\/p>\n\n\n\n<div style=\"height:20px\" aria-hidden=\"true\" class=\"wp-block-spacer\"><\/div>\n\n\n\n<p class=\"has-medium-font-size\"><strong>El mensaje completo  <\/strong><\/p>\n\n\n\n<p><em>\u00ab#QuedateEnCasa Vos qu\u00e9 podes&#8230; Vos qu\u00e9 est\u00e1s entendiendo que esto va en serio&#8230; Vos qu\u00e9 junto a todos podemos frenar esto&#8230; Desde nuestro humilde lugar&#8230; Ese en el cu\u00e1l nos toca todo esto&#8230; Algunos en casa .. otros haciendo la cuarentena en la bodega&#8230; Con sacrificios y d\u00edas y horas inconclusas&#8230; Queremos hacerles llegar este mensaje&#8230; Para que juntos brindemos luego por una victoria entre todos&#8230; Con una buena copa de vino&#8230; Pero con abrazos y muuucho cari\u00f1o&#8230;\u00bb \u00a1 Vos qu\u00e9 podes&#8230;&nbsp;<a href=\"https:\/\/www.facebook.com\/hashtag\/quedateencasa?source=feed_text&amp;epa=HASHTAG&amp;__xts__%5B0%5D=68.ARAK6t2xfuf7TmBX3P3hJLVIVNhjHhvKEzBf3AVyAFTtL0cVzmu0-aW4Q_J4diqWWSFeoRdc-YU6UwU4vAIaPpZijJXeHCoPXoy_0jCn6YVR86fuYbDDyBVX_7dhLrgNfXvcLiDHGK8h60eUB2y3nva2iundtRdBBJGBYQLR9ReSTpWuG3z8MZ_cAeZXCTEhwJrk7tbguZXPTd8hSFHYqWB4-W31TwgYUQmbI1gJbg7RJnJSpgUh2BofRT59OZAtN9e4n2vmXR0oh9LvTw&amp;__tn__=%2ANKH-R\">#QuedateEnCasa<\/a>&nbsp;! <a href=\"https:\/\/www.facebook.com\/hashtag\/esporvos?source=feed_text&amp;epa=HASHTAG&amp;__xts__%5B0%5D=68.ARAK6t2xfuf7TmBX3P3hJLVIVNhjHhvKEzBf3AVyAFTtL0cVzmu0-aW4Q_J4diqWWSFeoRdc-YU6UwU4vAIaPpZijJXeHCoPXoy_0jCn6YVR86fuYbDDyBVX_7dhLrgNfXvcLiDHGK8h60eUB2y3nva2iundtRdBBJGBYQLR9ReSTpWuG3z8MZ_cAeZXCTEhwJrk7tbguZXPTd8hSFHYqWB4-W31TwgYUQmbI1gJbg7RJnJSpgUh2BofRT59OZAtN9e4n2vmXR0oh9LvTw&amp;__tn__=%2ANKH-R\">#EsPorVos<\/a>&nbsp;<a href=\"https:\/\/www.facebook.com\/hashtag\/esportodos?source=feed_text&amp;epa=HASHTAG&amp;__xts__%5B0%5D=68.ARAK6t2xfuf7TmBX3P3hJLVIVNhjHhvKEzBf3AVyAFTtL0cVzmu0-aW4Q_J4diqWWSFeoRdc-YU6UwU4vAIaPpZijJXeHCoPXoy_0jCn6YVR86fuYbDDyBVX_7dhLrgNfXvcLiDHGK8h60eUB2y3nva2iundtRdBBJGBYQLR9ReSTpWuG3z8MZ_cAeZXCTEhwJrk7tbguZXPTd8hSFHYqWB4-W31TwgYUQmbI1gJbg7RJnJSpgUh2BofRT59OZAtN9e4n2vmXR0oh9LvTw&amp;__tn__=%2ANKH-R\">#EsPorTodos<\/a>. Gracias&#8230;<\/em><\/p>\n\n\n\n<div style=\"height:20px\" aria-hidden=\"true\" class=\"wp-block-spacer\"><\/div>\n\n\n\n<figure class=\"wp-block-video aligncenter\"><video controls src=\"https:\/\/enolife.com.ar\/es\/wp-content\/uploads\/2020\/03\/WhatsApp-Video-2020-03-24-at-14.42.26.mp4\"><\/video><\/figure>\n\n\n\n<div style=\"height:20px\" aria-hidden=\"true\" class=\"wp-block-spacer\"><\/div>\n\n\n\n<p>En charla con Enolife, Julia Halupczok nos cont\u00f3: \u00abAl video lo subimos a redes sociales y lo enviamos a grupos de whatsapp pidiendo que cada uno lo siguiera reenviando. La respuesta fue muy buena, tuvo bastante difusi\u00f3n y esperamos que despierte la conciencia, eso es lo que buscamos\u00bb. <\/p>\n\n\n\n<p>Seg\u00fan el grupo de en\u00f3logos mensajeros, si bien el video es una iniciativa de profesionales de la industria vitivin\u00edcola no est\u00e1 dirigido s\u00f3lo a ellos sino tambi\u00e9n para todos los que contin\u00faan desarrollando sus actividades de servicios a la comunidad en hospitales, en la v\u00eda p\u00fablica, los agentes de seguridad, choferes de micro, taxistas, <em>\u00abtantas personas que ni sabemos que tienen que seguir trabajando\u00bb, <\/em>dicen. <\/p>\n\n\n\n<div style=\"height:20px\" aria-hidden=\"true\" class=\"wp-block-spacer\"><\/div>\n\n\n\n<blockquote class=\"wp-block-quote is-layout-flow wp-block-quote-is-layout-flow\"><p><strong><em>\u00abEn las bodegas estamos en permanente comunicaci\u00f3n entre nosotros, han habido muchas asambleas, reuniones a trav\u00e9s de instituciones como Bodegas de Argentina, en las que estuvieron los principales representantes de las empresas con los gremios para acordar los protocolos de protecci\u00f3n, medidas que est\u00e1n siendo actualizadas permanentemente y estamos llevando a cabo\u00bb<\/em><\/strong>.<\/p><cite><strong>Julia  Halupczok ,  gerente de Producci\u00f3n de Finca Sophenia <\/strong><\/cite><\/blockquote>\n\n\n\n<div style=\"height:20px\" aria-hidden=\"true\" class=\"wp-block-spacer\"><\/div>\n\n\n\n<p>\u00abPrincipalmente se comenz\u00f3 con turnos rotativos en los que se intenta que no haya m\u00e1s de cinco personas que entre ellos no deben juntarse, en el comedor deben mantener  la distancia de un metro, en los ba\u00f1os se colocaron todos los elementos de limpieza tales como jab\u00f3n, toallas descartables, alcohol en gel, que en caso de no conseguirlo se  utiliza alcohol dilu\u00eddo a 70 grados\u00bb, detall\u00f3 Julia.<\/p>\n\n\n\n<p>En cuanto a la preparaci\u00f3n del personal para la emergencia, explic\u00f3 Julia: \u00abHemos brindado capacitaciones a la gente de cada uno de los turnos sobre higiene y las medidas de seguridad que tienen que tomar en la bodega y al llegar a sus casas\u00bb. <\/p>\n\n\n\n<p>\u00abPara el transporte de personal, hemos reducido a la mitad la capacidad las trafics, hacemos m\u00e1s viajes con menos gente, que tienen que ir sentados asiento de por medio; adem\u00e1s se le han provisto barbijos a todos, para que recambien en cada viaje, y les hemos ense\u00f1ado c\u00f3mo manipularlo para no contaminarlo&#8230; Es un protocolo bastante extenso y lo estamos llevando a cabo tanto para el personal de bodega como para el de vi\u00f1a\u00bb.<\/p>\n\n\n\n<div style=\"height:100px\" aria-hidden=\"true\" class=\"wp-block-spacer\"><\/div>\n","protected":false},"excerpt":{"rendered":"<p>Ayer 24\/3, un grupo de 16 profesionales de la industria vitivin\u00edcola de diferentes bodegas de&hellip;<\/p>\n","protected":false},"author":3,"featured_media":10124,"comment_status":"open","ping_status":"open","sticky":false,"template":"","format":"standard","meta":{"footnotes":""},"categories":[36],"tags":[],"class_list":["post-10104","post","type-post","status-publish","format-standard","has-post-thumbnail","hentry","category-el-pinguino"],"_links":{"self":[{"href":"https:\/\/enolife.com.ar\/es\/wp-json\/wp\/v2\/posts\/10104","targetHints":{"allow":["GET"]}}],"collection":[{"href":"https:\/\/enolife.com.ar\/es\/wp-json\/wp\/v2\/posts"}],"about":[{"href":"https:\/\/enolife.com.ar\/es\/wp-json\/wp\/v2\/types\/post"}],"author":[{"embeddable":true,"href":"https:\/\/enolife.com.ar\/es\/wp-json\/wp\/v2\/users\/3"}],"replies":[{"embeddable":true,"href":"https:\/\/enolife.com.ar\/es\/wp-json\/wp\/v2\/comments?post=10104"}],"version-history":[{"count":0,"href":"https:\/\/enolife.com.ar\/es\/wp-json\/wp\/v2\/posts\/10104\/revisions"}],"wp:featuredmedia":[{"embeddable":true,"href":"https:\/\/enolife.com.ar\/es\/wp-json\/wp\/v2\/media\/10124"}],"wp:attachment":[{"href":"https:\/\/enolife.com.ar\/es\/wp-json\/wp\/v2\/media?parent=10104"}],"wp:term":[{"taxonomy":"category","embeddable":true,"href":"https:\/\/enolife.com.ar\/es\/wp-json\/wp\/v2\/categories?post=10104"},{"taxonomy":"post_tag","embeddable":true,"href":"https:\/\/enolife.com.ar\/es\/wp-json\/wp\/v2\/tags?post=10104"}],"curies":[{"name":"wp","href":"https:\/\/api.w.org\/{rel}","templated":true}]}}