{"id":100787,"date":"2023-09-11T14:26:31","date_gmt":"2023-09-11T14:26:31","guid":{"rendered":"https:\/\/enolife.com.ar\/es\/?p=100787"},"modified":"2023-09-12T19:06:49","modified_gmt":"2023-09-12T19:06:49","slug":"capacitacion-de-invinum-enfermedades-y-defectos-de-origen-microbiano-que-perjudican-al-vino","status":"publish","type":"post","link":"https:\/\/enolife.com.ar\/es\/capacitacion-de-invinum-enfermedades-y-defectos-de-origen-microbiano-que-perjudican-al-vino\/","title":{"rendered":"Capacitaci\u00f3n de Invinum: enfermedades y defectos de origen microbiano que perjudican al vino"},"content":{"rendered":"\n<h4 class=\"wp-block-heading\"><em><strong>El pr\u00f3ximo 29 de setiembre de 2023, el instituto de capacitaci\u00f3n vitivin\u00edcola Invinum, con sede en Mendoza, realizar\u00e1 el segundo encuentro del ciclo \u00abArgentina, un pa\u00eds de vinos\u00bb en La Enoteca, centro tem\u00e1tico del vino de Mendoza, ubicado en Peltier 611 de la Capital provincial.<\/strong><\/em><\/h4>\n\n\n\n<div style=\"height:35px\" aria-hidden=\"true\" class=\"wp-block-spacer\"><\/div>\n\n\n<a href=\"https:\/\/fermentis.com\/es\/\" aria-label=\"MYC-forSparkling_1700x500 (1)\"><img loading=\"lazy\" decoding=\"async\" src=\"https:\/\/enolife.com.ar\/es\/wp-content\/uploads\/2022\/03\/MYC-forSparkling_1700x500-1.jpg\" alt=\"\"  srcset=\"https:\/\/enolife.com.ar\/es\/wp-content\/uploads\/2022\/03\/MYC-forSparkling_1700x500-1.jpg 1700w, https:\/\/enolife.com.ar\/es\/wp-content\/uploads\/2022\/03\/MYC-forSparkling_1700x500-1-300x88.jpg 300w, https:\/\/enolife.com.ar\/es\/wp-content\/uploads\/2022\/03\/MYC-forSparkling_1700x500-1-1024x301.jpg 1024w, https:\/\/enolife.com.ar\/es\/wp-content\/uploads\/2022\/03\/MYC-forSparkling_1700x500-1-768x226.jpg 768w, https:\/\/enolife.com.ar\/es\/wp-content\/uploads\/2022\/03\/MYC-forSparkling_1700x500-1-1536x452.jpg 1536w, https:\/\/enolife.com.ar\/es\/wp-content\/uploads\/2022\/03\/MYC-forSparkling_1700x500-1-1170x344.jpg 1170w, https:\/\/enolife.com.ar\/es\/wp-content\/uploads\/2022\/03\/MYC-forSparkling_1700x500-1-585x172.jpg 585w\" sizes=\"auto, (max-width: 1700px) 100vw, 1700px\" width=\"1700\" height=\"500\"   \/><\/a>\n\n\n<div style=\"height:45px\" aria-hidden=\"true\" class=\"wp-block-spacer\"><\/div>\n\n\n\n<p>En la fecha arriba consignada tendr\u00e1 lugar en la <strong>Enoteca de Mendoza<\/strong> una nueva edici\u00f3n del ciclo que busca capacitar a especialistas y difundir la cultura del vino entre en\u00f3logos, ingenieros y tambi\u00e9n p\u00fablico en general interesado en estos temas. <\/p>\n\n\n\n<p>En la oportunidad, disertar\u00e1n sobre <strong>\u00abEnfermedades y defectos de origen microbiano, que afectan la calidad del vino\u00bb <\/strong>destacados especialistas como los en\u00f3logos e ingenieros <strong>Valeria Chimeno<\/strong>, <strong>Mar\u00eda Elena Sturm<\/strong> y <strong>Sergio R. Aloisio<\/strong>, del <strong>Instituto Nacional de Tecnolog\u00eda Agropecuaria (INTA)<\/strong>, las dos primeras, y de la empresa <strong>Fermentis<\/strong> -auspiciante principal del evento- el tercero.<\/p>\n\n\n\n<p>Las inscripciones a la capacitaci\u00f3n, que transcurrir\u00e1 entre las <strong>13.45 y las 21 hs del 29\/9<\/strong>, tienen un costo de <strong>$11.000 para el p\u00fablico en general y $4.000 para estudiantes.<\/strong><\/p>\n\n\n\n<p>Las inscripciones se pueden realizar <strong>enviando un mensaje <a href=\"https:\/\/invinum.com.ar\/contacto\/\" title=\"\">AQU\u00cd <\/a><\/strong>o llamando al <strong>+54 9 261 576 9741 (WhatsApp).<\/strong><\/p>\n\n\n\n<div style=\"height:35px\" aria-hidden=\"true\" class=\"wp-block-spacer\"><\/div>\n\n\n\n<p class=\"has-background\" style=\"background-color:#abb7c247\"><strong>Programa<\/strong><\/p>\n\n\n<div class=\"wp-block-image\">\n<figure class=\"aligncenter size-full is-resized\"><a href=\"https:\/\/enolife.com.ar\/es\/wp-content\/uploads\/2023\/09\/Imagen1-4.jpg\" data-rel=\"penci-gallery-image-content\" ><img loading=\"lazy\" decoding=\"async\" src=\"https:\/\/enolife.com.ar\/es\/wp-content\/uploads\/2023\/09\/Imagen1-4.jpg\" alt=\"\" class=\"wp-image-100791\" width=\"700\" height=\"442\" srcset=\"https:\/\/enolife.com.ar\/es\/wp-content\/uploads\/2023\/09\/Imagen1-4.jpg 835w, https:\/\/enolife.com.ar\/es\/wp-content\/uploads\/2023\/09\/Imagen1-4-300x189.jpg 300w, https:\/\/enolife.com.ar\/es\/wp-content\/uploads\/2023\/09\/Imagen1-4-768x485.jpg 768w, https:\/\/enolife.com.ar\/es\/wp-content\/uploads\/2023\/09\/Imagen1-4-585x369.jpg 585w\" sizes=\"auto, (max-width: 700px) 100vw, 700px\" \/><\/a><\/figure><\/div>\n\n\n<div style=\"height:45px\" aria-hidden=\"true\" class=\"wp-block-spacer\"><\/div>\n","protected":false},"excerpt":{"rendered":"<p>El pr\u00f3ximo 29 de setiembre de 2023, el instituto de capacitaci\u00f3n vitivin\u00edcola Invinum, con sede&hellip;<\/p>\n","protected":false},"author":3,"featured_media":100973,"comment_status":"open","ping_status":"open","sticky":false,"template":"","format":"standard","meta":{"footnotes":""},"categories":[47],"tags":[],"class_list":["post-100787","post","type-post","status-publish","format-standard","has-post-thumbnail","hentry","category-agenda"],"_links":{"self":[{"href":"https:\/\/enolife.com.ar\/es\/wp-json\/wp\/v2\/posts\/100787","targetHints":{"allow":["GET"]}}],"collection":[{"href":"https:\/\/enolife.com.ar\/es\/wp-json\/wp\/v2\/posts"}],"about":[{"href":"https:\/\/enolife.com.ar\/es\/wp-json\/wp\/v2\/types\/post"}],"author":[{"embeddable":true,"href":"https:\/\/enolife.com.ar\/es\/wp-json\/wp\/v2\/users\/3"}],"replies":[{"embeddable":true,"href":"https:\/\/enolife.com.ar\/es\/wp-json\/wp\/v2\/comments?post=100787"}],"version-history":[{"count":0,"href":"https:\/\/enolife.com.ar\/es\/wp-json\/wp\/v2\/posts\/100787\/revisions"}],"wp:featuredmedia":[{"embeddable":true,"href":"https:\/\/enolife.com.ar\/es\/wp-json\/wp\/v2\/media\/100973"}],"wp:attachment":[{"href":"https:\/\/enolife.com.ar\/es\/wp-json\/wp\/v2\/media?parent=100787"}],"wp:term":[{"taxonomy":"category","embeddable":true,"href":"https:\/\/enolife.com.ar\/es\/wp-json\/wp\/v2\/categories?post=100787"},{"taxonomy":"post_tag","embeddable":true,"href":"https:\/\/enolife.com.ar\/es\/wp-json\/wp\/v2\/tags?post=100787"}],"curies":[{"name":"wp","href":"https:\/\/api.w.org\/{rel}","templated":true}]}}