{"id":100610,"date":"2023-09-01T00:04:14","date_gmt":"2023-09-01T00:04:14","guid":{"rendered":"https:\/\/enolife.com.ar\/es\/?p=100610"},"modified":"2023-09-01T15:02:06","modified_gmt":"2023-09-01T15:02:06","slug":"el-1-9-vuelve-al-boulevard-pedro-molina-la-feria-solidaria-de-vinos-aceites-regalos-y-diseno","status":"publish","type":"post","link":"https:\/\/enolife.com.ar\/es\/el-1-9-vuelve-al-boulevard-pedro-molina-la-feria-solidaria-de-vinos-aceites-regalos-y-diseno\/","title":{"rendered":"El 1\/9 vuelve al Boulevard Pedro Molina la Feria solidaria de vinos, aceites, regalos y dise\u00f1o"},"content":{"rendered":"\n<h4 class=\"wp-block-heading\"><em><strong>Este viernes 1 de setiembre retorna a su ya tradicional emplazamiento en el Boulevard c\u00e9ntrico de calle Pedro Molina entre 9 de Julio la ya cl\u00e1sica Feria de Arte Accesible organizada por Encuentro Indi, con la colaboraci\u00f3n de las comuna de Capital. De 8 a 18, vecinos y turistas podr\u00e1n adquirir all\u00ed dulces artesanales, vinos, aceite de oliva, objetos de arte, ropa de dise\u00f1o y otros regalos a precios razonables, y de paso colaborar con instituciones ben\u00e9ficas que montan sus stands en el lugar. Luego, el s\u00e1bado 16 y el domingo 17 de setiembre, la Feria se emplazar\u00e1 en el Parque central, en los mismos horarios.<\/strong><\/em><\/h4>\n\n\n\n<div style=\"height:35px\" aria-hidden=\"true\" class=\"wp-block-spacer\"><\/div>\n\n\n<a href=\"https:\/\/www.facebook.com\/SindicatoContratitas\/\" aria-label=\"banner contratistas 1700&#215;500\"><img loading=\"lazy\" decoding=\"async\" src=\"https:\/\/enolife.com.ar\/es\/wp-content\/uploads\/2020\/08\/banner-contratistas-1700x500-1.jpg\" alt=\"\"  srcset=\"https:\/\/enolife.com.ar\/es\/wp-content\/uploads\/2020\/08\/banner-contratistas-1700x500-1.jpg 1700w, https:\/\/enolife.com.ar\/es\/wp-content\/uploads\/2020\/08\/banner-contratistas-1700x500-1-300x88.jpg 300w, https:\/\/enolife.com.ar\/es\/wp-content\/uploads\/2020\/08\/banner-contratistas-1700x500-1-1024x301.jpg 1024w, https:\/\/enolife.com.ar\/es\/wp-content\/uploads\/2020\/08\/banner-contratistas-1700x500-1-768x226.jpg 768w, https:\/\/enolife.com.ar\/es\/wp-content\/uploads\/2020\/08\/banner-contratistas-1700x500-1-1536x452.jpg 1536w, https:\/\/enolife.com.ar\/es\/wp-content\/uploads\/2020\/08\/banner-contratistas-1700x500-1-1170x344.jpg 1170w, https:\/\/enolife.com.ar\/es\/wp-content\/uploads\/2020\/08\/banner-contratistas-1700x500-1-585x172.jpg 585w\" sizes=\"auto, (max-width: 1700px) 100vw, 1700px\" width=\"1700\" height=\"500\"   \/><\/a>\n\n\n<div style=\"height:45px\" aria-hidden=\"true\" class=\"wp-block-spacer\"><\/div>\n\n\n<div class=\"wp-block-image\">\n<figure class=\"alignleft size-full is-resized\"><a href=\"https:\/\/enolife.com.ar\/es\/wp-content\/uploads\/2023\/08\/434a3b07-f443-4c58-8a02-46607ae0235d.jpg\" data-rel=\"penci-gallery-image-content\" ><img loading=\"lazy\" decoding=\"async\" src=\"https:\/\/enolife.com.ar\/es\/wp-content\/uploads\/2023\/08\/434a3b07-f443-4c58-8a02-46607ae0235d.jpg\" alt=\"\" class=\"wp-image-100615\" width=\"322\" height=\"322\" srcset=\"https:\/\/enolife.com.ar\/es\/wp-content\/uploads\/2023\/08\/434a3b07-f443-4c58-8a02-46607ae0235d.jpg 400w, https:\/\/enolife.com.ar\/es\/wp-content\/uploads\/2023\/08\/434a3b07-f443-4c58-8a02-46607ae0235d-300x300.jpg 300w, https:\/\/enolife.com.ar\/es\/wp-content\/uploads\/2023\/08\/434a3b07-f443-4c58-8a02-46607ae0235d-150x150.jpg 150w\" sizes=\"auto, (max-width: 322px) 100vw, 322px\" \/><\/a><\/figure><\/div>\n\n\n<p>Este d\u00eda 1 de setiembre&nbsp;vuelve a montarse la ya tradicional&nbsp;<strong>Feria Accesible<\/strong> en el centro de&nbsp;<strong>Mendoza<\/strong>. Con acceso libre y gratuito y la posibilidad de pasear y degustar productos regionales en stands y foodtrucks, los visitantes tambi\u00e9n pueden comprar y ayudar a organizaciones solidarias.<\/p>\n\n\n\n<p>La Feria, que se implementa&nbsp;<strong>desde 2012<\/strong>, tiene como uno de sus objetivos declarados integrar a personas con discapacidad, quienes comercializan su producci\u00f3n de diferentes objetos que son realizados en talleres protegidos de ONGs locales. <\/p>\n\n\n\n<p>La actividad ha sido declarada de inter\u00e9s p\u00fablico por la&nbsp;<strong>C\u00e1mara de Diputados de Mendoza<\/strong>&nbsp;(resoluci\u00f3n 368 de 2022), y en esta oportunidad contar\u00e1 con la participaci\u00f3n del <strong>Centro de D\u00eda Andar<\/strong>. En sus stands, se exponen y venden plantas, objetos de porcelana fr\u00eda, instrumentos musicales de madera que son creados en sus talleres. Andar tiene su sede en calle Coronel Plaza 745 de Ciudad y desde sus talleres trabajan para potenciar la creatividad de personas con discapacidad.<\/p>\n\n\n\n<p>La propuesta es organizada por&nbsp;<strong>Encuento IND<\/strong>I, con el aval de la&nbsp;<strong>Municipalidad de Mendoza<\/strong>. Como siempre, estar\u00e1n presentes los buenos artesanos y emprendedores mendocinos, con sus libros, aceites, vinos, objetos de arte de cer\u00e1mica, plantas, velas de soja, cuadros, ilustraciones y m\u00e1s.<\/p>\n\n\n\n<div style=\"height:35px\" aria-hidden=\"true\" class=\"wp-block-spacer\"><\/div>\n","protected":false},"excerpt":{"rendered":"<p>Este viernes 1 de setiembre retorna a su ya tradicional emplazamiento en el Boulevard c\u00e9ntrico&hellip;<\/p>\n","protected":false},"author":3,"featured_media":100617,"comment_status":"open","ping_status":"open","sticky":false,"template":"","format":"standard","meta":{"footnotes":""},"categories":[47],"tags":[],"class_list":["post-100610","post","type-post","status-publish","format-standard","has-post-thumbnail","hentry","category-agenda"],"_links":{"self":[{"href":"https:\/\/enolife.com.ar\/es\/wp-json\/wp\/v2\/posts\/100610","targetHints":{"allow":["GET"]}}],"collection":[{"href":"https:\/\/enolife.com.ar\/es\/wp-json\/wp\/v2\/posts"}],"about":[{"href":"https:\/\/enolife.com.ar\/es\/wp-json\/wp\/v2\/types\/post"}],"author":[{"embeddable":true,"href":"https:\/\/enolife.com.ar\/es\/wp-json\/wp\/v2\/users\/3"}],"replies":[{"embeddable":true,"href":"https:\/\/enolife.com.ar\/es\/wp-json\/wp\/v2\/comments?post=100610"}],"version-history":[{"count":0,"href":"https:\/\/enolife.com.ar\/es\/wp-json\/wp\/v2\/posts\/100610\/revisions"}],"wp:featuredmedia":[{"embeddable":true,"href":"https:\/\/enolife.com.ar\/es\/wp-json\/wp\/v2\/media\/100617"}],"wp:attachment":[{"href":"https:\/\/enolife.com.ar\/es\/wp-json\/wp\/v2\/media?parent=100610"}],"wp:term":[{"taxonomy":"category","embeddable":true,"href":"https:\/\/enolife.com.ar\/es\/wp-json\/wp\/v2\/categories?post=100610"},{"taxonomy":"post_tag","embeddable":true,"href":"https:\/\/enolife.com.ar\/es\/wp-json\/wp\/v2\/tags?post=100610"}],"curies":[{"name":"wp","href":"https:\/\/api.w.org\/{rel}","templated":true}]}}