{"id":100524,"date":"2023-09-01T15:02:43","date_gmt":"2023-09-01T15:02:43","guid":{"rendered":"https:\/\/enolife.com.ar\/es\/?p=100524"},"modified":"2023-09-04T17:03:11","modified_gmt":"2023-09-04T17:03:11","slug":"en-2022-las-exportaciones-de-vinos-con-cabernet-sauvignon-cayeron-132-respecto-a-2021","status":"publish","type":"post","link":"https:\/\/enolife.com.ar\/es\/en-2022-las-exportaciones-de-vinos-con-cabernet-sauvignon-cayeron-132-respecto-a-2021\/","title":{"rendered":"En 2022, las exportaciones de vinos con cabernet sauvignon cayeron 13,2% respecto a 2021"},"content":{"rendered":"\n<h4 class=\"wp-block-heading\"><em><strong>Con motivo de celebrarse a nivel mundial el D\u00eda del Cabernet Sauvignon, el Instituto Nacional de Vitivinicultura (INV) difundi\u00f3 un informe completo con datos de superficie, producci\u00f3n y comercializaci\u00f3n de los vinos elaborados con esta cepa al a\u00f1o 2022. Con 13.472 hect\u00e1reas (ha) cultivadas que producen 833.732 quintales (qq), se comercializaron en total 484.905 hectolitros (hl) de varietal puro y 101.026 hl en corte con alguna otra variedad. Al mercado interno se despacharon 358.193 hl y al externo 227.739 hl, por un valor FOB de 86.042.000 d\u00f3lares. Las exportaciones de este varietal han crecido desde el a\u00f1o 2019, aunque en 2022 disminuyeron un 13,2% con respecto al a\u00f1o anterior.<\/strong><\/em><\/h4>\n\n\n\n<div style=\"height:35px\" aria-hidden=\"true\" class=\"wp-block-spacer\"><\/div>\n\n\n<a href=\"https:\/\/www.linkedin.com\/company\/agrinet-sa\/?originalSubdomain=ar\" aria-label=\"1700X500\"><img loading=\"lazy\" decoding=\"async\" src=\"https:\/\/enolife.com.ar\/es\/wp-content\/uploads\/2021\/11\/1700X500.gif\" alt=\"\"  width=\"1700\" height=\"500\"   \/><\/a>\n\n\n<div style=\"height:45px\" aria-hidden=\"true\" class=\"wp-block-spacer\"><\/div>\n\n\n\n<p>A diferencia de lo que sucede con el D\u00eda del Malbec o el d\u00eda del Vino Argentino, la celebraci\u00f3n del<strong> D\u00eda Mundial del Cabernet Sauvignon<\/strong> va variando a\u00f1o a a\u00f1o. El origen del festejo est\u00e1 en <strong>Estados Unidos <\/strong>y el cambio de d\u00eda tambi\u00e9n est\u00e1 relacionado con el pa\u00eds. En el a\u00f1o 2010, <strong>Rick Bakas<\/strong> un experto en vinos del norte de California decidi\u00f3 impulsar la creaci\u00f3n del festejo en honor al varietal con el objetivo de impulsar sus ventas y para ello eligi\u00f3 <strong>el jueves anterior al D\u00eda del Trabajo en los Estados Unidos<\/strong> cuya fecha tampoco es fija. De esta manera, este a\u00f1o es el 31 de agosto y en 2024 ser\u00e1 el 29 de agosto.<\/p>\n\n\n\n<div style=\"height:35px\" aria-hidden=\"true\" class=\"wp-block-spacer\"><\/div>\n\n\n\n<p class=\"has-medium-font-size\"><strong>Origen de la cepa<\/strong><\/p>\n\n\n\n<p>La variedad Cabernet Sauvignon es una de las variedades tintas m\u00e1s prestigiosas del mundo ya que ha mostrado muy buena adaptaci\u00f3n en diferentes regiones vitivin\u00edcolas. Originaria de Burdeos, Francia, es la base de los grandes vinos de esta regi\u00f3n, cultiv\u00e1ndose adem\u00e1s en ese pa\u00eds en el Valle del Loira, en el sudoeste, la Provenza y en la zona meridional del Languedoc-Rousillon.<\/p>\n\n\n\n<p>Se adapta muy bien en zonas de <strong>California, Argentina, Chile, Espa\u00f1a, Portugal, Italia, Sud\u00e1frica, Nueva Zelanda y Australia.<\/strong> Estudios gen\u00e9ticos muestran que esta variedad proviene del cruzamiento natural entre <strong>Cabernet Franc y Sauvignon Blanc. <\/strong>Se desarrolla mejor en climas templados y secos.<\/p>\n\n\n\n<p>Los racimos de esta cepa son peque\u00f1os, al igual que sus granos. Posee bayas esf\u00e9ricas, muy jugosas, con la piel gruesa de intenso color negro y rica en taninos. Se caracteriza por el aroma a frutos rojos y pimiento, m\u00e1s o menos intenso seg\u00fan las zonas y sistema de cultivo utilizado.<\/p>\n\n\n\n<p>Da origen a vinos con mucho cuerpo y muy frutados, intensos, t\u00e1nicos y muy adecuados para la guarda, exalt\u00e1ndose durante la crianza su intenso aroma, sabor y complejidad. Los vinos de Cabernet Sauvignon son parte de cortes tradicionales con Merlot, Malbec y Cabernet Franc.<\/p>\n\n\n\n<div style=\"height:30px\" aria-hidden=\"true\" class=\"wp-block-spacer\"><\/div>\n\n\n<div class=\"wp-block-image\">\n<figure class=\"aligncenter size-full is-resized\"><a href=\"https:\/\/enolife.com.ar\/es\/wp-content\/uploads\/2023\/08\/Imagen1-20.jpg\" data-rel=\"penci-gallery-image-content\" ><img loading=\"lazy\" decoding=\"async\" src=\"https:\/\/enolife.com.ar\/es\/wp-content\/uploads\/2023\/08\/Imagen1-20.jpg\" alt=\"\" class=\"wp-image-100563\" width=\"661\" height=\"391\" srcset=\"https:\/\/enolife.com.ar\/es\/wp-content\/uploads\/2023\/08\/Imagen1-20.jpg 679w, https:\/\/enolife.com.ar\/es\/wp-content\/uploads\/2023\/08\/Imagen1-20-300x178.jpg 300w, https:\/\/enolife.com.ar\/es\/wp-content\/uploads\/2023\/08\/Imagen1-20-585x346.jpg 585w\" sizes=\"auto, (max-width: 661px) 100vw, 661px\" \/><\/a><figcaption class=\"wp-element-caption\"><strong><em>Ampelograf\u00eda del Cabernet Sauvignon<\/em><\/strong><\/figcaption><\/figure><\/div>\n\n\n<div style=\"height:35px\" aria-hidden=\"true\" class=\"wp-block-spacer\"><\/div>\n\n\n\n<p class=\"has-medium-font-size\"><strong>Superficie<\/strong><\/p>\n\n\n\n<p>Esta variedad est\u00e1 presente en 17 de las 19 provincias vitivin\u00edcolas de Argentina, registrando en el a\u00f1o 2022 un total de <strong>13.472 ha cultivadas<\/strong>, lo cual representa el 6,5% del total de vid del pa\u00eds y el 11,8% de las tintas para elaboraci\u00f3n. Es la cuarta variedad con mayor superficie de Argentina luego de Malbec, Cereza y Bonarda.<\/p>\n\n\n\n<p>La cantidad de hect\u00e1reas de Cabernet Sauvignon contin\u00faa disminuyendo. La <strong>ca\u00edda en superficie es del 16,3% en el per\u00edodo 2013-2022<\/strong>. En Mendoza cay\u00f3 un 16,6%, en San Juan un 26,3% y en el resto del pa\u00eds un 6,6%. La provincia de Mendoza tiene la mayor cantidad de Cabernet Sauvignon del pa\u00eds, alcanzando en 2022 las 10.301 ha (76,5%), seguida por San Juan con 1.217 ha (9%) y el resto de las provincias con 1.954 ha (14,5%).<\/p>\n\n\n\n<div style=\"height:30px\" aria-hidden=\"true\" class=\"wp-block-spacer\"><\/div>\n\n\n<div class=\"wp-block-image\">\n<figure class=\"aligncenter size-full\"><a href=\"https:\/\/enolife.com.ar\/es\/wp-content\/uploads\/2023\/08\/Imagen2-14.jpg\" data-rel=\"penci-gallery-image-content\" ><img loading=\"lazy\" decoding=\"async\" width=\"546\" height=\"315\" src=\"https:\/\/enolife.com.ar\/es\/wp-content\/uploads\/2023\/08\/Imagen2-14.jpg\" alt=\"\" class=\"wp-image-100565\" srcset=\"https:\/\/enolife.com.ar\/es\/wp-content\/uploads\/2023\/08\/Imagen2-14.jpg 546w, https:\/\/enolife.com.ar\/es\/wp-content\/uploads\/2023\/08\/Imagen2-14-300x173.jpg 300w\" sizes=\"auto, (max-width: 546px) 100vw, 546px\" \/><\/a><\/figure><\/div>\n\n<div class=\"wp-block-image\">\n<figure class=\"aligncenter size-full\"><a href=\"https:\/\/enolife.com.ar\/es\/wp-content\/uploads\/2023\/08\/Imagen3-9.jpg\" data-rel=\"penci-gallery-image-content\" ><img loading=\"lazy\" decoding=\"async\" width=\"505\" height=\"397\" src=\"https:\/\/enolife.com.ar\/es\/wp-content\/uploads\/2023\/08\/Imagen3-9.jpg\" alt=\"\" class=\"wp-image-100566\" srcset=\"https:\/\/enolife.com.ar\/es\/wp-content\/uploads\/2023\/08\/Imagen3-9.jpg 505w, https:\/\/enolife.com.ar\/es\/wp-content\/uploads\/2023\/08\/Imagen3-9-300x236.jpg 300w\" sizes=\"auto, (max-width: 505px) 100vw, 505px\" \/><\/a><\/figure><\/div>\n\n<div class=\"wp-block-image\">\n<figure class=\"aligncenter size-full\"><a href=\"https:\/\/enolife.com.ar\/es\/wp-content\/uploads\/2023\/08\/Imagen4-9.jpg\" data-rel=\"penci-gallery-image-content\" ><img loading=\"lazy\" decoding=\"async\" width=\"479\" height=\"411\" src=\"https:\/\/enolife.com.ar\/es\/wp-content\/uploads\/2023\/08\/Imagen4-9.jpg\" alt=\"\" class=\"wp-image-100567\" srcset=\"https:\/\/enolife.com.ar\/es\/wp-content\/uploads\/2023\/08\/Imagen4-9.jpg 479w, https:\/\/enolife.com.ar\/es\/wp-content\/uploads\/2023\/08\/Imagen4-9-300x257.jpg 300w\" sizes=\"auto, (max-width: 479px) 100vw, 479px\" \/><\/a><\/figure><\/div>\n\n\n<div style=\"height:30px\" aria-hidden=\"true\" class=\"wp-block-spacer\"><\/div>\n\n\n\n<p>El 93,2% de la superficie total de Cabernet Sauvignon plantada actualmente en el pa\u00eds tiene una edad menor a 30 a\u00f1os. S\u00f3lo hay 918 ha (6,8%) con a\u00f1o de plantaci\u00f3n anterior a 1993.<\/p>\n\n\n\n<div style=\"height:30px\" aria-hidden=\"true\" class=\"wp-block-spacer\"><\/div>\n\n\n<div class=\"wp-block-image\">\n<figure class=\"aligncenter size-full\"><a href=\"https:\/\/enolife.com.ar\/es\/wp-content\/uploads\/2023\/08\/Imagen5-6.jpg\" data-rel=\"penci-gallery-image-content\" ><img loading=\"lazy\" decoding=\"async\" width=\"437\" height=\"385\" src=\"https:\/\/enolife.com.ar\/es\/wp-content\/uploads\/2023\/08\/Imagen5-6.jpg\" alt=\"\" class=\"wp-image-100569\" srcset=\"https:\/\/enolife.com.ar\/es\/wp-content\/uploads\/2023\/08\/Imagen5-6.jpg 437w, https:\/\/enolife.com.ar\/es\/wp-content\/uploads\/2023\/08\/Imagen5-6-300x264.jpg 300w\" sizes=\"auto, (max-width: 437px) 100vw, 437px\" \/><\/a><\/figure><\/div>\n\n\n<div style=\"height:30px\" aria-hidden=\"true\" class=\"wp-block-spacer\"><\/div>\n\n\n\n<p>En la provincia de Mendoza la mayor superficie de Cabernet Sauvignon se encuentra en los departamentos de Luj\u00e1n de Cuyo (19,9%) y Maip\u00fa (12,2%), seguidos por Tunuy\u00e1n, San Rafael y Tupungato. Los tres departamentos del Valle de Uco (Tupungato, Tunuy\u00e1n y San Carlos) concentran el 28,6% del Cabernet Sauvignon de la provincia.<\/p>\n\n\n\n<p>En San Juan los departamentos que m\u00e1s superficie registran de esta variedad son Sarmiento (41,6%) y Veinticinco de Mayo (17,9%), seguidos por Caucete, San Mart\u00edn y Nueve de Julio.<\/p>\n\n\n\n<div style=\"height:30px\" aria-hidden=\"true\" class=\"wp-block-spacer\"><\/div>\n\n\n<div class=\"wp-block-image\">\n<figure class=\"aligncenter size-full\"><a href=\"https:\/\/enolife.com.ar\/es\/wp-content\/uploads\/2023\/08\/Imagen6-8.jpg\" data-rel=\"penci-gallery-image-content\" ><img loading=\"lazy\" decoding=\"async\" width=\"961\" height=\"396\" src=\"https:\/\/enolife.com.ar\/es\/wp-content\/uploads\/2023\/08\/Imagen6-8.jpg\" alt=\"\" class=\"wp-image-100570\" srcset=\"https:\/\/enolife.com.ar\/es\/wp-content\/uploads\/2023\/08\/Imagen6-8.jpg 961w, https:\/\/enolife.com.ar\/es\/wp-content\/uploads\/2023\/08\/Imagen6-8-300x124.jpg 300w, https:\/\/enolife.com.ar\/es\/wp-content\/uploads\/2023\/08\/Imagen6-8-768x316.jpg 768w, https:\/\/enolife.com.ar\/es\/wp-content\/uploads\/2023\/08\/Imagen6-8-585x241.jpg 585w\" sizes=\"auto, (max-width: 961px) 100vw, 961px\" \/><\/a><\/figure><\/div>\n\n<div class=\"wp-block-image\">\n<figure class=\"aligncenter size-full\"><a href=\"https:\/\/enolife.com.ar\/es\/wp-content\/uploads\/2023\/08\/Imagen7-7.jpg\" data-rel=\"penci-gallery-image-content\" ><img loading=\"lazy\" decoding=\"async\" width=\"952\" height=\"381\" src=\"https:\/\/enolife.com.ar\/es\/wp-content\/uploads\/2023\/08\/Imagen7-7.jpg\" alt=\"\" class=\"wp-image-100571\" srcset=\"https:\/\/enolife.com.ar\/es\/wp-content\/uploads\/2023\/08\/Imagen7-7.jpg 952w, https:\/\/enolife.com.ar\/es\/wp-content\/uploads\/2023\/08\/Imagen7-7-300x120.jpg 300w, https:\/\/enolife.com.ar\/es\/wp-content\/uploads\/2023\/08\/Imagen7-7-768x307.jpg 768w, https:\/\/enolife.com.ar\/es\/wp-content\/uploads\/2023\/08\/Imagen7-7-585x234.jpg 585w\" sizes=\"auto, (max-width: 952px) 100vw, 952px\" \/><\/a><\/figure><\/div>\n\n\n<div style=\"height:35px\" aria-hidden=\"true\" class=\"wp-block-spacer\"><\/div>\n\n\n\n<p class=\"has-medium-font-size\"><strong>Producci\u00f3n<\/strong><\/p>\n\n\n\n<p>En 2022 la producci\u00f3n total en el pa\u00eds de la variedad Cabernet Sauvignon fue de <strong>833.732 quintales<\/strong>. Como se puede observar en el gr\u00e1fico, la tendencia ha sido decreciente en los \u00faltimos diez a\u00f1os, con un repunte en 2018 y 2019.<\/p>\n\n\n\n<p>En 2022 la producci\u00f3n de la variedad Cabernet Sauvignon disminuy\u00f3 un 14,6% respecto al a\u00f1o anterior.<\/p>\n\n\n\n<div style=\"height:30px\" aria-hidden=\"true\" class=\"wp-block-spacer\"><\/div>\n\n\n<div class=\"wp-block-image\">\n<figure class=\"aligncenter size-full is-resized\"><a href=\"https:\/\/enolife.com.ar\/es\/wp-content\/uploads\/2023\/08\/Imagen8-6.jpg\" data-rel=\"penci-gallery-image-content\" ><img loading=\"lazy\" decoding=\"async\" src=\"https:\/\/enolife.com.ar\/es\/wp-content\/uploads\/2023\/08\/Imagen8-6.jpg\" alt=\"\" class=\"wp-image-100573\" width=\"791\" height=\"364\" srcset=\"https:\/\/enolife.com.ar\/es\/wp-content\/uploads\/2023\/08\/Imagen8-6.jpg 807w, https:\/\/enolife.com.ar\/es\/wp-content\/uploads\/2023\/08\/Imagen8-6-300x138.jpg 300w, https:\/\/enolife.com.ar\/es\/wp-content\/uploads\/2023\/08\/Imagen8-6-768x353.jpg 768w, https:\/\/enolife.com.ar\/es\/wp-content\/uploads\/2023\/08\/Imagen8-6-585x269.jpg 585w\" sizes=\"auto, (max-width: 791px) 100vw, 791px\" \/><\/a><\/figure><\/div>\n\n<div class=\"wp-block-image\">\n<figure class=\"aligncenter size-full is-resized\"><a href=\"https:\/\/enolife.com.ar\/es\/wp-content\/uploads\/2023\/08\/Imagen9-8.jpg\" data-rel=\"penci-gallery-image-content\" ><img loading=\"lazy\" decoding=\"async\" src=\"https:\/\/enolife.com.ar\/es\/wp-content\/uploads\/2023\/08\/Imagen9-8.jpg\" alt=\"\" class=\"wp-image-100574\" width=\"559\" height=\"336\" srcset=\"https:\/\/enolife.com.ar\/es\/wp-content\/uploads\/2023\/08\/Imagen9-8.jpg 563w, https:\/\/enolife.com.ar\/es\/wp-content\/uploads\/2023\/08\/Imagen9-8-300x180.jpg 300w\" sizes=\"auto, (max-width: 559px) 100vw, 559px\" \/><\/a><\/figure><\/div>\n\n\n<div style=\"height:30px\" aria-hidden=\"true\" class=\"wp-block-spacer\"><\/div>\n\n\n\n<p>La producci\u00f3n de Cabernet Sauvignon 2022 por departamento de origen en cada provincia se muestra en las siguientes tablas. En la provincia de Mendoza los departamentos que m\u00e1s quintales de Cabernet Sauvignon.<\/p>\n\n\n\n<p>cosecharon en 2022 fueron Luj\u00e1n de Cuyo y Tunuy\u00e1n. En San Juan se cosech\u00f3 m\u00e1s Cabernet Sauvignon en Sarmiento y Veinticinco de Mayo.<\/p>\n\n\n\n<div style=\"height:30px\" aria-hidden=\"true\" class=\"wp-block-spacer\"><\/div>\n\n\n<div class=\"wp-block-image\">\n<figure class=\"aligncenter size-full is-resized\"><a href=\"https:\/\/enolife.com.ar\/es\/wp-content\/uploads\/2023\/08\/Imagen10-6.jpg\" data-rel=\"penci-gallery-image-content\" ><img loading=\"lazy\" decoding=\"async\" src=\"https:\/\/enolife.com.ar\/es\/wp-content\/uploads\/2023\/08\/Imagen10-6.jpg\" alt=\"\" class=\"wp-image-100576\" width=\"559\" height=\"386\" srcset=\"https:\/\/enolife.com.ar\/es\/wp-content\/uploads\/2023\/08\/Imagen10-6.jpg 581w, https:\/\/enolife.com.ar\/es\/wp-content\/uploads\/2023\/08\/Imagen10-6-300x207.jpg 300w\" sizes=\"auto, (max-width: 559px) 100vw, 559px\" \/><\/a><\/figure><\/div>\n\n<div class=\"wp-block-image\">\n<figure class=\"aligncenter size-full is-resized\"><a href=\"https:\/\/enolife.com.ar\/es\/wp-content\/uploads\/2023\/08\/Imagen11-3.jpg\" data-rel=\"penci-gallery-image-content\" ><img loading=\"lazy\" decoding=\"async\" src=\"https:\/\/enolife.com.ar\/es\/wp-content\/uploads\/2023\/08\/Imagen11-3.jpg\" alt=\"\" class=\"wp-image-100577\" width=\"559\" height=\"373\" srcset=\"https:\/\/enolife.com.ar\/es\/wp-content\/uploads\/2023\/08\/Imagen11-3.jpg 571w, https:\/\/enolife.com.ar\/es\/wp-content\/uploads\/2023\/08\/Imagen11-3-300x200.jpg 300w\" sizes=\"auto, (max-width: 559px) 100vw, 559px\" \/><\/a><\/figure><\/div>\n\n\n<div style=\"height:35px\" aria-hidden=\"true\" class=\"wp-block-spacer\"><\/div>\n\n\n\n<p class=\"has-medium-font-size\"><strong>Comercializaci\u00f3n total<\/strong><\/p>\n\n\n\n<p>En el 2022 se comercializaron 484.905 hl de vino varietal puro de Cabernet Sauvignon y 101.026 hl de Cabernet Sauvignon en corte con alguna otra variedad. La comercializaci\u00f3n total del pa\u00eds de vinos varietales en 2022 fue de 4.928.444 hl<strong>,<\/strong> por lo que las ventas de varietales con presencia de Cabernet Sauvignon representaron el 11,9%. Este varietal es el segundo m\u00e1s exportado luego de Malbec.<\/p>\n\n\n\n<p>En el 2022 el 61% de los vinos varietales elaborados con Cabernet Sauvignon se comercializ\u00f3 en el mercado interno y el 39% se export\u00f3.<\/p>\n\n\n\n<p>La comercializaci\u00f3n total de vinos elaborados con Cabernet Sauvignon ha disminuido en la \u00faltima d\u00e9cada un 21%, y un 6,2% en el \u00faltimo a\u00f1o. En el \u00faltimo a\u00f1o ha disminuido un 13,2% la exportaci\u00f3n de Cabernet Sauvignon (puro + cortes). En el mercado local, se observa una disminuci\u00f3n del 1,1% con respecto al a\u00f1o anterior.<\/p>\n\n\n\n<div style=\"height:30px\" aria-hidden=\"true\" class=\"wp-block-spacer\"><\/div>\n\n\n<div class=\"wp-block-image\">\n<figure class=\"aligncenter size-full is-resized\"><a href=\"https:\/\/enolife.com.ar\/es\/wp-content\/uploads\/2023\/08\/Imagen12-2.jpg\" data-rel=\"penci-gallery-image-content\" ><img loading=\"lazy\" decoding=\"async\" src=\"https:\/\/enolife.com.ar\/es\/wp-content\/uploads\/2023\/08\/Imagen12-2.jpg\" alt=\"\" class=\"wp-image-100579\" width=\"781\" height=\"399\" srcset=\"https:\/\/enolife.com.ar\/es\/wp-content\/uploads\/2023\/08\/Imagen12-2.jpg 787w, https:\/\/enolife.com.ar\/es\/wp-content\/uploads\/2023\/08\/Imagen12-2-300x153.jpg 300w, https:\/\/enolife.com.ar\/es\/wp-content\/uploads\/2023\/08\/Imagen12-2-768x392.jpg 768w, https:\/\/enolife.com.ar\/es\/wp-content\/uploads\/2023\/08\/Imagen12-2-585x299.jpg 585w\" sizes=\"auto, (max-width: 781px) 100vw, 781px\" \/><\/a><\/figure><\/div>\n\n<div class=\"wp-block-image\">\n<figure class=\"aligncenter size-full\"><a href=\"https:\/\/enolife.com.ar\/es\/wp-content\/uploads\/2023\/08\/Imagen13-2.jpg\" data-rel=\"penci-gallery-image-content\" ><img loading=\"lazy\" decoding=\"async\" width=\"960\" height=\"355\" src=\"https:\/\/enolife.com.ar\/es\/wp-content\/uploads\/2023\/08\/Imagen13-2.jpg\" alt=\"\" class=\"wp-image-100580\" srcset=\"https:\/\/enolife.com.ar\/es\/wp-content\/uploads\/2023\/08\/Imagen13-2.jpg 960w, https:\/\/enolife.com.ar\/es\/wp-content\/uploads\/2023\/08\/Imagen13-2-300x111.jpg 300w, https:\/\/enolife.com.ar\/es\/wp-content\/uploads\/2023\/08\/Imagen13-2-768x284.jpg 768w, https:\/\/enolife.com.ar\/es\/wp-content\/uploads\/2023\/08\/Imagen13-2-585x216.jpg 585w\" sizes=\"auto, (max-width: 960px) 100vw, 960px\" \/><\/a><\/figure><\/div>\n\n\n<div style=\"height:35px\" aria-hidden=\"true\" class=\"wp-block-spacer\"><\/div>\n\n\n\n<p class=\"has-medium-font-size\"><strong>Mercado interno<\/strong><\/p>\n\n\n\n<p>En el a\u00f1o 2022 se comercializaron <strong>358.193 hl<\/strong> de vinos varietales elaborados con Cabernet Sauvignon. El 79% corresponde a varietal puro y el 21% a cortes con otra variedad. Si bien las ventas al mercado interno de vinos con Cabernet Sauvignon son menores a las del a\u00f1o 2013, se observa una recuperaci\u00f3n a partir del a\u00f1o 2019 especialmente en el varietal puro.<\/p>\n\n\n\n<p>En 2022 el total puro+cortes disminuy\u00f3 un 1,1% respecto al a\u00f1o anterior, aunque el varietal puro creci\u00f3 un 7,6%, mientras los cortes cayeron un 24,7%.<\/p>\n\n\n\n<p>El Cabernet Sauvignon y sus cortes como vinos varietales tienen una participaci\u00f3n del 13,4% en el total de varietales comercializados en el pa\u00eds en el a\u00f1o 2022. Esta participaci\u00f3n es menor a la registrada en el 2013, a\u00f1o en el cual esta variedad participaba con el 21,7% en el total de varietales.<\/p>\n\n\n\n<div style=\"height:30px\" aria-hidden=\"true\" class=\"wp-block-spacer\"><\/div>\n\n\n<div class=\"wp-block-image\">\n<figure class=\"aligncenter size-full\"><a href=\"https:\/\/enolife.com.ar\/es\/wp-content\/uploads\/2023\/08\/Imagen14-5.jpg\" data-rel=\"penci-gallery-image-content\" ><img loading=\"lazy\" decoding=\"async\" width=\"718\" height=\"358\" src=\"https:\/\/enolife.com.ar\/es\/wp-content\/uploads\/2023\/08\/Imagen14-5.jpg\" alt=\"\" class=\"wp-image-100582\" srcset=\"https:\/\/enolife.com.ar\/es\/wp-content\/uploads\/2023\/08\/Imagen14-5.jpg 718w, https:\/\/enolife.com.ar\/es\/wp-content\/uploads\/2023\/08\/Imagen14-5-300x150.jpg 300w, https:\/\/enolife.com.ar\/es\/wp-content\/uploads\/2023\/08\/Imagen14-5-585x292.jpg 585w\" sizes=\"auto, (max-width: 718px) 100vw, 718px\" \/><\/a><\/figure><\/div>\n\n<div class=\"wp-block-image\">\n<figure class=\"aligncenter size-full\"><a href=\"https:\/\/enolife.com.ar\/es\/wp-content\/uploads\/2023\/08\/Imagen15-2.jpg\" data-rel=\"penci-gallery-image-content\" ><img loading=\"lazy\" decoding=\"async\" width=\"526\" height=\"391\" src=\"https:\/\/enolife.com.ar\/es\/wp-content\/uploads\/2023\/08\/Imagen15-2.jpg\" alt=\"\" class=\"wp-image-100583\" srcset=\"https:\/\/enolife.com.ar\/es\/wp-content\/uploads\/2023\/08\/Imagen15-2.jpg 526w, https:\/\/enolife.com.ar\/es\/wp-content\/uploads\/2023\/08\/Imagen15-2-300x223.jpg 300w\" sizes=\"auto, (max-width: 526px) 100vw, 526px\" \/><\/a><\/figure><\/div>\n\n\n<div style=\"height:30px\" aria-hidden=\"true\" class=\"wp-block-spacer\"><\/div>\n\n\n\n<p>El principal corte elaborado con Cabernet Sauvignon como primer varietal que se despach\u00f3 al mercado interno en 2022 fue Cabernet SauvignonMalbec, el cual concentra el 73,7% del total de los cortes. Le siguen Cabernet Sauvignon-Malbec-Petit Verdot (6,1%) y en tercer lugar se ubica el Cabernet Sauvignon- Pinot Negro (3,1%).<\/p>\n\n\n\n<div style=\"height:30px\" aria-hidden=\"true\" class=\"wp-block-spacer\"><\/div>\n\n\n<div class=\"wp-block-image\">\n<figure class=\"aligncenter size-full is-resized\"><a href=\"https:\/\/enolife.com.ar\/es\/wp-content\/uploads\/2023\/08\/Imagen16-3.jpg\" data-rel=\"penci-gallery-image-content\" ><img loading=\"lazy\" decoding=\"async\" src=\"https:\/\/enolife.com.ar\/es\/wp-content\/uploads\/2023\/08\/Imagen16-3.jpg\" alt=\"\" class=\"wp-image-100586\" width=\"588\" height=\"520\" srcset=\"https:\/\/enolife.com.ar\/es\/wp-content\/uploads\/2023\/08\/Imagen16-3.jpg 572w, https:\/\/enolife.com.ar\/es\/wp-content\/uploads\/2023\/08\/Imagen16-3-300x265.jpg 300w\" sizes=\"auto, (max-width: 588px) 100vw, 588px\" \/><\/a><\/figure><\/div>\n\n\n<div style=\"height:30px\" aria-hidden=\"true\" class=\"wp-block-spacer\"><\/div>\n\n\n\n<p>Respecto al tipo de envase de los vinos varietales Cabernet Sauvignon comercializados en el 2022 en el mercado interno, se observa que el 96,7% corresponde a botellas, el 3,1% a damajuana y el 0,1% a bag in box. Han aumentado las ventas en botella un 7,7% en el \u00faltimo a\u00f1o y las de bag in box un 85,5%, mientras que las ventas en damajuana disminuyeron 0,6%.<\/p>\n\n\n\n<div style=\"height:30px\" aria-hidden=\"true\" class=\"wp-block-spacer\"><\/div>\n\n\n<div class=\"wp-block-image\">\n<figure class=\"aligncenter size-full is-resized\"><a href=\"https:\/\/enolife.com.ar\/es\/wp-content\/uploads\/2023\/08\/Imagen17-2.jpg\" data-rel=\"penci-gallery-image-content\" ><img loading=\"lazy\" decoding=\"async\" src=\"https:\/\/enolife.com.ar\/es\/wp-content\/uploads\/2023\/08\/Imagen17-2.jpg\" alt=\"\" class=\"wp-image-100589\" width=\"609\" height=\"318\" srcset=\"https:\/\/enolife.com.ar\/es\/wp-content\/uploads\/2023\/08\/Imagen17-2.jpg 601w, https:\/\/enolife.com.ar\/es\/wp-content\/uploads\/2023\/08\/Imagen17-2-300x157.jpg 300w, https:\/\/enolife.com.ar\/es\/wp-content\/uploads\/2023\/08\/Imagen17-2-585x306.jpg 585w\" sizes=\"auto, (max-width: 609px) 100vw, 609px\" \/><\/a><\/figure><\/div>\n\n\n<div style=\"height:35px\" aria-hidden=\"true\" class=\"wp-block-spacer\"><\/div>\n\n\n\n<p class=\"has-medium-font-size\"><strong>Mercado externo<\/strong><\/p>\n\n\n\n<p>Durante el a\u00f1o 2022 las exportaciones de vinos varietales elaborados con la variedad Cabernet Sauvignon alcanzaron un total de <strong>227.739 hl, por un valor FOB de 86.042.000 d\u00f3lares<\/strong>. Las exportaciones de este varietal han crecido desde el a\u00f1o 2019, aunque en 2022 disminuyeron un 13,2% con respecto al a\u00f1o anterior.<\/p>\n\n\n\n<p>El 88% del total exportado de varietales de Cabernet Sauvignon corresponde a varietal puro y 12% a cortes con otras variedades. La participaci\u00f3n de vinos Cabernet Sauvignon y sus cortes en el volumen total de varietales exportados ha disminuido desde 2013. Ese a\u00f1o este varietal concentraba el 14,6% del total, mientras que en 2022 alcanz\u00f3 el 10,1%.<\/p>\n\n\n\n<p>Tanto los varietales puros de Cabernet Sauvignon como sus cortes han disminuido en el mercado externo respecto al a\u00f1o 2013 un 26,5% y 19,3% respectivamente. El precio medio obtenido por el Cabernet Sauvignon (puro+cortes) en las exportaciones de 2022 fue de 3,78 d\u00f3lares por litro, un 10,5% mayor al del a\u00f1o anterior.<\/p>\n\n\n\n<p>El principal destino de los vinos varietales puros Cabernet Sauvignon en 2022 fue Estados Unidos, seguido por Brasil, luego figuran Canad\u00e1 y M\u00e9xico. En tanto que, para el Cabernet Sauvignon con cortes los principales destinatarios fueron: Brasil, Estados Unidos, China y Per\u00fa.<\/p>\n\n\n\n<div style=\"height:30px\" aria-hidden=\"true\" class=\"wp-block-spacer\"><\/div>\n\n\n<div class=\"wp-block-image\">\n<figure class=\"aligncenter size-full\"><a href=\"https:\/\/enolife.com.ar\/es\/wp-content\/uploads\/2023\/08\/Imagen18-2.jpg\" data-rel=\"penci-gallery-image-content\" ><img loading=\"lazy\" decoding=\"async\" width=\"647\" height=\"398\" src=\"https:\/\/enolife.com.ar\/es\/wp-content\/uploads\/2023\/08\/Imagen18-2.jpg\" alt=\"\" class=\"wp-image-100590\" srcset=\"https:\/\/enolife.com.ar\/es\/wp-content\/uploads\/2023\/08\/Imagen18-2.jpg 647w, https:\/\/enolife.com.ar\/es\/wp-content\/uploads\/2023\/08\/Imagen18-2-300x185.jpg 300w, https:\/\/enolife.com.ar\/es\/wp-content\/uploads\/2023\/08\/Imagen18-2-585x360.jpg 585w\" sizes=\"auto, (max-width: 647px) 100vw, 647px\" \/><\/a><\/figure><\/div>\n\n<div class=\"wp-block-image\">\n<figure class=\"aligncenter size-full\"><a href=\"https:\/\/enolife.com.ar\/es\/wp-content\/uploads\/2023\/08\/Imagen19-3.jpg\" data-rel=\"penci-gallery-image-content\" ><img loading=\"lazy\" decoding=\"async\" width=\"562\" height=\"364\" src=\"https:\/\/enolife.com.ar\/es\/wp-content\/uploads\/2023\/08\/Imagen19-3.jpg\" alt=\"\" class=\"wp-image-100591\" srcset=\"https:\/\/enolife.com.ar\/es\/wp-content\/uploads\/2023\/08\/Imagen19-3.jpg 562w, https:\/\/enolife.com.ar\/es\/wp-content\/uploads\/2023\/08\/Imagen19-3-300x194.jpg 300w\" sizes=\"auto, (max-width: 562px) 100vw, 562px\" \/><\/a><\/figure><\/div>\n\n<div class=\"wp-block-image\">\n<figure class=\"aligncenter size-full\"><a href=\"https:\/\/enolife.com.ar\/es\/wp-content\/uploads\/2023\/08\/Imagen20-3.jpg\" data-rel=\"penci-gallery-image-content\" ><img loading=\"lazy\" decoding=\"async\" width=\"660\" height=\"428\" src=\"https:\/\/enolife.com.ar\/es\/wp-content\/uploads\/2023\/08\/Imagen20-3.jpg\" alt=\"\" class=\"wp-image-100592\" srcset=\"https:\/\/enolife.com.ar\/es\/wp-content\/uploads\/2023\/08\/Imagen20-3.jpg 660w, https:\/\/enolife.com.ar\/es\/wp-content\/uploads\/2023\/08\/Imagen20-3-300x195.jpg 300w, https:\/\/enolife.com.ar\/es\/wp-content\/uploads\/2023\/08\/Imagen20-3-585x379.jpg 585w\" sizes=\"auto, (max-width: 660px) 100vw, 660px\" \/><\/a><\/figure><\/div>\n\n\n<figure class=\"wp-block-gallery has-nested-images columns-default is-cropped wp-block-gallery-1 is-layout-flex wp-block-gallery-is-layout-flex\">\n<figure class=\"wp-block-image size-full\"><a href=\"https:\/\/enolife.com.ar\/es\/wp-content\/uploads\/2023\/08\/Imagen21-3.jpg\" data-rel=\"penci-gallery-image-content\" ><img loading=\"lazy\" decoding=\"async\" width=\"444\" height=\"441\" data-id=\"100593\" src=\"https:\/\/enolife.com.ar\/es\/wp-content\/uploads\/2023\/08\/Imagen21-3.jpg\" alt=\"\" class=\"wp-image-100593\" srcset=\"https:\/\/enolife.com.ar\/es\/wp-content\/uploads\/2023\/08\/Imagen21-3.jpg 444w, https:\/\/enolife.com.ar\/es\/wp-content\/uploads\/2023\/08\/Imagen21-3-300x298.jpg 300w, https:\/\/enolife.com.ar\/es\/wp-content\/uploads\/2023\/08\/Imagen21-3-150x150.jpg 150w\" sizes=\"auto, (max-width: 444px) 100vw, 444px\" \/><\/a><\/figure>\n\n\n\n<figure class=\"wp-block-image size-full\"><a href=\"https:\/\/enolife.com.ar\/es\/wp-content\/uploads\/2023\/08\/Imagen22-3.jpg\" data-rel=\"penci-gallery-image-content\" ><img loading=\"lazy\" decoding=\"async\" width=\"439\" height=\"436\" data-id=\"100594\" src=\"https:\/\/enolife.com.ar\/es\/wp-content\/uploads\/2023\/08\/Imagen22-3.jpg\" alt=\"\" class=\"wp-image-100594\" srcset=\"https:\/\/enolife.com.ar\/es\/wp-content\/uploads\/2023\/08\/Imagen22-3.jpg 439w, https:\/\/enolife.com.ar\/es\/wp-content\/uploads\/2023\/08\/Imagen22-3-300x298.jpg 300w, https:\/\/enolife.com.ar\/es\/wp-content\/uploads\/2023\/08\/Imagen22-3-150x150.jpg 150w\" sizes=\"auto, (max-width: 439px) 100vw, 439px\" \/><\/a><\/figure>\n<\/figure>\n\n\n\n<div style=\"height:30px\" aria-hidden=\"true\" class=\"wp-block-spacer\"><\/div>\n\n\n\n<p>El principal corte exportado en 2022 de Cabernet Sauvignon como primer varietal es Cabernet Sauvignon-Malbec (57,2% del volumen y 53,1% del valor), seguido por Cabernet Sauvignon-Syrah (16,4% volumen y 14,3% valor) y el trivarietal Cabernet Sauvignon-BonardaMalbec (3,5% volumen y 0,7% valor).<\/p>\n\n\n\n<div style=\"height:30px\" aria-hidden=\"true\" class=\"wp-block-spacer\"><\/div>\n\n\n<div class=\"wp-block-image\">\n<figure class=\"aligncenter size-full\"><a href=\"https:\/\/enolife.com.ar\/es\/wp-content\/uploads\/2023\/08\/Imagen23-3.jpg\" data-rel=\"penci-gallery-image-content\" ><img loading=\"lazy\" decoding=\"async\" width=\"802\" height=\"403\" src=\"https:\/\/enolife.com.ar\/es\/wp-content\/uploads\/2023\/08\/Imagen23-3.jpg\" alt=\"\" class=\"wp-image-100596\" srcset=\"https:\/\/enolife.com.ar\/es\/wp-content\/uploads\/2023\/08\/Imagen23-3.jpg 802w, https:\/\/enolife.com.ar\/es\/wp-content\/uploads\/2023\/08\/Imagen23-3-300x151.jpg 300w, https:\/\/enolife.com.ar\/es\/wp-content\/uploads\/2023\/08\/Imagen23-3-768x386.jpg 768w, https:\/\/enolife.com.ar\/es\/wp-content\/uploads\/2023\/08\/Imagen23-3-585x294.jpg 585w\" sizes=\"auto, (max-width: 802px) 100vw, 802px\" \/><\/a><\/figure><\/div>\n\n<div class=\"wp-block-image\">\n<figure class=\"aligncenter size-full\"><a href=\"https:\/\/enolife.com.ar\/es\/wp-content\/uploads\/2023\/08\/Imagen24-2.jpg\" data-rel=\"penci-gallery-image-content\" ><img loading=\"lazy\" decoding=\"async\" width=\"795\" height=\"402\" src=\"https:\/\/enolife.com.ar\/es\/wp-content\/uploads\/2023\/08\/Imagen24-2.jpg\" alt=\"\" class=\"wp-image-100597\" srcset=\"https:\/\/enolife.com.ar\/es\/wp-content\/uploads\/2023\/08\/Imagen24-2.jpg 795w, https:\/\/enolife.com.ar\/es\/wp-content\/uploads\/2023\/08\/Imagen24-2-300x152.jpg 300w, https:\/\/enolife.com.ar\/es\/wp-content\/uploads\/2023\/08\/Imagen24-2-768x388.jpg 768w, https:\/\/enolife.com.ar\/es\/wp-content\/uploads\/2023\/08\/Imagen24-2-585x296.jpg 585w\" sizes=\"auto, (max-width: 795px) 100vw, 795px\" \/><\/a><\/figure><\/div>\n\n\n<div style=\"height:30px\" aria-hidden=\"true\" class=\"wp-block-spacer\"><\/div>\n\n\n\n<p>En cuanto a la modalidad de env\u00edo de los vinos varietales elaborados con la variedad Cabernet Sauvignon, predominan los env\u00edos fraccionados respecto al granel. El 95% del total de vinos varietales exportados en 2022 de Cabernet Sauvignon (puro+cortes) fueron fraccionados.<\/p>\n\n\n\n<p>El fraccionado viene aumentando sus ventas desde el a\u00f1o 2019, aunque disminuy\u00f3 un 6,1% en el \u00faltimo a\u00f1o respecto al a\u00f1o anterior. El vino Cabernet Sauvignon (puro+cortes) fraccionado, cay\u00f3 un 0,9% en relaci\u00f3n a lo exportado en 2013 y el valor FOB disminuy\u00f3 9,7%.<\/p>\n\n\n\n<div style=\"height:30px\" aria-hidden=\"true\" class=\"wp-block-spacer\"><\/div>\n\n\n<div class=\"wp-block-image\">\n<figure class=\"aligncenter size-full is-resized\"><a href=\"https:\/\/enolife.com.ar\/es\/wp-content\/uploads\/2023\/08\/Imagen25-2.jpg\" data-rel=\"penci-gallery-image-content\" ><img loading=\"lazy\" decoding=\"async\" src=\"https:\/\/enolife.com.ar\/es\/wp-content\/uploads\/2023\/08\/Imagen25-2.jpg\" alt=\"\" class=\"wp-image-100598\" width=\"782\" height=\"406\" srcset=\"https:\/\/enolife.com.ar\/es\/wp-content\/uploads\/2023\/08\/Imagen25-2.jpg 822w, https:\/\/enolife.com.ar\/es\/wp-content\/uploads\/2023\/08\/Imagen25-2-300x156.jpg 300w, https:\/\/enolife.com.ar\/es\/wp-content\/uploads\/2023\/08\/Imagen25-2-768x399.jpg 768w, https:\/\/enolife.com.ar\/es\/wp-content\/uploads\/2023\/08\/Imagen25-2-585x304.jpg 585w\" sizes=\"auto, (max-width: 782px) 100vw, 782px\" \/><\/a><\/figure><\/div>\n\n<div class=\"wp-block-image\">\n<figure class=\"aligncenter size-full is-resized\"><a href=\"https:\/\/enolife.com.ar\/es\/wp-content\/uploads\/2023\/08\/Imagen26-2.jpg\" data-rel=\"penci-gallery-image-content\" ><img loading=\"lazy\" decoding=\"async\" src=\"https:\/\/enolife.com.ar\/es\/wp-content\/uploads\/2023\/08\/Imagen26-2.jpg\" alt=\"\" class=\"wp-image-100599\" width=\"552\" height=\"373\" srcset=\"https:\/\/enolife.com.ar\/es\/wp-content\/uploads\/2023\/08\/Imagen26-2.jpg 572w, https:\/\/enolife.com.ar\/es\/wp-content\/uploads\/2023\/08\/Imagen26-2-300x203.jpg 300w\" sizes=\"auto, (max-width: 552px) 100vw, 552px\" \/><\/a><\/figure><\/div>\n\n\n<div style=\"height:30px\" aria-hidden=\"true\" class=\"wp-block-spacer\"><\/div>\n","protected":false},"excerpt":{"rendered":"<p>Con motivo de celebrarse a nivel mundial el D\u00eda del Cabernet Sauvignon, el Instituto Nacional&hellip;<\/p>\n","protected":false},"author":3,"featured_media":100612,"comment_status":"open","ping_status":"open","sticky":false,"template":"","format":"standard","meta":{"footnotes":""},"categories":[9],"tags":[],"class_list":["post-100524","post","type-post","status-publish","format-standard","has-post-thumbnail","hentry","category-negocios"],"_links":{"self":[{"href":"https:\/\/enolife.com.ar\/es\/wp-json\/wp\/v2\/posts\/100524","targetHints":{"allow":["GET"]}}],"collection":[{"href":"https:\/\/enolife.com.ar\/es\/wp-json\/wp\/v2\/posts"}],"about":[{"href":"https:\/\/enolife.com.ar\/es\/wp-json\/wp\/v2\/types\/post"}],"author":[{"embeddable":true,"href":"https:\/\/enolife.com.ar\/es\/wp-json\/wp\/v2\/users\/3"}],"replies":[{"embeddable":true,"href":"https:\/\/enolife.com.ar\/es\/wp-json\/wp\/v2\/comments?post=100524"}],"version-history":[{"count":0,"href":"https:\/\/enolife.com.ar\/es\/wp-json\/wp\/v2\/posts\/100524\/revisions"}],"wp:featuredmedia":[{"embeddable":true,"href":"https:\/\/enolife.com.ar\/es\/wp-json\/wp\/v2\/media\/100612"}],"wp:attachment":[{"href":"https:\/\/enolife.com.ar\/es\/wp-json\/wp\/v2\/media?parent=100524"}],"wp:term":[{"taxonomy":"category","embeddable":true,"href":"https:\/\/enolife.com.ar\/es\/wp-json\/wp\/v2\/categories?post=100524"},{"taxonomy":"post_tag","embeddable":true,"href":"https:\/\/enolife.com.ar\/es\/wp-json\/wp\/v2\/tags?post=100524"}],"curies":[{"name":"wp","href":"https:\/\/api.w.org\/{rel}","templated":true}]}}