{"id":100457,"date":"2023-08-31T20:39:47","date_gmt":"2023-08-31T20:39:47","guid":{"rendered":"https:\/\/enolife.com.ar\/es\/?p=100457"},"modified":"2023-09-06T15:19:05","modified_gmt":"2023-09-06T15:19:05","slug":"omar-parisi-candidato-a-gobernador-de-mendoza-por-el-pj-este-gobierno-abandono-al-sector-productivo","status":"publish","type":"post","link":"https:\/\/enolife.com.ar\/es\/omar-parisi-candidato-a-gobernador-de-mendoza-por-el-pj-este-gobierno-abandono-al-sector-productivo\/","title":{"rendered":"Omar Parisi, candidato a gobernador de Mendoza por el PJ: \u00abEste gobierno abandon\u00f3 al sector productivo\u00bb"},"content":{"rendered":"\n<h4 class=\"wp-block-heading\"><em><strong>Nacido y criado en el departamento mendocino de Rivadavia, Omar Parisi es el candidato a gobernador de la provincia de Mendoza por el Frente Eleg\u00ed, con Lucas Ilardo como compa\u00f1ero de f\u00f3rmula para vicegobernador. Es en\u00f3logo de profesi\u00f3n, y en el \u00e1mbito privado trabaj\u00f3 como gerente de la empresa&nbsp;Frut\u00edcola San Jos\u00e9 SA, dedicada a la exportaci\u00f3n de fruta fresca. Por su experiencia, que incluye haber sido de 2005 a 2011 intendente de Luj\u00e1n -uno de los principales departamentos vitivin\u00edcolas de Mendoza-, conoce muy bien las caracter\u00edsticas y problemas del sector del vino en particular y de la agroindustria local en general. Entrevistado por Enolife, de cara a las elecciones provinciales del 24 de setiembre pr\u00f3ximo, coment\u00f3 sus ideas sobre el financiamiento para los productores vitivin\u00edcolas y agr\u00edcolas en general, y sobre c\u00f3mo deber\u00eda impulsarse un plan estrat\u00e9gico para el manejo del agua.<\/strong><\/em><\/h4>\n\n\n\n<div style=\"height:45px\" aria-hidden=\"true\" class=\"wp-block-spacer\"><\/div>\n\n\n\n<h5 class=\"wp-block-heading has-vivid-red-color has-text-color\"><strong>-\u00bfC\u00f3mo vas a impulsar mejoras en la rentabilidad del productor primario, el vi\u00f1atero, el primer eslab\u00f3n de la cadena, que es quien hoy m\u00e1s sufre la crisis?<\/strong><\/h5>\n\n\n\n<p><strong>&#8211;<\/strong>En nuestro diagn\u00f3stico, uno de los grandes problemas que tiene la producci\u00f3n primaria es el alto grado de descapitalizaci\u00f3n generado por a\u00f1os de rentabilidades negativas, las que generan un c\u00edrculo vicioso de m\u00e1s descapitalizaci\u00f3n, menos productividad, menos rentabilidad, m\u00e1s descapitalizaci\u00f3n&#8230;<\/p>\n\n\n\n<div style=\"height:19px\" aria-hidden=\"true\" class=\"wp-block-spacer\"><\/div>\n\n\n\n<blockquote class=\"wp-block-quote is-layout-flow wp-block-quote-is-layout-flow\">\n<p>Es necesario refondear Cuyo Aval, ampliar las l\u00edneas de cr\u00e9dito para el sector, y empezar a trabajar en programas con financiamiento internacional para elevar la capitalizaci\u00f3n, productividad y sustentabilidad de nuestros productores.\u00bb<\/p>\n<cite>Omar Parisi, candidato a gobernador de Mendoza por el Frente Eleg\u00ed para las elecciones del 24 de setiembre.<\/cite><\/blockquote>\n\n\n\n<div style=\"height:22px\" aria-hidden=\"true\" class=\"wp-block-spacer\"><\/div>\n\n\n\n<p>Para cortar este c\u00edrculo vicioso, creemos es de gran importancia, por un lado, que el sector cuente con precios de referencia que no sigan ahogando al productor; y por otro lado, abrir y ampliar las herramientas de cr\u00e9dito para el sector, que en los \u00faltimos a\u00f1os han estado cerradas. Es necesario: refondear <strong>Cuyo Aval<\/strong>, ampliar las l\u00edneas de cr\u00e9dito para el sector, y empezar a trabajar en programas como el <strong>Proviar III<\/strong>, <strong>Proviar IV<\/strong> y <strong>Proviar V<\/strong>; programas con financiamiento internacional que nos permitan elevar el grado de capitalizaci\u00f3n, productividad y sustentabilidad de nuestros productores y productoras.<\/p>\n\n\n\n<p>La formulaci\u00f3n y ejecuci\u00f3n de programas sectoriales como el programa Proviar deben ser pol\u00edtica de Estado de la provincia. Entre 2009 y 2015 se ejecut\u00f3 el programa Proviar I; entre 2016 y 2019 el gobierno de Cambiemos no escribi\u00f3 una l\u00ednea para buscar fondos para el sector, y en 2021 de la mano de las entidades vitivin\u00edcolas y el <strong>Instituto Nacional de Vitivinicultura (INV)<\/strong> -y con total ausencia del gobierno provincial- se logr\u00f3 obtener la financiaci\u00f3n de U$S50.000.000 para que peque\u00f1os y medianos productores y productoras vitivin\u00edcolas puedan capitalizarse.&nbsp;&nbsp;&nbsp;&nbsp;&nbsp;<\/p>\n\n\n\n<div style=\"height:30px\" aria-hidden=\"true\" class=\"wp-block-spacer\"><\/div>\n\n\n<div class=\"wp-block-image\">\n<figure class=\"aligncenter size-large is-resized\"><a href=\"https:\/\/enolife.com.ar\/es\/wp-content\/uploads\/2023\/08\/1dbed630-5569-4571-a52a-a2a04a7bd953.jpg\" data-rel=\"penci-gallery-image-content\" ><img loading=\"lazy\" decoding=\"async\" src=\"https:\/\/enolife.com.ar\/es\/wp-content\/uploads\/2023\/08\/1dbed630-5569-4571-a52a-a2a04a7bd953-1024x599.jpg\" alt=\"\" class=\"wp-image-100471\" width=\"665\" height=\"389\" srcset=\"https:\/\/enolife.com.ar\/es\/wp-content\/uploads\/2023\/08\/1dbed630-5569-4571-a52a-a2a04a7bd953-1024x599.jpg 1024w, https:\/\/enolife.com.ar\/es\/wp-content\/uploads\/2023\/08\/1dbed630-5569-4571-a52a-a2a04a7bd953-300x175.jpg 300w, https:\/\/enolife.com.ar\/es\/wp-content\/uploads\/2023\/08\/1dbed630-5569-4571-a52a-a2a04a7bd953-768x449.jpg 768w, https:\/\/enolife.com.ar\/es\/wp-content\/uploads\/2023\/08\/1dbed630-5569-4571-a52a-a2a04a7bd953-585x342.jpg 585w, https:\/\/enolife.com.ar\/es\/wp-content\/uploads\/2023\/08\/1dbed630-5569-4571-a52a-a2a04a7bd953.jpg 1026w\" sizes=\"auto, (max-width: 665px) 100vw, 665px\" \/><\/a><figcaption class=\"wp-element-caption\"><em><strong>Omar Parisi (izq): \u00abCreemos de gran importancia ampliar las herramientas de cr\u00e9dito para el sector vitivin\u00edcola\u00bb<\/strong><\/em><\/figcaption><\/figure><\/div>\n\n\n<div style=\"height:30px\" aria-hidden=\"true\" class=\"wp-block-spacer\"><\/div>\n\n\n\n<p>Creemos tambi\u00e9n que es necesario repensar en aquellos establecimientos en los que las condiciones estructurales de los cultivos, las condiciones del suelo y la disponibilidad de recursos h\u00eddricos no sean los \u00f3ptimos para dar saltos de sostenibilidad en sus plantaciones, puedan reconvertirse a otras producciones, como las forrajeras.<\/p>\n\n\n\n<div style=\"height:35px\" aria-hidden=\"true\" class=\"wp-block-spacer\"><\/div>\n\n\n\n<h5 class=\"wp-block-heading has-vivid-red-color has-text-color\"><strong>&#8211;<\/strong>\u00bf<strong>Vas a mantener y reimpulsar el convenio Mendoza-San Juan para la elaboraci\u00f3n acordada de mosto? \u00bfO consider\u00e1s que no sirve? \u00bfY el Banco de Vinos?<\/strong><\/h5>\n\n\n\n<p><strong>&#8211;<\/strong>En los \u00faltimos a\u00f1os en la provincia de Mendoza no se tom\u00f3 ninguna medida de apoyo al sector, se abandon\u00f3 directamente a los productores y productoras y se aplic\u00f3 la \u201cley de selva\u201d que termin\u00f3 con menos de 12.000 hect\u00e1reas cultivadas en la provincia.<\/p>\n\n\n\n<p>Esta falta de pol\u00edticas p\u00fablicas ha generado que hoy el <strong>Convenio de Mendoza-San Juan<\/strong> no tenga la relevancia que ten\u00eda antes y que el <strong>Banco de Vinos<\/strong> sea un \u201cBanco de Humo\u201d, ya que desde su creaci\u00f3n nunca fue utilizado. S\u00f3lo fue una pantalla del gobierno provincial para anunciar alguna medida para el sector, aunque esta no tenga ning\u00fan efecto concreto.&nbsp;&nbsp;<\/p>\n\n\n\n<div style=\"height:30px\" aria-hidden=\"true\" class=\"wp-block-spacer\"><\/div>\n\n\n<div class=\"wp-block-image\">\n<figure class=\"aligncenter size-full is-resized\"><a href=\"https:\/\/enolife.com.ar\/es\/wp-content\/uploads\/2023\/08\/resize_1683428331-1.jpg\" data-rel=\"penci-gallery-image-content\" ><img loading=\"lazy\" decoding=\"async\" src=\"https:\/\/enolife.com.ar\/es\/wp-content\/uploads\/2023\/08\/resize_1683428331-1.jpg\" alt=\"\" class=\"wp-image-100497\" width=\"666\" height=\"476\" srcset=\"https:\/\/enolife.com.ar\/es\/wp-content\/uploads\/2023\/08\/resize_1683428331-1.jpg 700w, https:\/\/enolife.com.ar\/es\/wp-content\/uploads\/2023\/08\/resize_1683428331-1-300x214.jpg 300w, https:\/\/enolife.com.ar\/es\/wp-content\/uploads\/2023\/08\/resize_1683428331-1-585x418.jpg 585w\" sizes=\"auto, (max-width: 666px) 100vw, 666px\" \/><\/a><figcaption class=\"wp-element-caption\"><strong><em>Omar Parisi junto a su compa\u00f1ero de f\u00f3rmula, Lucas Ilardo<\/em><\/strong>.<\/figcaption><\/figure><\/div>\n\n\n<div style=\"height:35px\" aria-hidden=\"true\" class=\"wp-block-spacer\"><\/div>\n\n\n\n<h5 class=\"wp-block-heading has-vivid-red-color has-text-color\"><strong>-Un tema cr\u00edtico para la vitivinicultura y toda la producci\u00f3n agr\u00edcola es la escasez h\u00eddrica\u2026 \u00bfQu\u00e9 acciones desde el Estado implementar\u00edas para enfrentar la sequ\u00eda producto del cambio clim\u00e1tico?<\/strong><\/h5>\n\n\n\n<p>-Por el cambio clim\u00e1tico, el caudal de los r\u00edos en Mendoza se encuentra al 60% de su promedio hist\u00f3rico. El recurso h\u00eddrico de Mendoza se destina un 11% a consumo humano, un 85% a riego agr\u00edcola, y un 4% a otros usos. En el agro, los distintos estudios hablan de que hay alrededor de un 40% de p\u00e9rdidas. Estamos desperdiciando entre el 40 y el 45% de la totalidad del recurso h\u00eddrico de la provincia.<\/p>\n\n\n\n<p>Ante el cambio clim\u00e1tico y baja eficiencia h\u00eddrica, el Departamento General de Irrigaci\u00f3n hoy se destaca por poner paneles solares en su sede y por cortar el agua ante altas estimaciones de heladas.<\/p>\n\n\n\n<p>Mendoza necesita un <strong>Plan Integral del Uso del Recurso H\u00eddrico<\/strong> basado en 3 puntos centrales: <strong>1. Gesti\u00f3n del Agua<\/strong> (con bases en los Balances H\u00eddricos, la medici\u00f3n de caudales en todos los canales, entrega a demanda, compendio de las resoluciones de Irrigaci\u00f3n y Revisi\u00f3n de la misma), <strong>2. Banco de Proyectos <\/strong>(proyectos con viabilidad t\u00e9cnicas acueductos, pozos y reservorios comunitarios en cabecera de hijuela, impermeabilizaci\u00f3n de canales, recuperaci\u00f3n de pozos improductivos para uso comunitario), <strong>3. Incorporaci\u00f3n de tecnolog\u00eda<\/strong> (en las fincas con riego por goteo o tecnificado, en los acueductos, en las bocas de entrega, en el bombeo).&nbsp;&nbsp;<\/p>\n\n\n\n<div style=\"height:35px\" aria-hidden=\"true\" class=\"wp-block-spacer\"><\/div>\n\n\n\n<p class=\"has-medium-font-size\"><strong>En defensa de las instituciones de la vitivinicultura<\/strong><\/p>\n\n\n\n<h5 class=\"wp-block-heading has-vivid-red-color has-text-color\"><strong>-En la eventualidad de que Milei sea presidente, \u00bfc\u00f3mo defender\u00edas las instituciones tradicionales con sede en Mendoza que tienen tanto que ver con el vino como el INTA o el Conicet, que el \u201clibertario\u201d ha amenazado con disolver?<\/strong><\/h5>\n\n\n<div class=\"wp-block-image\">\n<figure class=\"alignleft size-full is-resized\"><a href=\"https:\/\/enolife.com.ar\/es\/wp-content\/uploads\/2023\/08\/WhatsApp-Image-2023-05-23-at-18.57.55-780x470-1.jpeg\" data-rel=\"penci-gallery-image-content\" ><img loading=\"lazy\" decoding=\"async\" src=\"https:\/\/enolife.com.ar\/es\/wp-content\/uploads\/2023\/08\/WhatsApp-Image-2023-05-23-at-18.57.55-780x470-1.jpeg\" alt=\"\" class=\"wp-image-100476\" width=\"334\" height=\"309\" srcset=\"https:\/\/enolife.com.ar\/es\/wp-content\/uploads\/2023\/08\/WhatsApp-Image-2023-05-23-at-18.57.55-780x470-1.jpeg 416w, https:\/\/enolife.com.ar\/es\/wp-content\/uploads\/2023\/08\/WhatsApp-Image-2023-05-23-at-18.57.55-780x470-1-300x278.jpeg 300w\" sizes=\"auto, (max-width: 334px) 100vw, 334px\" \/><\/a><\/figure><\/div>\n\n\n<p>En las PASO un tercio de la sociedad acompa\u00f1\u00f3 a Milei, hay que comprender el voto y somos respetuosos de los resultados. Pero creo que, de cara a las elecciones de octubre, son cada vez m\u00e1s los argentinos y argentinas que ven que su programa de gobierno es falaz e impracticable.<\/p>\n\n\n\n<p class=\"has-vivid-red-color has-text-color\"><em><strong>\u00abAdem\u00e1s del cierre del INTA, del INV y del Conicet que anuncia Milei si gana, seguro que el sector vitivin\u00edcola reconoce que tanto las propuestas de Bullrich como Milei de liberaci\u00f3n cambiaria o dolarizaci\u00f3n generar\u00edan un deterioro del poder adquisitivo de los argentinos y argentinas, es decir un deterioro en el 70% de su mercado vitivin\u00edcola, que es el mercado interno\u00bb.<\/strong><\/em><\/p>\n\n\n\n<p>Por eso, creo que, para los argentinos, los mendocinos, y para todo el sector vitivin\u00edcola la mejor elecci\u00f3n es <strong>Sergio Massa<\/strong>, ya que es garant\u00eda de gobernabilidad, tiene experiencia en gesti\u00f3n y viene de agarrar el tim\u00f3n en medio de una tormenta y poder mantenerlo a flote. Estoy convencido de que en los pr\u00f3ximos meses va a dejar a la Argentina en buen puerto y all\u00ed con estabilidad y tierra f\u00e9rtil poder impulsar un per\u00edodo de desarrollo, progresos y oportunidades para todos y todas.<\/p>\n\n\n\n<div style=\"height:37px\" aria-hidden=\"true\" class=\"wp-block-spacer\"><\/div>\n","protected":false},"excerpt":{"rendered":"<p>Nacido y criado en el departamento mendocino de Rivadavia, Omar Parisi es el candidato a&hellip;<\/p>\n","protected":false},"author":3,"featured_media":100470,"comment_status":"open","ping_status":"open","sticky":false,"template":"","format":"standard","meta":{"footnotes":""},"categories":[12],"tags":[],"class_list":["post-100457","post","type-post","status-publish","format-standard","has-post-thumbnail","hentry","category-opinion"],"_links":{"self":[{"href":"https:\/\/enolife.com.ar\/es\/wp-json\/wp\/v2\/posts\/100457","targetHints":{"allow":["GET"]}}],"collection":[{"href":"https:\/\/enolife.com.ar\/es\/wp-json\/wp\/v2\/posts"}],"about":[{"href":"https:\/\/enolife.com.ar\/es\/wp-json\/wp\/v2\/types\/post"}],"author":[{"embeddable":true,"href":"https:\/\/enolife.com.ar\/es\/wp-json\/wp\/v2\/users\/3"}],"replies":[{"embeddable":true,"href":"https:\/\/enolife.com.ar\/es\/wp-json\/wp\/v2\/comments?post=100457"}],"version-history":[{"count":0,"href":"https:\/\/enolife.com.ar\/es\/wp-json\/wp\/v2\/posts\/100457\/revisions"}],"wp:featuredmedia":[{"embeddable":true,"href":"https:\/\/enolife.com.ar\/es\/wp-json\/wp\/v2\/media\/100470"}],"wp:attachment":[{"href":"https:\/\/enolife.com.ar\/es\/wp-json\/wp\/v2\/media?parent=100457"}],"wp:term":[{"taxonomy":"category","embeddable":true,"href":"https:\/\/enolife.com.ar\/es\/wp-json\/wp\/v2\/categories?post=100457"},{"taxonomy":"post_tag","embeddable":true,"href":"https:\/\/enolife.com.ar\/es\/wp-json\/wp\/v2\/tags?post=100457"}],"curies":[{"name":"wp","href":"https:\/\/api.w.org\/{rel}","templated":true}]}}