{"id":100285,"date":"2023-08-30T21:15:35","date_gmt":"2023-08-30T21:15:35","guid":{"rendered":"https:\/\/enolife.com.ar\/es\/?p=100285"},"modified":"2023-09-01T00:04:45","modified_gmt":"2023-09-01T00:04:45","slug":"tres-artistas-que-pintan-con-la-boca-y-el-alma-muestran-su-talento-corajudo-desde-el-1-9-en-el-inv","status":"publish","type":"post","link":"https:\/\/enolife.com.ar\/es\/tres-artistas-que-pintan-con-la-boca-y-el-alma-muestran-su-talento-corajudo-desde-el-1-9-en-el-inv\/","title":{"rendered":"Tres artistas que pintan con la boca y el alma muestran su talento corajudo, desde el 1\/9 en el INV"},"content":{"rendered":"\n<h4 class=\"wp-block-heading\"><em><strong>Silvia Favaro, Claudia S\u00e1nchez y Anabella Cuccia son tres artistas pl\u00e1sticas mendocinas que padecen esclerosis m\u00faltiple desde hace a\u00f1os. Paulatinamente fueron perdiendo movilidad en las manos, pero en la misma medida ganaron fuerza de esp\u00edritu y sensibilidad. Silvia y Claudia comenzaron a plasmar sobre las telas sus sue\u00f1os y particulares visiones del mundo apretando el pincel con la boca y los dientes, una extraordinaria habilidad. Y Anabella, que conserva agilidad en la mano izquierda, ha desarrollado una t\u00e9cnica que le posibilita \u00abexpresar sus sentires por medio de la pintura\u00bb, como le gusta caracterizarse. Pertenecen a la Asociaci\u00f3n Mundial de Pintores con la Boca y el Pie (Vdmfk, por sus siglas en ingl\u00e9s), entidad que les ha posibilitado divulgar sus obras en el mundo.<\/strong><\/em>  <\/h4>\n\n\n\n<div style=\"height:35px\" aria-hidden=\"true\" class=\"wp-block-spacer\"><\/div>\n\n\n\n\n\n<div style=\"height:45px\" aria-hidden=\"true\" class=\"wp-block-spacer\"><\/div>\n\n\n\n<p>Con la organizaci\u00f3n y el apoyo del <strong>Instituto Nacional de Vitivinicultura (INV)<\/strong>, este viernes 1 de setiembre de 2023, a las 12.30 hs, en la galer\u00eda de arte de la entidad fiscalizadora de la vitivinicultura nacional (San Mart\u00edn 430, Mendoza, Capital), se inaugura la muestra de pinturas de las artistas <strong>Silvia Favaro<\/strong> y <strong>Claudia S\u00e1nchez<\/strong> (pintoras con la boca) y <strong>Anabella Cuccia<\/strong>. Las tres, con sensibilidad y coraje, han vencido sus limitaciones producto de la enfermedad esclerosis m\u00faltiple y dan testimonio de ello con sus obras reconocidas por su calidad.<\/p>\n\n\n\n<div style=\"height:30px\" aria-hidden=\"true\" class=\"wp-block-spacer\"><\/div>\n\n\n\n<figure class=\"wp-block-gallery has-nested-images columns-default is-cropped wp-block-gallery-1 is-layout-flex wp-block-gallery-is-layout-flex\">\n<figure class=\"wp-block-image size-full\"><a href=\"https:\/\/enolife.com.ar\/es\/wp-content\/uploads\/2023\/08\/maxresdefault-1.jpg\" data-rel=\"penci-gallery-image-content\" ><img loading=\"lazy\" decoding=\"async\" width=\"515\" height=\"500\" data-id=\"100354\" src=\"https:\/\/enolife.com.ar\/es\/wp-content\/uploads\/2023\/08\/maxresdefault-1.jpg\" alt=\"\" class=\"wp-image-100354\" srcset=\"https:\/\/enolife.com.ar\/es\/wp-content\/uploads\/2023\/08\/maxresdefault-1.jpg 515w, https:\/\/enolife.com.ar\/es\/wp-content\/uploads\/2023\/08\/maxresdefault-1-300x291.jpg 300w\" sizes=\"auto, (max-width: 515px) 100vw, 515px\" \/><\/a><figcaption class=\"wp-element-caption\"><em><strong>Silvia Favaro<\/strong><\/em><\/figcaption><\/figure>\n\n\n\n<figure class=\"wp-block-image size-full\"><a href=\"https:\/\/enolife.com.ar\/es\/wp-content\/uploads\/2023\/08\/297325307_1983733288491106_2844506449506529707_n.jpg\" data-rel=\"penci-gallery-image-content\" ><img loading=\"lazy\" decoding=\"async\" width=\"500\" height=\"500\" data-id=\"100355\" src=\"https:\/\/enolife.com.ar\/es\/wp-content\/uploads\/2023\/08\/297325307_1983733288491106_2844506449506529707_n.jpg\" alt=\"\" class=\"wp-image-100355\" srcset=\"https:\/\/enolife.com.ar\/es\/wp-content\/uploads\/2023\/08\/297325307_1983733288491106_2844506449506529707_n.jpg 500w, https:\/\/enolife.com.ar\/es\/wp-content\/uploads\/2023\/08\/297325307_1983733288491106_2844506449506529707_n-300x300.jpg 300w, https:\/\/enolife.com.ar\/es\/wp-content\/uploads\/2023\/08\/297325307_1983733288491106_2844506449506529707_n-150x150.jpg 150w\" sizes=\"auto, (max-width: 500px) 100vw, 500px\" \/><\/a><figcaption class=\"wp-element-caption\"><em><strong>Claudia S\u00e1nchez<\/strong><\/em><\/figcaption><\/figure>\n\n\n\n<figure class=\"wp-block-image size-full\"><a href=\"https:\/\/enolife.com.ar\/es\/wp-content\/uploads\/2023\/08\/Imagen1-18.jpg\" data-rel=\"penci-gallery-image-content\" ><img loading=\"lazy\" decoding=\"async\" width=\"503\" height=\"525\" data-id=\"100356\" src=\"https:\/\/enolife.com.ar\/es\/wp-content\/uploads\/2023\/08\/Imagen1-18.jpg\" alt=\"\" class=\"wp-image-100356\" srcset=\"https:\/\/enolife.com.ar\/es\/wp-content\/uploads\/2023\/08\/Imagen1-18.jpg 503w, https:\/\/enolife.com.ar\/es\/wp-content\/uploads\/2023\/08\/Imagen1-18-287x300.jpg 287w\" sizes=\"auto, (max-width: 503px) 100vw, 503px\" \/><\/a><figcaption class=\"wp-element-caption\"><em><strong>Anabella Cuccia<\/strong><\/em><\/figcaption><\/figure>\n<\/figure>\n\n\n\n<div style=\"height:30px\" aria-hidden=\"true\" class=\"wp-block-spacer\"><\/div>\n\n\n\n<p>Estas artistas mendocinas pertenecen a la <a href=\"https:\/\/www.vdmfk.com\/es\/\" title=\"\"><strong>Asociaci\u00f3n de<\/strong>\u00a0<strong>Pintores con la Boca y el Pie<\/strong><\/a>, entidad que\u00a0comenz\u00f3 en\u00a0<strong>1956<\/strong>\u00a0cuando Erich Stegmann, un artista que pintaba con la boca, reuni\u00f3 a un peque\u00f1o grupo de artistas con discapacidad f\u00edsica de 8 pa\u00edses europeos. Su objetivo era\u00a0<strong>ganar su propio sustento a trav\u00e9s de sus esfuerzos art\u00edsticos<\/strong>, obteniendo la seguridad de trabajo que hasta entonces no ten\u00edan. Al combinar sus habilidades creativas con una visi\u00f3n de negocios, Stegmann fund\u00f3 esta asociaci\u00f3n como una organizaci\u00f3n corporativa que reproduce los trabajos de sus artistas en forma de tarjetas, calendarios y otros art\u00edculos. En la actualidad cuenta con <strong>800 artistas en 75 pa\u00edses alrededor del mundo<\/strong>.<\/p>\n\n\n\n<p> La muestra estar\u00e1 exhibida un mes. Como entrada, se pide un alimento no perecedero que ser\u00e1 donado al <strong>Merendero Crece un Sue\u00f1o<\/strong>, de <strong>Chapanay, San Mart\u00edn, Mendoza.<\/strong><\/p>\n\n\n\n<div style=\"height:25px\" aria-hidden=\"true\" class=\"wp-block-spacer\"><\/div>\n","protected":false},"excerpt":{"rendered":"<p>Silvia Favaro, Claudia S\u00e1nchez y Anabella Cuccia son tres artistas pl\u00e1sticas mendocinas que padecen esclerosis&hellip;<\/p>\n","protected":false},"author":3,"featured_media":100360,"comment_status":"open","ping_status":"open","sticky":false,"template":"","format":"standard","meta":{"footnotes":""},"categories":[47],"tags":[],"class_list":["post-100285","post","type-post","status-publish","format-standard","has-post-thumbnail","hentry","category-agenda"],"_links":{"self":[{"href":"https:\/\/enolife.com.ar\/es\/wp-json\/wp\/v2\/posts\/100285","targetHints":{"allow":["GET"]}}],"collection":[{"href":"https:\/\/enolife.com.ar\/es\/wp-json\/wp\/v2\/posts"}],"about":[{"href":"https:\/\/enolife.com.ar\/es\/wp-json\/wp\/v2\/types\/post"}],"author":[{"embeddable":true,"href":"https:\/\/enolife.com.ar\/es\/wp-json\/wp\/v2\/users\/3"}],"replies":[{"embeddable":true,"href":"https:\/\/enolife.com.ar\/es\/wp-json\/wp\/v2\/comments?post=100285"}],"version-history":[{"count":0,"href":"https:\/\/enolife.com.ar\/es\/wp-json\/wp\/v2\/posts\/100285\/revisions"}],"wp:featuredmedia":[{"embeddable":true,"href":"https:\/\/enolife.com.ar\/es\/wp-json\/wp\/v2\/media\/100360"}],"wp:attachment":[{"href":"https:\/\/enolife.com.ar\/es\/wp-json\/wp\/v2\/media?parent=100285"}],"wp:term":[{"taxonomy":"category","embeddable":true,"href":"https:\/\/enolife.com.ar\/es\/wp-json\/wp\/v2\/categories?post=100285"},{"taxonomy":"post_tag","embeddable":true,"href":"https:\/\/enolife.com.ar\/es\/wp-json\/wp\/v2\/tags?post=100285"}],"curies":[{"name":"wp","href":"https:\/\/api.w.org\/{rel}","templated":true}]}}