{"id":100283,"date":"2023-08-30T00:02:18","date_gmt":"2023-08-30T00:02:18","guid":{"rendered":"https:\/\/enolife.com.ar\/es\/?p=100283"},"modified":"2023-08-31T18:09:07","modified_gmt":"2023-08-31T18:09:07","slug":"las-mujeres-dionisiacas-presentan-80-etiquetas-gastronomia-y-artesanias-el-9-y-10-9-en-espacio-arizu","status":"publish","type":"post","link":"https:\/\/enolife.com.ar\/es\/las-mujeres-dionisiacas-presentan-80-etiquetas-gastronomia-y-artesanias-el-9-y-10-9-en-espacio-arizu\/","title":{"rendered":"Las mujeres dionis\u00edacas presentan 80 etiquetas, gastronom\u00eda y artesan\u00edas el 9 y 10\/9 en Espacio Arizu"},"content":{"rendered":"\n<h4 class=\"wp-block-heading\"><em><strong>La feria protagonizada por un grupo de mujeres de Mendoza amantes del vino y la vitivinicultura -m\u00e1s conocidas como las \u00abDionisias\u00bb- reunir\u00e1 en el espacio cultural de la hist\u00f3rica Bodega Arizu a 20 en\u00f3logas y 80 etiquetas de vino para degustar. Adem\u00e1s, se instalar\u00e1 un mercado de productos artesanales, regionales y regalos, con m\u00fasica en vivo y gastronom\u00eda. El encuentro ser\u00e1 los d\u00edas 9 y 10 de setiembre pr\u00f3ximo con entrada general gratuita y tickets para degustar todos los vinos, con copa de obsequio, a $7.300 cada uno o 2 por $10.000.<\/strong><\/em><\/h4>\n\n\n\n<div style=\"height:35px\" aria-hidden=\"true\" class=\"wp-block-spacer\"><\/div>\n\n\n<a href=\"https:\/\/ar.verallia.com\/\" aria-label=\"VERALLIA 1700 x 500\"><img loading=\"lazy\" decoding=\"async\" src=\"https:\/\/enolife.com.ar\/es\/wp-content\/uploads\/2021\/04\/VERALLIA-1700-x-500.jpg\" alt=\"\"  srcset=\"https:\/\/enolife.com.ar\/es\/wp-content\/uploads\/2021\/04\/VERALLIA-1700-x-500.jpg 1700w, https:\/\/enolife.com.ar\/es\/wp-content\/uploads\/2021\/04\/VERALLIA-1700-x-500-300x88.jpg 300w, https:\/\/enolife.com.ar\/es\/wp-content\/uploads\/2021\/04\/VERALLIA-1700-x-500-1024x301.jpg 1024w, https:\/\/enolife.com.ar\/es\/wp-content\/uploads\/2021\/04\/VERALLIA-1700-x-500-768x226.jpg 768w, https:\/\/enolife.com.ar\/es\/wp-content\/uploads\/2021\/04\/VERALLIA-1700-x-500-1536x452.jpg 1536w, https:\/\/enolife.com.ar\/es\/wp-content\/uploads\/2021\/04\/VERALLIA-1700-x-500-1170x344.jpg 1170w, https:\/\/enolife.com.ar\/es\/wp-content\/uploads\/2021\/04\/VERALLIA-1700-x-500-585x172.jpg 585w\" sizes=\"auto, (max-width: 1700px) 100vw, 1700px\" width=\"1700\" height=\"500\"   \/><\/a>\n\n\n<div style=\"height:45px\" aria-hidden=\"true\" class=\"wp-block-spacer\"><\/div>\n\n\n\n<p>La <strong>Dionisias Wine Fair<\/strong>, una feria protagonizada por mujeres de la industria vitivin\u00edcola de Mendoza y Argentina, invita a la segunda edici\u00f3n de su encuentro, que se realizar\u00e1 en el Espacio Arizu de Godoy Cruz, los d\u00edas 9 y 10 de setiembre a partir de las 18.<\/p>\n\n\n<div class=\"wp-block-image\">\n<figure class=\"alignleft size-full is-resized\"><a href=\"https:\/\/enolife.com.ar\/es\/wp-content\/uploads\/2023\/08\/MDIA-1726aedd.jpg\" data-rel=\"penci-gallery-image-content\" ><img loading=\"lazy\" decoding=\"async\" src=\"https:\/\/enolife.com.ar\/es\/wp-content\/uploads\/2023\/08\/MDIA-1726aedd.jpg\" alt=\"\" class=\"wp-image-100327\" width=\"294\" height=\"294\" srcset=\"https:\/\/enolife.com.ar\/es\/wp-content\/uploads\/2023\/08\/MDIA-1726aedd.jpg 400w, https:\/\/enolife.com.ar\/es\/wp-content\/uploads\/2023\/08\/MDIA-1726aedd-300x300.jpg 300w, https:\/\/enolife.com.ar\/es\/wp-content\/uploads\/2023\/08\/MDIA-1726aedd-150x150.jpg 150w\" sizes=\"auto, (max-width: 294px) 100vw, 294px\" \/><\/a><\/figure><\/div>\n\n\n<p>Como en su primer encuentro, en\u00f3logas, due\u00f1as de bodegas y asesoras de proyectos vitivin\u00edcolas de&nbsp;Mendoza&nbsp;presentar\u00e1n<strong> 80 vinos de alta gama<\/strong> -varios de ellos elaborados por las en\u00f3logas dionis\u00edacas- y compartir\u00e1n experiencias en un ambiente ideal como es la antigua y emblem\u00e1tica <strong>Bodega Arizu<\/strong>, declarada Monumento Nacional y actualmente en restauraci\u00f3n.<\/p>\n\n\n\n<p>Adem\u00e1s, en esta oportunidad se sumar\u00e1n mujeres emprendedoras al frente de servicios y productos asociados al vino, quienes tambi\u00e9n expondr\u00e1n sus creaciones a todos los visitantes en un mercado artesanal montado para la ocasi\u00f3n.<\/p>\n\n\n\n<p>La m\u00fasica en vivo y la propuesta gastron\u00f3mica completar\u00e1n la experiencia de Dionisias Wine Fair. Los asistentes tambi\u00e9n podr\u00e1n aprovechar para recorrer el \u00e1rea patrimonial de la Bodega y conocer su origen, personajes e historia.<\/p>\n\n\n\n<p>La entrada general al predio es gratuita. Para degustar los vinos se debe adquirir un ticket que podr\u00e1 comprarse en la entrada del Espacio Arizu, o que tambi\u00e9n est\u00e1 a la venta de forma anticipada por EntradaWeb.<\/p>\n\n\n\n<div style=\"height:23px\" aria-hidden=\"true\" class=\"wp-block-spacer\"><\/div>\n\n\n\n<p class=\"has-background\" style=\"background-color:#f78da859\">Las <strong>Dionisias<\/strong> que se suman a la segunda edici\u00f3n son: <strong>Mariela Ardito<\/strong> (propietaria de Canto), <strong>Antonella y Marita Bressia<\/strong> (propietarias de Bodega Bressia), <strong>Ana Lovaglio Balbo<\/strong> (propietaria de Susana Balbo Wines), <strong>Denis Vicino<\/strong> (en\u00f3loga de Finca La Anita),<strong> Andrea Ferreyra<\/strong> (en\u00f3loga de Finca La Celia), <strong>Miriam G\u00f3mez y Jimena L\u00f3pez<\/strong> (en\u00f3logas y due\u00f1as de S\u00f3lo una vez), <strong>Alejandra Riofr\u00edo<\/strong> (en\u00f3loga de Bodega Navarro Correas), <strong>Magdalena Viani, Sof\u00eda Di Mat\u00eda y Georgina Mendoza<\/strong> (en\u00f3logas de Bodega Trivento), <strong>Marianela Rossi<\/strong> (en\u00f3loga de Reval de San Isidro), <strong>Grupo de Mujeres de la Vi\u00f1a<\/strong>, <strong>Constanza Gaitieri <\/strong>(en\u00f3loga y due\u00f1a de Malpensado Wines), <strong>Bel\u00e9n Rodr\u00edguez<\/strong> (en\u00f3loga de La Linda), <strong>Eugenia Baigorria <\/strong>(due\u00f1a y en\u00f3loga de Bodega Mi Terru\u00f1o), <strong>Andrea Tansini<\/strong> (en\u00f3loga de Bodega Do\u00f1a Paula), <strong>Evangelina Colucci <\/strong>(en\u00f3loga de Bodega Vistalba), <strong>Silvia Corti<\/strong> (en\u00f3loga y propietaria de Silvia Corti Wines), <strong>M\u00f3nica Najurieta y Roc\u00edo Blanco<\/strong> (propietarias de Familia Blanco), <strong>Fernanda Martino<\/strong> (propietaria de Martino Wines), <strong>Paula Witowski <\/strong>(en\u00f3loga de Rutini Wines), <strong>Guadalupe Savina<\/strong> (en\u00f3loga y propietaria de Finca Savina) y <strong>Sol Pippi <\/strong>(en\u00f3loga de Trapiche).<\/p>\n\n\n\n<div style=\"height:35px\" aria-hidden=\"true\" class=\"wp-block-spacer\"><\/div>\n\n\n\n<p>En tanto, del Mercado de productos de Mendoza participar\u00e1n, entre otras,&nbsp;<strong>Mar\u00eda Cicchitti&nbsp;<\/strong>(Mar\u00eda Cicchitti Textiles -tejidos artesanales-),&nbsp;<strong>Alejandra Navarr\u00eda<\/strong>&nbsp;(Yoga por los Caminos del Vino),&nbsp;<strong>Ana de Cara<\/strong>&nbsp;(Taller de artesanos La Pausa),&nbsp;<strong>Noe Rold\u00e1n&nbsp;<\/strong>(Las Bot\u00e1nicas, atelier de sombreros del vino),&nbsp;<strong>Sabri Fach\u00edn<\/strong>&nbsp;(Cu\u00e1l es mi copa),&nbsp;<strong>Flora Ferrer<\/strong>&nbsp;(Flora Ferrer Sommelier) e&nbsp;<strong>integrantes de La Ruta de Artesanos y Emprendedores Mendocinos del Gobierno de Mendoza.&nbsp;<\/strong><\/p>\n\n\n\n<div style=\"height:30px\" aria-hidden=\"true\" class=\"wp-block-spacer\"><\/div>\n\n\n<div class=\"wp-block-image\">\n<figure class=\"aligncenter size-full is-resized\"><a href=\"https:\/\/enolife.com.ar\/es\/wp-content\/uploads\/2023\/08\/4d66336def2a1ea2089a4cbeff25a4d5.jpg\" data-rel=\"penci-gallery-image-content\" ><img loading=\"lazy\" decoding=\"async\" src=\"https:\/\/enolife.com.ar\/es\/wp-content\/uploads\/2023\/08\/4d66336def2a1ea2089a4cbeff25a4d5.jpg\" alt=\"\" class=\"wp-image-100325\" width=\"489\" height=\"378\" srcset=\"https:\/\/enolife.com.ar\/es\/wp-content\/uploads\/2023\/08\/4d66336def2a1ea2089a4cbeff25a4d5.jpg 647w, https:\/\/enolife.com.ar\/es\/wp-content\/uploads\/2023\/08\/4d66336def2a1ea2089a4cbeff25a4d5-300x232.jpg 300w, https:\/\/enolife.com.ar\/es\/wp-content\/uploads\/2023\/08\/4d66336def2a1ea2089a4cbeff25a4d5-585x452.jpg 585w\" sizes=\"auto, (max-width: 489px) 100vw, 489px\" \/><\/a><figcaption class=\"wp-element-caption\"><strong><em>Florencia Da Souza y Gabriela Malizia, organizadoras de la feria<\/em>.<\/strong><\/figcaption><\/figure><\/div>\n\n\n<div style=\"height:35px\" aria-hidden=\"true\" class=\"wp-block-spacer\"><\/div>\n\n\n\n<p class=\"has-medium-font-size\"><strong>En resumen<\/strong><\/p>\n\n\n\n<ul class=\"wp-block-list\">\n<li><strong>Dionisias Wine Fair \u2013 Segunda Edici\u00f3n<\/strong><\/li>\n\n\n\n<li><strong>Lugar:<\/strong>&nbsp;Espacio Arizu \u2013 Belgrano 1400, Godoy Cruz.<\/li>\n\n\n\n<li><strong>Fechas y horarios:<\/strong>&nbsp;9 y 10 de septiembre \u2013 de 18 a 23 (servicio de vino hasta las 21.30).<\/li>\n\n\n\n<li><strong>Valor de la entrada para degustaci\u00f3n de vinos:<\/strong>&nbsp;$ 7.300 (incluye copa)<\/li>\n\n\n\n<li><strong>Promo 2 entradas hasta el 25 de agosto:<\/strong>&nbsp;$ 10.000 (incluye 2 copas)<\/li>\n\n\n\n<li><strong>Adquirir entradas <a href=\"https:\/\/www.entradaweb.com.ar\/index.php?r=site\/detalles&amp;d=5326d591\" title=\"\">AQU\u00cd <\/a><\/strong><\/li>\n\n\n\n<li><strong>Incluye:<\/strong>&nbsp;degustaci\u00f3n libre de 80 etiquetas.&nbsp;<\/li>\n\n\n\n<li><strong>Contacto:<\/strong>&nbsp;IG @dionisiaswinefair E mail dionisiaswf@gmail.com<\/li>\n<\/ul>\n\n\n\n<div style=\"height:28px\" aria-hidden=\"true\" class=\"wp-block-spacer\"><\/div>\n","protected":false},"excerpt":{"rendered":"<p>La feria protagonizada por un grupo de mujeres de Mendoza amantes del vino y la&hellip;<\/p>\n","protected":false},"author":3,"featured_media":100323,"comment_status":"open","ping_status":"open","sticky":false,"template":"","format":"standard","meta":{"footnotes":""},"categories":[47],"tags":[],"class_list":["post-100283","post","type-post","status-publish","format-standard","has-post-thumbnail","hentry","category-agenda"],"_links":{"self":[{"href":"https:\/\/enolife.com.ar\/es\/wp-json\/wp\/v2\/posts\/100283","targetHints":{"allow":["GET"]}}],"collection":[{"href":"https:\/\/enolife.com.ar\/es\/wp-json\/wp\/v2\/posts"}],"about":[{"href":"https:\/\/enolife.com.ar\/es\/wp-json\/wp\/v2\/types\/post"}],"author":[{"embeddable":true,"href":"https:\/\/enolife.com.ar\/es\/wp-json\/wp\/v2\/users\/3"}],"replies":[{"embeddable":true,"href":"https:\/\/enolife.com.ar\/es\/wp-json\/wp\/v2\/comments?post=100283"}],"version-history":[{"count":0,"href":"https:\/\/enolife.com.ar\/es\/wp-json\/wp\/v2\/posts\/100283\/revisions"}],"wp:featuredmedia":[{"embeddable":true,"href":"https:\/\/enolife.com.ar\/es\/wp-json\/wp\/v2\/media\/100323"}],"wp:attachment":[{"href":"https:\/\/enolife.com.ar\/es\/wp-json\/wp\/v2\/media?parent=100283"}],"wp:term":[{"taxonomy":"category","embeddable":true,"href":"https:\/\/enolife.com.ar\/es\/wp-json\/wp\/v2\/categories?post=100283"},{"taxonomy":"post_tag","embeddable":true,"href":"https:\/\/enolife.com.ar\/es\/wp-json\/wp\/v2\/tags?post=100283"}],"curies":[{"name":"wp","href":"https:\/\/api.w.org\/{rel}","templated":true}]}}