{"id":100267,"date":"2023-08-29T15:22:32","date_gmt":"2023-08-29T15:22:32","guid":{"rendered":"https:\/\/enolife.com.ar\/es\/?p=100267"},"modified":"2023-08-31T23:41:29","modified_gmt":"2023-08-31T23:41:29","slug":"cansada-de-argentina-cierra-la-mostera-japonesa-de-san-juan-que-molia-20-000-000-de-kg-de-uva","status":"publish","type":"post","link":"https:\/\/enolife.com.ar\/es\/cansada-de-argentina-cierra-la-mostera-japonesa-de-san-juan-que-molia-20-000-000-de-kg-de-uva\/","title":{"rendered":"Cansada de Argentina, cierra la mostera japonesa de San Juan que mol\u00eda 20.000.000 de kg de uva"},"content":{"rendered":"\n<h4 class=\"wp-block-heading\"><em><strong>Los gerentes de Jugos y Vinos Andinos, del grupo Kataoka, convocaron a sus 50 empleados el jueves 24 de agosto para comunicarles que estaban despedidos y que todos cobrar\u00edan pronto su indemnizaci\u00f3n. Seg\u00fan trascendi\u00f3, sus due\u00f1os japoneses est\u00e1n \u00abcansados de los problemas de Argentina\u00bb y est\u00e1n buscando un nuevo emplazamiento para su f\u00e1brica, desde donde abastecer\u00e1n la fuerte demanda de jugo de uva de Jap\u00f3n. Kataoka ten\u00eda negocios en este pa\u00eds desde 1970. En 1997 construyeron e inauguraron su planta en el departamento San Mart\u00edn, asociados al grupo Pe\u00f1aflor. Y en 2010 adquirieron la totalidad de la acciones con el plan de ampliar sus inversiones. Trece a\u00f1os despu\u00e9s, la mayor mostera de San Juan emigra hacia Chile o alg\u00fan pa\u00eds europeo.<\/strong><\/em><\/h4>\n\n\n\n<div style=\"height:35px\" aria-hidden=\"true\" class=\"wp-block-spacer\"><\/div>\n\n\n<a href=\"https:\/\/instagram.com\/labelsolutions?igshid=YmMyMTA2M2Y=\" aria-label=\"Banner Palero 1700&#215;500\"><img loading=\"lazy\" decoding=\"async\" src=\"https:\/\/enolife.com.ar\/es\/wp-content\/uploads\/2021\/09\/Banner-Palero-1700x500-1.gif\" alt=\"\"  width=\"1700\" height=\"500\"   \/><\/a>\n\n\n<div style=\"height:45px\" aria-hidden=\"true\" class=\"wp-block-spacer\"><\/div>\n\n\n\n<p>Seg\u00fan reportaron en los \u00faltimos d\u00edas los medios sanjuaninos El Zonda, El Dedo en la Llaga, Telesol, diariolaventana.com y La Provincia, y replic\u00f3 el 26\/8 el sitio especializado Infocampo, la mostera <strong>Jugos y Vinos Andinos<\/strong>, de propiedad del grupo japon\u00e9s <strong>Kataoka<\/strong>, ces\u00f3 sus actividades en el pa\u00eds a partir de setiembre por los altos costos de producci\u00f3n locales, el bajo precio internacional del mosto y la falta de rentabilidad. El cierre deja a unas <strong>50 familias sin trabajo<\/strong>, aunque los nipones se comprometieron a pagar a corto plazo el <strong>100% de las indemnizaciones<\/strong>, tal como lo exigen las leyes argentinas.<\/p>\n\n\n\n<div style=\"height:21px\" aria-hidden=\"true\" class=\"wp-block-spacer\"><\/div>\n\n\n\n<h3 class=\"wp-block-heading has-vivid-purple-color has-text-color\">La mostera Jugos y Vinos Andinos SAU mol\u00eda alrededor de 20 millones de kilos de uva por temporada. Con el lema \u00abProporcionando jugo de uva de alta calidad desde los Andes a todo el mundo\u00bb, exportaban a Jap\u00f3n, Canad\u00e1, Estados Unidos y Sud\u00e1frica.<\/h3>\n\n\n\n<div style=\"height:21px\" aria-hidden=\"true\" class=\"wp-block-spacer\"><\/div>\n\n\n\n<p>El grupo Kataoka ten\u00eda negocios con Argentina desde comienzos de la d\u00e9cada de 1970. A mediados de la d\u00e9cada de 1990 se asociaron al poderoso grupo local <strong>Pe\u00f1aflor<\/strong> y juntos construyeron una planta modelo para procesar mosto, la que fue inaugurada en 1997. En 2010, Kataoka le compr\u00f3 a Pe\u00f1aflor su parte del paquete accionario y se qued\u00f3 con todo. En 2023 dejan el pa\u00eds en busca de otro emplazamiento para su f\u00e1brica. Seg\u00fan se supo, ese destino podr\u00eda ser<strong> Chile o alg\u00fan pa\u00eds europeo<\/strong>, con econom\u00edas m\u00e1s estables, argumentaron los nipones.<\/p>\n\n\n\n<div style=\"height:23px\" aria-hidden=\"true\" class=\"wp-block-spacer\"><\/div>\n\n\n\n<blockquote class=\"wp-block-quote is-layout-flow wp-block-quote-is-layout-flow\">\n<p>El abogado dijo que no se puede hacer nada.&nbsp;Si los despidos son sin causa y tienen el 100% de la indemnizaci\u00f3n en mano, no se puede hacer nada. Ya se llam\u00f3 a todos los trabajadores a una reuni\u00f3n privada con la gerencia\u201d.<\/p>\n<cite>Gustavo Le\u00f3n, secretario general del Sindicato de Obreros y Empleados Vitivin\u00edcolas (Soeva) en San Juan.<\/cite><\/blockquote>\n\n\n\n<div style=\"height:23px\" aria-hidden=\"true\" class=\"wp-block-spacer\"><\/div>\n\n\n\n<p>Seg\u00fan los dirigentes del gremio <strong>Soeva<\/strong>, hay 35 empleados dentro del convenio colectivo de trabajo, y otros 15 que son personal jer\u00e1rquico o t\u00e9cnico trabaja en la empresa fuera de convenio. En estos d\u00edas, Soeva est\u00e1 cuantificando m\u00e1s exactamente el impacto que el cierre tendr\u00e1 en el personal temporario que se suma a la empresa en \u00e9poca de cosecha. La mayor\u00eda de las familias afectadas viven en el departamento sanjuanino de San Mart\u00edn, por lo que el cierre de la empresa ser\u00e1 un fuerte golpe para San Juan, ya que se trata de la mostera con mayor producci\u00f3n desde hace m\u00e1s de 20 a\u00f1os.<\/p>\n\n\n\n<div style=\"height:22px\" aria-hidden=\"true\" class=\"wp-block-spacer\"><\/div>\n\n\n\n<blockquote class=\"wp-block-quote is-layout-flow wp-block-quote-is-layout-flow\">\n<p>En su momento tuvimos una relaci\u00f3n comercial con los japoneses. Eran gente de muy buen trato,&nbsp;gente que trabajaba muy ordenadamente. Claramente no estaban habituados al ritmo de este pa\u00eds.&nbsp;Se hartaron, realmente\u00bb.<\/p>\n<cite>Un productor sanjuanino, consultado por el sitio Infocampo<\/cite><\/blockquote>\n\n\n\n<div style=\"height:22px\" aria-hidden=\"true\" class=\"wp-block-spacer\"><\/div>\n\n\n\n<p>Tambi\u00e9n trascendi\u00f3 en los medios sanjuaninos que los japoneses intentaron construir otra planta en alg\u00fan otro departamento sanjuanino, pero chocaron con la actual Ley de Tierras de San Juan, que limita la expansi\u00f3n geogr\u00e1fica de ciertas inversiones.<\/p>\n\n\n\n<p>\u201c<em>Quisieron ampliar inversiones, pero claramente no pudieron\u201d,<\/em> indic\u00f3 finalmente el bodeguero sanjuanino consultado.<\/p>\n\n\n\n<div style=\"height:27px\" aria-hidden=\"true\" class=\"wp-block-spacer\"><\/div>\n","protected":false},"excerpt":{"rendered":"<p>Los gerentes de Jugos y Vinos Andinos, del grupo Kataoka, convocaron a sus 50 empleados&hellip;<\/p>\n","protected":false},"author":3,"featured_media":100274,"comment_status":"open","ping_status":"open","sticky":false,"template":"","format":"standard","meta":{"footnotes":""},"categories":[14],"tags":[],"class_list":["post-100267","post","type-post","status-publish","format-standard","has-post-thumbnail","hentry","category-news"],"_links":{"self":[{"href":"https:\/\/enolife.com.ar\/es\/wp-json\/wp\/v2\/posts\/100267","targetHints":{"allow":["GET"]}}],"collection":[{"href":"https:\/\/enolife.com.ar\/es\/wp-json\/wp\/v2\/posts"}],"about":[{"href":"https:\/\/enolife.com.ar\/es\/wp-json\/wp\/v2\/types\/post"}],"author":[{"embeddable":true,"href":"https:\/\/enolife.com.ar\/es\/wp-json\/wp\/v2\/users\/3"}],"replies":[{"embeddable":true,"href":"https:\/\/enolife.com.ar\/es\/wp-json\/wp\/v2\/comments?post=100267"}],"version-history":[{"count":0,"href":"https:\/\/enolife.com.ar\/es\/wp-json\/wp\/v2\/posts\/100267\/revisions"}],"wp:featuredmedia":[{"embeddable":true,"href":"https:\/\/enolife.com.ar\/es\/wp-json\/wp\/v2\/media\/100274"}],"wp:attachment":[{"href":"https:\/\/enolife.com.ar\/es\/wp-json\/wp\/v2\/media?parent=100267"}],"wp:term":[{"taxonomy":"category","embeddable":true,"href":"https:\/\/enolife.com.ar\/es\/wp-json\/wp\/v2\/categories?post=100267"},{"taxonomy":"post_tag","embeddable":true,"href":"https:\/\/enolife.com.ar\/es\/wp-json\/wp\/v2\/tags?post=100267"}],"curies":[{"name":"wp","href":"https:\/\/api.w.org\/{rel}","templated":true}]}}