{"id":100184,"date":"2023-08-25T22:52:35","date_gmt":"2023-08-25T22:52:35","guid":{"rendered":"https:\/\/enolife.com.ar\/es\/?p=100184"},"modified":"2023-08-30T00:01:53","modified_gmt":"2023-08-30T00:01:53","slug":"el-inv-y-trabajo-de-la-nacion-ofrecen-cursos-gratuitos-de-asociativismo-comercio-digital-y-redes","status":"publish","type":"post","link":"https:\/\/enolife.com.ar\/es\/el-inv-y-trabajo-de-la-nacion-ofrecen-cursos-gratuitos-de-asociativismo-comercio-digital-y-redes\/","title":{"rendered":"El INV y Trabajo de la Naci\u00f3n ofrecen cursos gratuitos de asociativismo, comercio digital y redes"},"content":{"rendered":"\n<h4 class=\"wp-block-heading\"><em><strong>Los primeros 4 de 22 cursos orientados a trabajadores, estudiantes y dirigentes del sector agroindustrial, y comienzan en setiembre con las capacitaciones presenciales Asociativismo I y&nbsp;Comunicaci\u00f3n (orientado al comercio digital y gesti\u00f3n de las redes sociales), y on line Comercializaci\u00f3n y Gesti\u00f3n de Exportaciones. <\/strong><\/em><\/h4>\n\n\n\n<div style=\"height:35px\" aria-hidden=\"true\" class=\"wp-block-spacer\"><\/div>\n\n\n<a href=\"http:\/\/www.quiminsa.com.ar\/\" aria-label=\"banner quiminsa b 1700&#215;500\"><img loading=\"lazy\" decoding=\"async\" src=\"https:\/\/enolife.com.ar\/es\/wp-content\/uploads\/2022\/04\/banner-quiminsa-b-1700x500-1.jpg\" alt=\"\"  srcset=\"https:\/\/enolife.com.ar\/es\/wp-content\/uploads\/2022\/04\/banner-quiminsa-b-1700x500-1.jpg 1700w, https:\/\/enolife.com.ar\/es\/wp-content\/uploads\/2022\/04\/banner-quiminsa-b-1700x500-1-300x88.jpg 300w, https:\/\/enolife.com.ar\/es\/wp-content\/uploads\/2022\/04\/banner-quiminsa-b-1700x500-1-1024x301.jpg 1024w, https:\/\/enolife.com.ar\/es\/wp-content\/uploads\/2022\/04\/banner-quiminsa-b-1700x500-1-768x226.jpg 768w, https:\/\/enolife.com.ar\/es\/wp-content\/uploads\/2022\/04\/banner-quiminsa-b-1700x500-1-1536x452.jpg 1536w, https:\/\/enolife.com.ar\/es\/wp-content\/uploads\/2022\/04\/banner-quiminsa-b-1700x500-1-1170x344.jpg 1170w, https:\/\/enolife.com.ar\/es\/wp-content\/uploads\/2022\/04\/banner-quiminsa-b-1700x500-1-585x172.jpg 585w\" sizes=\"auto, (max-width: 1700px) 100vw, 1700px\" width=\"1700\" height=\"500\"   \/><\/a>\n\n\n<div style=\"height:45px\" aria-hidden=\"true\" class=\"wp-block-spacer\"><\/div>\n\n\n\n<p>El&nbsp;<strong>Instituto Nacional de Vitivinicultura (INV)<\/strong>, la <strong>Agencia Territorial Mendoza del&nbsp;Ministerio de Trabajo, Empleo y Seguridad Social de la Naci\u00f3n<\/strong>;&nbsp;y la <strong>Fundaci\u00f3n para la Innovaci\u00f3n Institucional<\/strong>&nbsp;ofrecen diferentes cursos de&nbsp;formaci\u00f3n&nbsp;profesional que&nbsp;comienzan a partir de los primeros d\u00edas de setiembre de 2023.<\/p>\n\n\n\n<p>La&nbsp;propuesta es totalmente gratuita y&nbsp;ha sido&nbsp;dise\u00f1ada para fortalecer&nbsp;las capacidades de los trabajadores de todo el pa\u00eds, pertenecientes al sector&nbsp;agroindustrial, incluido el vitivin\u00edcola. Las actividades est\u00e1n&nbsp;enmarcadas&nbsp;en el <strong>Plan de Formaci\u00f3n Profesional y Sectorial<\/strong>&nbsp;del Ministerio de Trabajo, Empleo y Seguridad Social de la Naci\u00f3n.<\/p>\n\n\n\n<p>El presidente del INV, <strong>Mart\u00edn Hinojosa<\/strong>, destac\u00f3 al respecto: <em>\u00abLa capacitaci\u00f3n permanente ha sido uno de los ejes de la gesti\u00f3n, a trav\u00e9s del <strong>Programa de Formaci\u00f3n Vitivin\u00edcola<\/strong> que implementamos en el INV para incrementar las capacidades, habilidades y el perfeccionamiento profesional de trabajadores de la cadena productiva. En esta oportunidad, esperamos que estos cursos, sobre diversos temas, cumplan con las expectativas de quienes se desempe\u00f1an en el sector agroindustrial, especialmente en la vitivinicultura\u00bb.<\/em><\/p>\n\n\n\n<p>En total, la oferta est\u00e1 conformada por&nbsp;22 cursos&nbsp;sobre diversas tem\u00e1ticas:&nbsp;asociativismo; comunicaci\u00f3n&nbsp;orientada&nbsp;al comercio digital y gesti\u00f3n de redes sociales; comercializaci\u00f3n vitivin\u00edcola; gesti\u00f3n de exportaciones (frutihort\u00edcola y vitivin\u00edcola); proyectos productivos: factibilidad, estructura y gesti\u00f3n; buenas pr\u00e1cticas agr\u00edcolas y manufacturas: normativas de calidad y legislaci\u00f3n alimentaria; manejo de drones y telemetr\u00eda e implantaci\u00f3n de sistemas de riego intra&nbsp;finca.<\/p>\n\n\n\n<p>La duraci\u00f3n de cada curso es de un mes y medio, aproximadamente. Las actividades, de acuerdo al curso, se desarrollar\u00e1n de manera presencial en la sede central del INV, San Mart\u00edn 430, Ciudad de Mendoza. Tambi\u00e9n est\u00e1 previsto que se realicen bajo la modalidad virtual donde podr\u00e1n participar los inscriptos de todo el pa\u00eds.<\/p>\n\n\n\n<div style=\"height:30px\" aria-hidden=\"true\" class=\"wp-block-spacer\"><\/div>\n\n\n<div class=\"wp-block-image\">\n<figure class=\"aligncenter size-large is-resized\"><a href=\"https:\/\/enolife.com.ar\/es\/wp-content\/uploads\/2023\/08\/Imagen1-15.jpg\" data-rel=\"penci-gallery-image-content\" ><img loading=\"lazy\" decoding=\"async\" src=\"https:\/\/enolife.com.ar\/es\/wp-content\/uploads\/2023\/08\/Imagen1-15-1024x500.jpg\" alt=\"\" class=\"wp-image-100197\" width=\"732\" height=\"357\" srcset=\"https:\/\/enolife.com.ar\/es\/wp-content\/uploads\/2023\/08\/Imagen1-15-1024x500.jpg 1024w, https:\/\/enolife.com.ar\/es\/wp-content\/uploads\/2023\/08\/Imagen1-15-300x146.jpg 300w, https:\/\/enolife.com.ar\/es\/wp-content\/uploads\/2023\/08\/Imagen1-15-768x375.jpg 768w, https:\/\/enolife.com.ar\/es\/wp-content\/uploads\/2023\/08\/Imagen1-15-585x285.jpg 585w, https:\/\/enolife.com.ar\/es\/wp-content\/uploads\/2023\/08\/Imagen1-15.jpg 1113w\" sizes=\"auto, (max-width: 732px) 100vw, 732px\" \/><\/a><\/figure><\/div>\n\n\n<div style=\"height:30px\" aria-hidden=\"true\" class=\"wp-block-spacer\"><\/div>\n\n\n\n<p>En esta esta primera etapa,&nbsp;que comienza en setiembre, se&nbsp;prev\u00e9 el dictado de cuatro cursos, dos presenciales&nbsp;y dos virtuales. En la <strong>modalidad presencial<\/strong> de dictar\u00e1 el curso&nbsp;<strong>Asociativismo I<\/strong>, que contempla un cupo de 30 productores y\/o trabajadores rurales. Tambi\u00e9n, se brindar\u00e1 el curso de&nbsp;<strong>Comunicaci\u00f3n<\/strong>: orientado al comercio digital y gesti\u00f3n de redes sociales, con 30&nbsp;cupos&nbsp;para peque\u00f1os y medianos productores; y emprendedores\/as con un micro-emprendimiento rural. Los dos se realizar\u00e1n en la sede central del INV, San Mart\u00edn 430, Ciudad de Mendoza.<\/p>\n\n\n\n<p>Mientras que a trav\u00e9s de la <strong>modalidad virtual <\/strong>se realizar\u00e1 el curso de <strong>Comercializaci\u00f3n<\/strong> con 60 cupos, especialmente para&nbsp;peque\u00f1os y medianos productores, emprendedores\/as con un micro-emprendimiento, emprendedores\/as potenciales con proyecciones en el corto plazo de desarrollar diversos proyectos y mandos medios de empresas agroindustriales y vitivin\u00edcolas. Tambi\u00e9n, de manera virtual, se dictar\u00e1 la capacitaci\u00f3n en&nbsp;Gesti\u00f3n de exportaciones (frutihort\u00edcola y vitivin\u00edcola)&nbsp;que&nbsp;contempla 60 cupos para&nbsp;personas que&nbsp;se desempe\u00f1an en&nbsp;empresas agroindustriales.&nbsp;Para realizar las actividades de estos cursos es fundamental que los inscriptos cuenten con las herramientas tecnol\u00f3gicas necesarias, en lo que se refiere a dispositivo y conectividad.<\/p>\n\n\n\n<p class=\"has-background\" style=\"background-color:#abb7c26b\"><strong>Los cursos disponibles se pueden consultar <a href=\"https:\/\/www.argentina.gob.ar\/inv\/programa-de-formacion-vitivinicola\" title=\"\">AQU\u00cd <\/a> &#8211; Inscripciones: <a href=\"https:\/\/docs.google.com\/forms\/d\/e\/1FAIpQLSdNttOug7QgP9_d7V6pjVW7mc0MKX6l2hcXr57HP4HJu0Vupw\/viewform\" title=\"\">AQU\u00cd<\/a><\/strong><br>Las consultas se pueden realizar al correo&nbsp;<a href=\"mailto:formacionprofesional.inv@gmail.com\"><strong>formacionprofesional.inv@gmail.com<\/strong><\/a><\/p>\n\n\n\n<div style=\"height:38px\" aria-hidden=\"true\" class=\"wp-block-spacer\"><\/div>\n","protected":false},"excerpt":{"rendered":"<p>Los primeros 4 de 22 cursos orientados a trabajadores, estudiantes y dirigentes del sector agroindustrial,&hellip;<\/p>\n","protected":false},"author":3,"featured_media":100199,"comment_status":"open","ping_status":"open","sticky":false,"template":"","format":"standard","meta":{"footnotes":""},"categories":[14],"tags":[],"class_list":["post-100184","post","type-post","status-publish","format-standard","has-post-thumbnail","hentry","category-news"],"_links":{"self":[{"href":"https:\/\/enolife.com.ar\/es\/wp-json\/wp\/v2\/posts\/100184","targetHints":{"allow":["GET"]}}],"collection":[{"href":"https:\/\/enolife.com.ar\/es\/wp-json\/wp\/v2\/posts"}],"about":[{"href":"https:\/\/enolife.com.ar\/es\/wp-json\/wp\/v2\/types\/post"}],"author":[{"embeddable":true,"href":"https:\/\/enolife.com.ar\/es\/wp-json\/wp\/v2\/users\/3"}],"replies":[{"embeddable":true,"href":"https:\/\/enolife.com.ar\/es\/wp-json\/wp\/v2\/comments?post=100184"}],"version-history":[{"count":0,"href":"https:\/\/enolife.com.ar\/es\/wp-json\/wp\/v2\/posts\/100184\/revisions"}],"wp:featuredmedia":[{"embeddable":true,"href":"https:\/\/enolife.com.ar\/es\/wp-json\/wp\/v2\/media\/100199"}],"wp:attachment":[{"href":"https:\/\/enolife.com.ar\/es\/wp-json\/wp\/v2\/media?parent=100184"}],"wp:term":[{"taxonomy":"category","embeddable":true,"href":"https:\/\/enolife.com.ar\/es\/wp-json\/wp\/v2\/categories?post=100184"},{"taxonomy":"post_tag","embeddable":true,"href":"https:\/\/enolife.com.ar\/es\/wp-json\/wp\/v2\/tags?post=100184"}],"curies":[{"name":"wp","href":"https:\/\/api.w.org\/{rel}","templated":true}]}}