{"id":100109,"date":"2023-08-23T19:18:25","date_gmt":"2023-08-23T19:18:25","guid":{"rendered":"https:\/\/enolife.com.ar\/es\/?p=100109"},"modified":"2023-08-24T20:20:36","modified_gmt":"2023-08-24T20:20:36","slug":"mendoza-precisa-5-600-m-para-la-lucha-contra-la-polilla-de-la-vid-2023-2024-pero-solo-tiene-750-m","status":"publish","type":"post","link":"https:\/\/enolife.com.ar\/es\/mendoza-precisa-5-600-m-para-la-lucha-contra-la-polilla-de-la-vid-2023-2024-pero-solo-tiene-750-m\/","title":{"rendered":"Mendoza precisa $5.600 M para la lucha contra la polilla de la vid 2023\/2024 pero s\u00f3lo tiene $750 M"},"content":{"rendered":"\n<h4 class=\"wp-block-heading\"><em><strong>Seg\u00fan el c\u00e1lculo realizado por el Instituto de Sanidad y Calidad Agropecuaria de Mendoza (Iscamen) a fines de abril de este a\u00f1o, con un d\u00f3lar oficial a $236,50, para concretar la campa\u00f1a 2023\/2024 de lucha contra la plaga lobesia botrana en toda la provincia se necesitaban U$S15.270.000, que en esa fecha eran $3.600 millones pero que hoy, con un d\u00f3lar oficial a $365,50, son $5.600. <\/strong><\/em><\/h4>\n\n\n\n<hr class=\"wp-block-separator has-alpha-channel-opacity\"\/>\n\n\n\n<h4 class=\"wp-block-heading\"><em><strong>A mediados de julio, el gobierno de Mendoza le pidi\u00f3 los fondos a la Secretar\u00eda de Agricultura, Ganader\u00eda y Pesca de la Naci\u00f3n, pero a\u00fan esa repartici\u00f3n no contest\u00f3 ni envi\u00f3 el dinero. Entonces, Mendoza anunci\u00f3 en esos d\u00edas que destinar\u00eda a los preparativos de la campa\u00f1a $750 millones, en particular para ir comprando los caros difusores de feromonas. Es lo \u00fanico que se ha hecho en previsi\u00f3n de la campa\u00f1a, que debe comenzar a principios de noviembre. El problema serio es que la ley 27.227, que obligaba al gobierno nacional a enviar los fondos necesarios venci\u00f3 en 2022, y no hay novedades sobre la sanci\u00f3n de una nueva ley.<\/strong><\/em><\/h4>\n\n\n\n<div style=\"height:35px\" aria-hidden=\"true\" class=\"wp-block-spacer\"><\/div>\n\n\n<a href=\"https:\/\/www.linkedin.com\/company\/agrinet-sa\/?originalSubdomain=ar\" aria-label=\"1700X500\"><img loading=\"lazy\" decoding=\"async\" src=\"https:\/\/enolife.com.ar\/es\/wp-content\/uploads\/2021\/11\/1700X500.gif\" alt=\"\"  width=\"1700\" height=\"500\"   \/><\/a>\n\n\n<div style=\"height:45px\" aria-hidden=\"true\" class=\"wp-block-spacer\"><\/div>\n\n\n\n<p><em><strong>Por Pedro Straniero, editor de Enolife<\/strong><\/em><\/p>\n\n\n\n<div style=\"height:20px\" aria-hidden=\"true\" class=\"wp-block-spacer\"><\/div>\n\n\n\n<p>Ante la incertidumbre sobre el futuro env\u00edo de fondos desde el gobierno nacional, y la urgencia por planificar la campa\u00f1a 2023\/2024 de lucha contra el da\u00f1ino insecto lobesia botrana, m\u00e1s conocido como polilla de la vid, el <strong>gobierno de Mendoza, mediante la Resoluci\u00f3n 1.540 publicada en el Bolet\u00edn Oficial, asign\u00f3 $750.000.000 <\/strong>para ir adquiriendo <strong>difusores de feromonas<\/strong> y tenerlos disponible para la primera semana de noviembre, cuando habitualmente cada a\u00f1o comienza la lucha efectiva en los vi\u00f1edos mendocinos. Eso fue a mediados de julio, y calculado con un precio de referencia del d\u00f3lar en ese momento. Hoy, seguramente esa plata rinde un 30% menos. O sea, hay que recalcular.<\/p>\n\n\n\n<p>Con dificultades y todo, los operativos de control de la lobesia botrana, sostenidos en los \u00faltimos 6 a\u00f1os, han logrado mantener a raya al bicho en Mendoza y minimizar el da\u00f1o econ\u00f3mico.<\/p>\n\n\n\n<div style=\"height:30px\" aria-hidden=\"true\" class=\"wp-block-spacer\"><\/div>\n\n\n<div class=\"wp-block-image\">\n<figure class=\"aligncenter size-large is-resized\"><a href=\"https:\/\/enolife.com.ar\/es\/wp-content\/uploads\/2023\/08\/cuadro.jpg\" data-rel=\"penci-gallery-image-content\" ><img loading=\"lazy\" decoding=\"async\" src=\"https:\/\/enolife.com.ar\/es\/wp-content\/uploads\/2023\/08\/cuadro-1024x359.jpg\" alt=\"\" class=\"wp-image-100122\" width=\"702\" height=\"246\" srcset=\"https:\/\/enolife.com.ar\/es\/wp-content\/uploads\/2023\/08\/cuadro-1024x359.jpg 1024w, https:\/\/enolife.com.ar\/es\/wp-content\/uploads\/2023\/08\/cuadro-300x105.jpg 300w, https:\/\/enolife.com.ar\/es\/wp-content\/uploads\/2023\/08\/cuadro-768x269.jpg 768w, https:\/\/enolife.com.ar\/es\/wp-content\/uploads\/2023\/08\/cuadro-1170x411.jpg 1170w, https:\/\/enolife.com.ar\/es\/wp-content\/uploads\/2023\/08\/cuadro-585x205.jpg 585w, https:\/\/enolife.com.ar\/es\/wp-content\/uploads\/2023\/08\/cuadro.jpg 1234w\" sizes=\"auto, (max-width: 702px) 100vw, 702px\" \/><\/a><\/figure><\/div>\n\n\n<div style=\"height:30px\" aria-hidden=\"true\" class=\"wp-block-spacer\"><\/div>\n\n\n\n<p>El plan t\u00e9cnico, proyectado por el <strong>Programa de Control y Erradicaci\u00f3n de Lobesia botrana del Iscamen<\/strong>, precisaba <strong>$3.600 millones<\/strong>, seg\u00fan un c\u00e1lculo con un valor de referencia del d\u00f3lar a $236,50 a fines de abril pasado. Pero hoy, 23 de agosto, con ese d\u00f3lar a 365,50, los $3.600 millones se convierten en <strong>$5.600 millones.<\/strong> Es lo necesario para suprimir al m\u00e1ximo posible las poblaciones del insecto en la provincia. Adem\u00e1s, se calculaba -en julio- que se necesitar\u00edan <strong>$2.500 millones m\u00e1s<\/strong> para desarrollar un plan de control que logre sostener la actual situaci\u00f3n fitosanitaria, buscando evitar un incremento de las poblaciones de la plaga y su impacto sobre la producci\u00f3n.<\/p>\n\n\n\n<div style=\"height:25px\" aria-hidden=\"true\" class=\"wp-block-spacer\"><\/div>\n\n\n\n<h4 class=\"wp-block-heading has-vivid-red-color has-text-color\">En 2022, el presupuesto para combatir la polilla de la vid rond\u00f3 los $1.500 millones, financiado en un 45% por la Naci\u00f3n y el 55% por el gobierno de Mendoza y los propios productores.<\/h4>\n\n\n\n<div style=\"height:20px\" aria-hidden=\"true\" class=\"wp-block-spacer\"><\/div>\n\n\n\n<p>Pero m\u00e1s all\u00e1 de los c\u00e1lculos y actualizaciones del dinero necesario, lo cierto es que a la fecha no ha llegado a Mendoza un peso desde el gobierno de la Naci\u00f3n para tal fin. La situaci\u00f3n ya empieza a inquietar a los productores locales, y m\u00e1s porque ya en junio, la mism\u00edsima presidenta del <strong>Servicio Nacional de Sanidad y Calidad Agroalimentaria (Senasa)<\/strong>, <strong>Diana Guill\u00e9n<\/strong>, dec\u00eda en Mendoza que su organismo no pod\u00eda<strong> garantizar los recursos necesarios, y que estaba preocupada por la falta de disponibilidad de los insumos, <\/strong>mayormente importados.<\/p>\n\n\n\n<div style=\"height:21px\" aria-hidden=\"true\" class=\"wp-block-spacer\"><\/div>\n\n\n\n<blockquote class=\"wp-block-quote is-layout-flow wp-block-quote-is-layout-flow\">\n<p>Como cada a\u00f1o, todo pasa por los fondos para encarar la lucha contra la polilla.&nbsp;El no disponer de ellos es serio, y, como reconoci\u00f3 la presidenta de Senasa, que&nbsp;salgan para fin de a\u00f1o tampoco servir\u00eda.&nbsp;Necesitamos contar con ellos para agosto, con lo cual est\u00e1 complicado el panorama\u00bb.<\/p>\n<cite>Eduardo Senra, dirigente de la Uni\u00f3n Vitivin\u00edcola Argentina (UVA), en declaraciones a Sitio Andino a principios de junio de 2023.<\/cite><\/blockquote>\n\n\n\n<div style=\"height:29px\" aria-hidden=\"true\" class=\"wp-block-spacer\"><\/div>\n\n\n\n<p class=\"has-medium-font-size\"><strong>La t\u00e9cnica de confusi\u00f3n sexual, activa desde 2016<\/strong><\/p>\n\n\n\n<p>Seg\u00fan consigna el servicio de Prensa del gobierno de Mendoza en su p\u00e1gina web, \u00abel combate contra la plaga se inici\u00f3 en Mendoza en 2016, con la premisa del manejo integrado, que supone la combinaci\u00f3n de procedimientos, t\u00e9cnicas y herramientas para lograr resultados \u00f3ptimos con el menor impacto en el ambiente. El programa ha permitido sostener un control de la plaga por debajo del umbral de da\u00f1o econ\u00f3mico, es decir, que no implique una merma que genere riesgo en la producci\u00f3n\u00bb.<\/p>\n\n\n\n<p>\u00abPara ello -resume la informaci\u00f3n aportada por el Ministerio de Econom\u00eda de Mendoza y el Iscamen-, se han empleado herramientas de <strong>control activo, biol\u00f3gico, legales y de acci\u00f3n preventiva<\/strong> en los diversos oasis productivos de Mendoza. Entre ellas, asistencia con <strong>feromonas para la implementaci\u00f3n de la t\u00e9cnica de confusi\u00f3n sexual<\/strong>; asistencia con productos insecticidas espec\u00edficos para el control con tractopulverizador por parte de los productores; servicios de tratamientos a\u00e9reos con productos espec\u00edficos y de bajo impacto ambiental y feromonas pulverizables. Adem\u00e1s, se han incluido acciones y materiales de capacitaci\u00f3n para optimizar los recursos disponibles. Cada una de estas acciones se realizan en los momentos oportunos en t\u00e9rminos biol\u00f3gicos de la plaga y fenol\u00f3gico de las plantas de vid\u00bb.<\/p>\n\n\n\n<p>\u00abPara la presente campa\u00f1a -concluye la comunicaci\u00f3n- se busca dar continuidad a la estrategia validada y empleada en temporadas anteriores, priorizando un control sobre la plaga con el menor impacto en el ambiente\u00bb.<\/p>\n\n\n\n<div style=\"height:18px\" aria-hidden=\"true\" class=\"wp-block-spacer\"><\/div>\n\n\n\n<p class=\"has-small-font-size\"><em><strong>Fuentes: Gobierno de Mendoza y Sitio Andino<\/strong><\/em><\/p>\n\n\n\n<div style=\"height:20px\" aria-hidden=\"true\" class=\"wp-block-spacer\"><\/div>\n\n\n\n<div style=\"height:33px\" aria-hidden=\"true\" class=\"wp-block-spacer\"><\/div>\n","protected":false},"excerpt":{"rendered":"<p>Seg\u00fan el c\u00e1lculo realizado por el Instituto de Sanidad y Calidad Agropecuaria de Mendoza (Iscamen)&hellip;<\/p>\n","protected":false},"author":3,"featured_media":100124,"comment_status":"open","ping_status":"open","sticky":false,"template":"","format":"standard","meta":{"footnotes":""},"categories":[14],"tags":[],"class_list":["post-100109","post","type-post","status-publish","format-standard","has-post-thumbnail","hentry","category-news"],"_links":{"self":[{"href":"https:\/\/enolife.com.ar\/es\/wp-json\/wp\/v2\/posts\/100109","targetHints":{"allow":["GET"]}}],"collection":[{"href":"https:\/\/enolife.com.ar\/es\/wp-json\/wp\/v2\/posts"}],"about":[{"href":"https:\/\/enolife.com.ar\/es\/wp-json\/wp\/v2\/types\/post"}],"author":[{"embeddable":true,"href":"https:\/\/enolife.com.ar\/es\/wp-json\/wp\/v2\/users\/3"}],"replies":[{"embeddable":true,"href":"https:\/\/enolife.com.ar\/es\/wp-json\/wp\/v2\/comments?post=100109"}],"version-history":[{"count":0,"href":"https:\/\/enolife.com.ar\/es\/wp-json\/wp\/v2\/posts\/100109\/revisions"}],"wp:featuredmedia":[{"embeddable":true,"href":"https:\/\/enolife.com.ar\/es\/wp-json\/wp\/v2\/media\/100124"}],"wp:attachment":[{"href":"https:\/\/enolife.com.ar\/es\/wp-json\/wp\/v2\/media?parent=100109"}],"wp:term":[{"taxonomy":"category","embeddable":true,"href":"https:\/\/enolife.com.ar\/es\/wp-json\/wp\/v2\/categories?post=100109"},{"taxonomy":"post_tag","embeddable":true,"href":"https:\/\/enolife.com.ar\/es\/wp-json\/wp\/v2\/tags?post=100109"}],"curies":[{"name":"wp","href":"https:\/\/api.w.org\/{rel}","templated":true}]}}